{"id":1013,"date":"2021-06-09T08:14:03","date_gmt":"2021-06-09T07:14:03","guid":{"rendered":"http:\/\/fpsin.com\/?p=1013"},"modified":"2021-06-09T08:14:03","modified_gmt":"2021-06-09T07:14:03","slug":"camiseta-atletico-de-madrid-en-malaga","status":"publish","type":"post","link":"https:\/\/fpsin.com\/index.php\/2021\/06\/09\/camiseta-atletico-de-madrid-en-malaga\/","title":{"rendered":"camiseta atletico de madrid en malaga"},"content":{"rendered":"<p><a href=\"https:\/\/supervigo.com\/\"><img decoding=\"async\" style='clear:both; float:right; padding:10px 0px 10px 10px; border:0px; max-width: 345px;' src=\"https:\/\/cloud10.todocoleccion.online\/entradas-futbol\/tc\/2020\/06\/19\/00\/208792680.jpg\" \/><\/a> El tono moderado del director de relaciones institucionales no es el mismo que se transmite desde el club, donde una vez m\u00e1s se habla de enfado por las decisiones arbitrales. \u2191 Club, Athletic. \u00abPalmar\u00e9s del Athletic Club\u00bb. \u00abEnfrentamientos de Athletic y Real Sociedad en liga como visitante\u00bb. A nivel deportivo, Calder\u00f3n apost\u00f3 por competir en igualdad de condiciones con el Real Madrid y el F\u00fatbol Club Barcelona. Copa de la Reina quedaron subcampeonas al perder ante el Barcelona. Jos\u00e9 Luis N\u00fa\u00f1ez obtiene el apoyo de 25.441 socios ante los 17.609 de su rival, Sixte Cambra. \u2191 S\u00e1mano, Jos\u00e9 (29 de mayo de 2003). \u00abEl Milan reconquista la Copa\u00bb. \u2191 Agencia EFE (31 de mayo de 2009). \u00abEl Milan consigue el acceso directo a la Liga de Campeones\u00bb. \u2191 Agencia EFE (25 de junio de 2013). \u00abYa es oficial: Ancelotti, nuevo entrenador del Real Madrid\u00bb. El 11 de junio de 2016, Ancelotti fue presentado oficialmente como entrenador del Bayern de M\u00fanich por Karl-Heinz Rummenigge. El 25 de junio de 2013, Ancelotti fue confirmado como nuevo entrenador del Real Madrid. \u2191 Licari, Fabio (18 de junio de 2001). \u00abEn Italia empieza el baile de entrenadores\u00bb (PDF). \u2191 Licari, Fabio (6 de noviembre de 2001). \u00abEl Milan echa a Terim y ficha a Ancelotti\u00bb (PDF).<\/p>\n<p> \u2191 Licari, Fabio (9 de febrero de 1999). \u00abLippisucci\u00f3n de la &#8216;Vecchia Signora&#8217;\u00bb (PDF). \u2191 \u00abCarlo Ancelotti entrenar\u00e1 a la Reggiana\u00bb (PDF). Carlo Ancelotti se convirti\u00f3 a su vez en una de las siete personas que han conseguido ganar el t\u00edtulo m\u00e1ximo de clubes europeos como jugador y como entrenador. Fue en la Europa League en la que el Athletic escribi\u00f3 una de las p\u00e1ginas doradas de su historia, consiguiendo acceder a las eliminatorias como primero de grupo sin perder ning\u00fan partido. Champions doce a\u00f1os despu\u00e9s de la \u00faltima, la d\u00e9cima Copa de Europa del conjunto blanco, la quinta en su carrera en general y la tercera como entrenador. 2005 vio c\u00f3mo se le escap\u00f3 el t\u00edtulo de campe\u00f3n de Europa tras ir ganando por 3-0 al Liverpool, y al final, tras una heroica remontada del equipo ingl\u00e9s, el Milan cay\u00f3 en la tanda de penaltis. En 2007 se repiti\u00f3 la misma final de la Champions League y esta vez s\u00ed se impuso el Milan al Liverpool, tom\u00e1ndose la revancha por 2-1 y conquistando as\u00ed Ancelotti su segundo t\u00edtulo de la m\u00e1xima competici\u00f3n europea.<\/p>\n<p> El 21 de diciembre de 2019, el Everton FC comunic\u00f3 que hab\u00eda llegado a un acuerdo con Ancelotti para ocupar su banquillo durante los pr\u00f3ximos 4 a\u00f1os y medio. Entr\u00f3 siendo un ni\u00f1o en las categor\u00edas inferiores y logr\u00f3 llegar a debutar un 22 de diciembre de 2005, ante Osasuna, con el primer equipo. Valencia, el equipo se quedaba sin opciones de ganar la Liga. Cualquiera de los cuatro pod\u00eda haber sido llamado, pero al final siempre han ganado peso otras opciones. \u2191 \u00abMessi se apunta al &#8216;hat-trick&#8217;: tres en los \u00faltimos cuatro partidos\u00bb. El ganador de un partido obtiene tres puntos, el perdedor no suma puntos, y en caso de un empate hay un punto para cada equipo. El equipo blanco termin\u00f3 la primera vuelta de la Liga en tercer puesto, a tres puntos del l\u00edder. \u2191 a b \u00abOtro r\u00e9cord para el equipo m\u00e1s temido\u00bb (PDF). El r\u00e9cord anterior fue hecho por Jimmy Floyd Hasselbaink, quien hizo 17 goles en 19 partidos. En su primera temporada consigui\u00f3 el doblete (la Premier League, marcando m\u00e1s de 100 goles y que se le resist\u00eda al equipo blue desde 2006; y la FA Cup). Pero poco despu\u00e9s, en noviembre de 2001, fue fichado por el poderoso AC Milan para sustituir a Fatih Terim en la direcci\u00f3n t\u00e9cnica del primer equipo.<\/p>\n<p> \u2191 \u00abAl Milan anche la Coppa Italia\u00bb. \u2191 Polo, P.; Molina, R. (18 de enero de 2014). \u00ab500 victorias de Ancelotti\u00bb. El 18 de enero de 2014, Ancelotti consigui\u00f3 su quingent\u00e9sima victoria como entrenador profesional. \u2191 Bautista, Jorge (12 de enero de 2014). \u00abEl Real Madrid derrota al Espanyol gracias a Pepe y se pone a tres puntos del liderato\u00bb. \u2191 Gil, Alfonso (16 de abril de 2014). \u00abEl Madrid se lleva la Copa y deja al Barcelona hundido\u00bb. \u2191 Agencia EFE (25 de abril de 2005). \u00abEl Liverpool de Rafa Ben\u00edtez conquista Europa de forma heroica\u00bb. \u2191 Agencia EFE (30 de diciembre de 2011). \u00abAncelotti, nuevo t\u00e9cnico del PSG; Kombouare, destituido\u00bb. El 10 de diciembre de 2019, tras obtener la clasificaci\u00f3n para octavos de final de la Liga de Campeones pero ocupando la 7\u00aa posici\u00f3n de la Serie A, el club confirm\u00f3 la destituci\u00f3n de Ancelotti, siendo sustituido por Gennaro Gattuso. En la Copa de Francia y la Liga de Campeones, fue eliminado en cuartos de final.<\/p>\n<p> Es considerado una leyenda en el Atl\u00e9tico de Madrid de la Liga Santander de Espa\u00f1a. Gol: 0-1, m. 84: Vietto culmina una jugada individual. Recoge Le Parisien que el club franc\u00e9s est\u00e1 promoviendo una campa\u00f1a de sensibilizaci\u00f3n para lograr que sus aficionados donen dinero a Albania tras el terremoto que sufri\u00f3 hace m\u00e1s de una semana. El 15 de noviembre de 1903, se convoc\u00f3 una junta para disolver el club. El debut con su nuevo club se produjo el 20 de agosto en la victoria por dos a cero ante el Osasuna correspondiente a la primera jornada de Liga. \u2191 Forjanes, Carlos (7 de agosto de 2013). \u00abCarlo Ancelotti le brind\u00f3 al Chelsea su \u00fanico doblete\u00bb. En agosto consigui\u00f3 la Supercopa de Alemania, logrando t\u00edtulos oficiales en cinco pa\u00edses diferentes. Se le escap\u00f3 la Supercopa de Espa\u00f1a, pero acab\u00f3 el a\u00f1o sumando su cuarto trofeo, el Mundial de Clubes, tras imponerse 2-0 en la final.<\/p>\n<p>Aqu\u00ed hay m\u00e1s informaci\u00f3n sobre <A href = \"https:\/\/supervigo.com\/es_ES\/taxons\/atletico-de-madrid-es-05\">tercera equipacion atletico de madrid 2021<\/A> eche un vistazo a nuestra p\u00e1gina web.<\/p>\n","protected":false},"excerpt":{"rendered":"<p>El tono moderado del director de relaciones institucionales no es el mismo que se transmite desde el club, donde una vez m\u00e1s se habla de enfado por las decisiones arbitrales. \u2191 Club, Athletic. \u00abPalmar\u00e9s del Athletic Club\u00bb. \u00abEnfrentamientos de Athletic y Real Sociedad en liga como visitante\u00bb. A nivel deportivo, Calder\u00f3n apost\u00f3 por competir en [&hellip;]<\/p>\n","protected":false},"author":1,"featured_media":0,"comment_status":"open","ping_status":"open","sticky":false,"template":"","format":"standard","meta":{"footnotes":""},"categories":[1],"tags":[623,622,197],"class_list":["post-1013","post","type-post","status-publish","format-standard","hentry","category-uncategorized","tag-camiseta-amarilla-atletico-madrid","tag-camiseta-atletico-de-madrid-zalando","tag-entradas-atletico-de-madrid-vs-inter-de-milan"],"blocksy_meta":[],"yoast_head":"<!-- This site is optimized with the Yoast SEO plugin v25.8 - https:\/\/yoast.com\/wordpress\/plugins\/seo\/ -->\n<title>camiseta atletico de madrid en malaga - Camiseta de f\u00fatbol Atletico de Madrid 2024 2025 - SuperVigo<\/title>\n<meta name=\"robots\" content=\"index, follow, max-snippet:-1, max-image-preview:large, max-video-preview:-1\" \/>\n<link rel=\"canonical\" href=\"https:\/\/fpsin.com\/index.php\/2021\/06\/09\/camiseta-atletico-de-madrid-en-malaga\/\" \/>\n<meta property=\"og:locale\" content=\"es_ES\" \/>\n<meta property=\"og:type\" content=\"article\" \/>\n<meta property=\"og:title\" content=\"camiseta atletico de madrid en malaga - Camiseta de f\u00fatbol Atletico de Madrid 2024 2025 - SuperVigo\" \/>\n<meta property=\"og:description\" content=\"El tono moderado del director de relaciones institucionales no es el mismo que se transmite desde el club, donde una vez m\u00e1s se habla de enfado por las decisiones arbitrales. \u2191 Club, Athletic. \u00abPalmar\u00e9s del Athletic Club\u00bb. \u00abEnfrentamientos de Athletic y Real Sociedad en liga como visitante\u00bb. A nivel deportivo, Calder\u00f3n apost\u00f3 por competir en [&hellip;]\" \/>\n<meta property=\"og:url\" content=\"https:\/\/fpsin.com\/index.php\/2021\/06\/09\/camiseta-atletico-de-madrid-en-malaga\/\" \/>\n<meta property=\"og:site_name\" content=\"Camiseta de f\u00fatbol Atletico de Madrid 2024 2025 - SuperVigo\" \/>\n<meta property=\"article:published_time\" content=\"2021-06-09T07:14:03+00:00\" \/>\n<meta property=\"og:image\" content=\"https:\/\/cloud10.todocoleccion.online\/entradas-futbol\/tc\/2020\/06\/19\/00\/208792680.jpg\" \/>\n<meta name=\"author\" content=\"istern\" \/>\n<meta name=\"twitter:card\" content=\"summary_large_image\" \/>\n<meta name=\"twitter:label1\" content=\"Escrito por\" \/>\n\t<meta name=\"twitter:data1\" content=\"istern\" \/>\n\t<meta name=\"twitter:label2\" content=\"Tiempo de lectura\" \/>\n\t<meta name=\"twitter:data2\" content=\"5 minutos\" \/>\n<script type=\"application\/ld+json\" class=\"yoast-schema-graph\">{\"@context\":\"https:\/\/schema.org\",\"@graph\":[{\"@type\":\"WebPage\",\"@id\":\"https:\/\/fpsin.com\/index.php\/2021\/06\/09\/camiseta-atletico-de-madrid-en-malaga\/\",\"url\":\"https:\/\/fpsin.com\/index.php\/2021\/06\/09\/camiseta-atletico-de-madrid-en-malaga\/\",\"name\":\"camiseta atletico de madrid en malaga - Camiseta de f\u00fatbol Atletico de Madrid 2024 2025 - SuperVigo\",\"isPartOf\":{\"@id\":\"https:\/\/fpsin.com\/#website\"},\"primaryImageOfPage\":{\"@id\":\"https:\/\/fpsin.com\/index.php\/2021\/06\/09\/camiseta-atletico-de-madrid-en-malaga\/#primaryimage\"},\"image\":{\"@id\":\"https:\/\/fpsin.com\/index.php\/2021\/06\/09\/camiseta-atletico-de-madrid-en-malaga\/#primaryimage\"},\"thumbnailUrl\":\"https:\/\/cloud10.todocoleccion.online\/entradas-futbol\/tc\/2020\/06\/19\/00\/208792680.jpg\",\"datePublished\":\"2021-06-09T07:14:03+00:00\",\"author\":{\"@id\":\"https:\/\/fpsin.com\/#\/schema\/person\/5ff6c0f8eeacd83e877f7ff3643206c1\"},\"breadcrumb\":{\"@id\":\"https:\/\/fpsin.com\/index.php\/2021\/06\/09\/camiseta-atletico-de-madrid-en-malaga\/#breadcrumb\"},\"inLanguage\":\"es\",\"potentialAction\":[{\"@type\":\"ReadAction\",\"target\":[\"https:\/\/fpsin.com\/index.php\/2021\/06\/09\/camiseta-atletico-de-madrid-en-malaga\/\"]}]},{\"@type\":\"ImageObject\",\"inLanguage\":\"es\",\"@id\":\"https:\/\/fpsin.com\/index.php\/2021\/06\/09\/camiseta-atletico-de-madrid-en-malaga\/#primaryimage\",\"url\":\"https:\/\/cloud10.todocoleccion.online\/entradas-futbol\/tc\/2020\/06\/19\/00\/208792680.jpg\",\"contentUrl\":\"https:\/\/cloud10.todocoleccion.online\/entradas-futbol\/tc\/2020\/06\/19\/00\/208792680.jpg\"},{\"@type\":\"BreadcrumbList\",\"@id\":\"https:\/\/fpsin.com\/index.php\/2021\/06\/09\/camiseta-atletico-de-madrid-en-malaga\/#breadcrumb\",\"itemListElement\":[{\"@type\":\"ListItem\",\"position\":1,\"name\":\"Portada\",\"item\":\"https:\/\/fpsin.com\/\"},{\"@type\":\"ListItem\",\"position\":2,\"name\":\"camiseta atletico de madrid en malaga\"}]},{\"@type\":\"WebSite\",\"@id\":\"https:\/\/fpsin.com\/#website\",\"url\":\"https:\/\/fpsin.com\/\",\"name\":\"Camiseta de f\u00fatbol Atletico de Madrid 2024 2025 - SuperVigo\",\"description\":\"Camiseta de Atl\u00e9tico de Madrid - Ofrecemos camiseta del Atl\u00e9tico de Madrid 2024 2025 para adultos y ni\u00f1os. Env\u00edo gratis desde 69\u20ac y personalizar Gratis.\",\"potentialAction\":[{\"@type\":\"SearchAction\",\"target\":{\"@type\":\"EntryPoint\",\"urlTemplate\":\"https:\/\/fpsin.com\/?s={search_term_string}\"},\"query-input\":{\"@type\":\"PropertyValueSpecification\",\"valueRequired\":true,\"valueName\":\"search_term_string\"}}],\"inLanguage\":\"es\"},{\"@type\":\"Person\",\"@id\":\"https:\/\/fpsin.com\/#\/schema\/person\/5ff6c0f8eeacd83e877f7ff3643206c1\",\"name\":\"istern\",\"image\":{\"@type\":\"ImageObject\",\"inLanguage\":\"es\",\"@id\":\"https:\/\/fpsin.com\/#\/schema\/person\/image\/\",\"url\":\"https:\/\/secure.gravatar.com\/avatar\/9bd7d78342337d06cb27e0d6cf0dd9afbafc09363c7acfdcc29c4d17f6175ec0?s=96&d=mm&r=g\",\"contentUrl\":\"https:\/\/secure.gravatar.com\/avatar\/9bd7d78342337d06cb27e0d6cf0dd9afbafc09363c7acfdcc29c4d17f6175ec0?s=96&d=mm&r=g\",\"caption\":\"istern\"},\"sameAs\":[\"https:\/\/fpsin.com\"],\"url\":\"https:\/\/fpsin.com\/index.php\/author\/Quetzalxochitl\/\"}]}<\/script>\n<!-- \/ Yoast SEO plugin. -->","yoast_head_json":{"title":"camiseta atletico de madrid en malaga - Camiseta de f\u00fatbol Atletico de Madrid 2024 2025 - SuperVigo","robots":{"index":"index","follow":"follow","max-snippet":"max-snippet:-1","max-image-preview":"max-image-preview:large","max-video-preview":"max-video-preview:-1"},"canonical":"https:\/\/fpsin.com\/index.php\/2021\/06\/09\/camiseta-atletico-de-madrid-en-malaga\/","og_locale":"es_ES","og_type":"article","og_title":"camiseta atletico de madrid en malaga - Camiseta de f\u00fatbol Atletico de Madrid 2024 2025 - SuperVigo","og_description":"El tono moderado del director de relaciones institucionales no es el mismo que se transmite desde el club, donde una vez m\u00e1s se habla de enfado por las decisiones arbitrales. \u2191 Club, Athletic. \u00abPalmar\u00e9s del Athletic Club\u00bb. \u00abEnfrentamientos de Athletic y Real Sociedad en liga como visitante\u00bb. A nivel deportivo, Calder\u00f3n apost\u00f3 por competir en [&hellip;]","og_url":"https:\/\/fpsin.com\/index.php\/2021\/06\/09\/camiseta-atletico-de-madrid-en-malaga\/","og_site_name":"Camiseta de f\u00fatbol Atletico de Madrid 2024 2025 - SuperVigo","article_published_time":"2021-06-09T07:14:03+00:00","og_image":[{"url":"https:\/\/cloud10.todocoleccion.online\/entradas-futbol\/tc\/2020\/06\/19\/00\/208792680.jpg","type":"","width":"","height":""}],"author":"istern","twitter_card":"summary_large_image","twitter_misc":{"Escrito por":"istern","Tiempo de lectura":"5 minutos"},"schema":{"@context":"https:\/\/schema.org","@graph":[{"@type":"WebPage","@id":"https:\/\/fpsin.com\/index.php\/2021\/06\/09\/camiseta-atletico-de-madrid-en-malaga\/","url":"https:\/\/fpsin.com\/index.php\/2021\/06\/09\/camiseta-atletico-de-madrid-en-malaga\/","name":"camiseta atletico de madrid en malaga - Camiseta de f\u00fatbol Atletico de Madrid 2024 2025 - SuperVigo","isPartOf":{"@id":"https:\/\/fpsin.com\/#website"},"primaryImageOfPage":{"@id":"https:\/\/fpsin.com\/index.php\/2021\/06\/09\/camiseta-atletico-de-madrid-en-malaga\/#primaryimage"},"image":{"@id":"https:\/\/fpsin.com\/index.php\/2021\/06\/09\/camiseta-atletico-de-madrid-en-malaga\/#primaryimage"},"thumbnailUrl":"https:\/\/cloud10.todocoleccion.online\/entradas-futbol\/tc\/2020\/06\/19\/00\/208792680.jpg","datePublished":"2021-06-09T07:14:03+00:00","author":{"@id":"https:\/\/fpsin.com\/#\/schema\/person\/5ff6c0f8eeacd83e877f7ff3643206c1"},"breadcrumb":{"@id":"https:\/\/fpsin.com\/index.php\/2021\/06\/09\/camiseta-atletico-de-madrid-en-malaga\/#breadcrumb"},"inLanguage":"es","potentialAction":[{"@type":"ReadAction","target":["https:\/\/fpsin.com\/index.php\/2021\/06\/09\/camiseta-atletico-de-madrid-en-malaga\/"]}]},{"@type":"ImageObject","inLanguage":"es","@id":"https:\/\/fpsin.com\/index.php\/2021\/06\/09\/camiseta-atletico-de-madrid-en-malaga\/#primaryimage","url":"https:\/\/cloud10.todocoleccion.online\/entradas-futbol\/tc\/2020\/06\/19\/00\/208792680.jpg","contentUrl":"https:\/\/cloud10.todocoleccion.online\/entradas-futbol\/tc\/2020\/06\/19\/00\/208792680.jpg"},{"@type":"BreadcrumbList","@id":"https:\/\/fpsin.com\/index.php\/2021\/06\/09\/camiseta-atletico-de-madrid-en-malaga\/#breadcrumb","itemListElement":[{"@type":"ListItem","position":1,"name":"Portada","item":"https:\/\/fpsin.com\/"},{"@type":"ListItem","position":2,"name":"camiseta atletico de madrid en malaga"}]},{"@type":"WebSite","@id":"https:\/\/fpsin.com\/#website","url":"https:\/\/fpsin.com\/","name":"Camiseta de f\u00fatbol Atletico de Madrid 2024 2025 - SuperVigo","description":"Camiseta de Atl\u00e9tico de Madrid - Ofrecemos camiseta del Atl\u00e9tico de Madrid 2024 2025 para adultos y ni\u00f1os. Env\u00edo gratis desde 69\u20ac y personalizar Gratis.","potentialAction":[{"@type":"SearchAction","target":{"@type":"EntryPoint","urlTemplate":"https:\/\/fpsin.com\/?s={search_term_string}"},"query-input":{"@type":"PropertyValueSpecification","valueRequired":true,"valueName":"search_term_string"}}],"inLanguage":"es"},{"@type":"Person","@id":"https:\/\/fpsin.com\/#\/schema\/person\/5ff6c0f8eeacd83e877f7ff3643206c1","name":"istern","image":{"@type":"ImageObject","inLanguage":"es","@id":"https:\/\/fpsin.com\/#\/schema\/person\/image\/","url":"https:\/\/secure.gravatar.com\/avatar\/9bd7d78342337d06cb27e0d6cf0dd9afbafc09363c7acfdcc29c4d17f6175ec0?s=96&d=mm&r=g","contentUrl":"https:\/\/secure.gravatar.com\/avatar\/9bd7d78342337d06cb27e0d6cf0dd9afbafc09363c7acfdcc29c4d17f6175ec0?s=96&d=mm&r=g","caption":"istern"},"sameAs":["https:\/\/fpsin.com"],"url":"https:\/\/fpsin.com\/index.php\/author\/Quetzalxochitl\/"}]}},"_links":{"self":[{"href":"https:\/\/fpsin.com\/index.php\/wp-json\/wp\/v2\/posts\/1013","targetHints":{"allow":["GET"]}}],"collection":[{"href":"https:\/\/fpsin.com\/index.php\/wp-json\/wp\/v2\/posts"}],"about":[{"href":"https:\/\/fpsin.com\/index.php\/wp-json\/wp\/v2\/types\/post"}],"author":[{"embeddable":true,"href":"https:\/\/fpsin.com\/index.php\/wp-json\/wp\/v2\/users\/1"}],"replies":[{"embeddable":true,"href":"https:\/\/fpsin.com\/index.php\/wp-json\/wp\/v2\/comments?post=1013"}],"version-history":[{"count":1,"href":"https:\/\/fpsin.com\/index.php\/wp-json\/wp\/v2\/posts\/1013\/revisions"}],"predecessor-version":[{"id":1014,"href":"https:\/\/fpsin.com\/index.php\/wp-json\/wp\/v2\/posts\/1013\/revisions\/1014"}],"wp:attachment":[{"href":"https:\/\/fpsin.com\/index.php\/wp-json\/wp\/v2\/media?parent=1013"}],"wp:term":[{"taxonomy":"category","embeddable":true,"href":"https:\/\/fpsin.com\/index.php\/wp-json\/wp\/v2\/categories?post=1013"},{"taxonomy":"post_tag","embeddable":true,"href":"https:\/\/fpsin.com\/index.php\/wp-json\/wp\/v2\/tags?post=1013"}],"curies":[{"name":"wp","href":"https:\/\/api.w.org\/{rel}","templated":true}]}}