{"id":1123,"date":"2021-06-09T08:26:18","date_gmt":"2021-06-09T07:26:18","guid":{"rendered":"http:\/\/fpsin.com\/?p=1123"},"modified":"2021-06-09T08:26:18","modified_gmt":"2021-06-09T07:26:18","slug":"equipacion-atletico-de-madrid-2019","status":"publish","type":"post","link":"https:\/\/fpsin.com\/index.php\/2021\/06\/09\/equipacion-atletico-de-madrid-2019\/","title":{"rendered":"equipacion atletico de madrid 2019"},"content":{"rendered":"<p> Valencia, M\u00e1laga y Real Madrid, s\u00e9ptimo, sexto y quinto respectivamente, se encontraban a tres puntos. Su debut se producir\u00eda el 3 de octubre en un partido de liga contra el Deportivo de La Coru\u00f1a que fue ganado por 6-1 por el Real Madrid. El 29 de abril de 1984 el equipo bilba\u00edno logr\u00f3 una victoria (2-1) en la \u00faltima jornada de liga, gracias a los goles de \u00cd\u00f1igo Liceranzu, que permitieron obtener el t\u00edtulo liguero. En la temporada 2015-16 se consolid\u00f3 en el equipo titular, saliendo de inicio en 40 de los 48 partidos que disput\u00f3, adem\u00e1s de marcar nueve goles. Una vez acabada la temporada y tras conseguir la salvaci\u00f3n con el equipo ma\u00f1o, el jugador afirma que lleg\u00f3 al Real Zaragoza cedido por el Sporting de Braga portugu\u00e9s, pero desconoce los a\u00f1os de esa cesi\u00f3n. \u2191 \u00abRonaldo alcanza a Gento como m\u00e1ximo goleador del Real Madrid\u00bb. \u00abEsperpento Juan Carlos: es del Braga y no lleg\u00f3 su transfer\u00bb. \u00abEl Zaragoza recibe el tr\u00e1nsfer de Juan Carlos del Sporting de Braga\u00bb.<\/p>\n<p> \u2191 \u00abEl juez absuelve a los futbolistas del ama\u00f1o en el Levante-Zaragoza y condena a dos directivos del club aragon\u00e9s\u00bb. \u2191 \u00abEl Atl\u00e9tico de Madrid se apunta a la UEFA tras vencer al Gloria Bistrita\u00bb. Para la nueva temporada, Simao ve al uruguayo Diego Forl\u00e1n y al argentino Sergio &#8216;Kun&#8217; Ag\u00fcero en el Atl\u00e9tico. El equipo entrenado por Diego Simeone, finalista en 2014 y 2016 semifinalista la temporada pasada, se enfrenta al AS Roma el mi\u00e9rcoles y clasificarse para octavos de final ya est\u00e1 fuera de su alcance. Lo hizo con un equipo plagado de jugadores del filial y cayendo contra todo pron\u00f3stico ante el modesto CFR Cluj de Rumania. Miles de curiosos se dejaron sorprender por la velocidad del monoplaza, el rugido del motor y el humo blanco que adivin\u00f3 el creciente desgaste de los neum\u00e1ticos ante los sonoros giros, trompos y derrapes. Era la figura, el motor y el goleador indiscutible del equipo a\u00f1o tras a\u00f1o. Gil Mar\u00edn dijo que Wanda es \u00abun socio ideal porque su presidente aprecia valores como el esfuerzo o el trabajo en equipo\u00bb.<\/p>\n<p> Victoria vital y muy sufrida del Atl\u00e9tico de Madrid, que tuvo que remontar frente a Osasuna en el Wanda Metropolitano. Fue inaugurado el 13 de septiembre de 1995 durante un partido amistoso entre el CF Rayo Majadahonda y el Atl\u00e9tico de Madrid. La Copa de los Campeones de Espa\u00f1a no se incluye en la lista al ser un torneo amistoso no organizado por la RFEF. En el marco internacional, Boca fue ganador tres veces (2004, 2005 y 2006) del Campeonato Sudamericano de Clubes Campeones. Mundo Deportivo: 2. 25 de mayo de 2006. \u00abJavier Aguirre fue presentado y mostr\u00f3 ilusi\u00f3n en el nuevo proyecto\u00bb. \u2191 Terrats, Juan (16 de mayo de 2014). \u00abAguirre confirma su marcha del Espanyol\u00bb. \u2191 Sanz, \u00d3scar (12 de mayo de 2008). \u00abEl Atl\u00e9tico vuelve a ser grande\u00bb. \u2191 Garc\u00eda, \u00d3scar (17 de junio de 2002). \u00abLa revancha de El \u00c1lamo\u00bb. \u2191 Aguilar, Francesc (18 de junio de 2002). \u00abEE.UU. \u2191 Monreal, F. (20 de julio de 2002). \u00abAguirre se siente \u201ccomo en casa\u201d\u00bb (PDF).<\/p>\n<p><a HREF=\"https:\/\/supervigo.com\/es_ES\/taxons\/atletico-de-madrid-es-05\"><a href=\"https:\/\/supervigo.com\/\" ><a href=\"https:\/\/supervigo.com\/\"><img decoding=\"async\" src=\"https:\/\/pbs.twimg.com\/media\/ESRUWkFWAAES4oc?format=jpgu0026name=large\" alt=\"Primeras fotograf\u00edas de la camiseta del Atl\u00e9tico de Madrid 2020\/21\" style=\"clear:both; float:left; padding:10px 10px 10px 0px;border:0px; max-width: 390px;\" \/><\/a><\/a><\/a> \u2191 Agencia EFE (27 de julio de 2009). \u00abM\u00e9xico levanta la Copa de Oro\u00bb. \u2191 Agencia EFE (29 de noviembre de 2012). \u00ab&#8217;Vamos contrarreloj y tendremos que hacer lo que haga falta&#8217;\u00bb. \u2191 Art\u00fas, Jos\u00e9 Luis (28 de noviembre de 2012). \u00abAs\u00ed se salv\u00f3 el Zaragoza de Aguirre\u00bb. \u2191 Agencia EFE (28 de noviembre de 2012). \u00abEl Espanyol anuncia el fichaje del t\u00e9cnico Javier Aguirre\u00bb. \u2191 Agencia EFE (30 de junio de 2010). \u00abAguirre renuncia a seguir como t\u00e9cnico de M\u00e9xico\u00bb. \u2191 FIFA, ed. (18 de noviembre de 2010). \u00abVuelve el \u00abVasco\u00bb Aguirre\u00bb. \u2191 Vidal, Oriol (28 de noviembre de 2013). \u00abLes perles d&#8217;Aguirre en el seu primer any\u00bb. \u2191 Rom\u00e1n, Rogelio (12 de febrero de 2013). \u00abMilagro Aguirre en el Espanyol\u00bb. \u2191 DPA (2 de febrero de 2009). \u00abEl Atl\u00e9tico destituye a Aguirre\u00bb. \u2191 Agencia EFE (4 de abril de 2009). \u00abJavier Aguirre vuelve a la selecci\u00f3n mexicana\u00bb. \u2191 Flores, Alfredo (5 de abril de 2009). \u00abAguirre vuelve a la selecci\u00f3n por deseo de Felipe Calder\u00f3n\u00bb (PDF).<\/p>\n","protected":false},"excerpt":{"rendered":"<p>Valencia, M\u00e1laga y Real Madrid, s\u00e9ptimo, sexto y quinto respectivamente, se encontraban a tres puntos. Su debut se producir\u00eda el 3 de octubre en un partido de liga contra el Deportivo de La Coru\u00f1a que fue ganado por 6-1 por el Real Madrid. El 29 de abril de 1984 el equipo bilba\u00edno logr\u00f3 una victoria [&hellip;]<\/p>\n","protected":false},"author":1,"featured_media":0,"comment_status":"open","ping_status":"open","sticky":false,"template":"","format":"standard","meta":{"footnotes":""},"categories":[1],"tags":[687,688,388],"class_list":["post-1123","post","type-post","status-publish","format-standard","hentry","category-uncategorized","tag-atletico-de-madrid-camiseta-retro","tag-entradas-atletico-de-madrid-wanda","tag-escuela-de-futbol-atletico-de-madrid-puebla"],"blocksy_meta":[],"yoast_head":"<!-- This site is optimized with the Yoast SEO plugin v25.8 - https:\/\/yoast.com\/wordpress\/plugins\/seo\/ -->\n<title>equipacion atletico de madrid 2019 - Camiseta de f\u00fatbol Atletico de Madrid 2024 2025 - SuperVigo<\/title>\n<meta name=\"robots\" content=\"index, follow, max-snippet:-1, max-image-preview:large, max-video-preview:-1\" \/>\n<link rel=\"canonical\" href=\"https:\/\/fpsin.com\/index.php\/2021\/06\/09\/equipacion-atletico-de-madrid-2019\/\" \/>\n<meta property=\"og:locale\" content=\"es_ES\" \/>\n<meta property=\"og:type\" content=\"article\" \/>\n<meta property=\"og:title\" content=\"equipacion atletico de madrid 2019 - Camiseta de f\u00fatbol Atletico de Madrid 2024 2025 - SuperVigo\" \/>\n<meta property=\"og:description\" content=\"Valencia, M\u00e1laga y Real Madrid, s\u00e9ptimo, sexto y quinto respectivamente, se encontraban a tres puntos. Su debut se producir\u00eda el 3 de octubre en un partido de liga contra el Deportivo de La Coru\u00f1a que fue ganado por 6-1 por el Real Madrid. El 29 de abril de 1984 el equipo bilba\u00edno logr\u00f3 una victoria [&hellip;]\" \/>\n<meta property=\"og:url\" content=\"https:\/\/fpsin.com\/index.php\/2021\/06\/09\/equipacion-atletico-de-madrid-2019\/\" \/>\n<meta property=\"og:site_name\" content=\"Camiseta de f\u00fatbol Atletico de Madrid 2024 2025 - SuperVigo\" \/>\n<meta property=\"article:published_time\" content=\"2021-06-09T07:26:18+00:00\" \/>\n<meta property=\"og:image\" content=\"https:\/\/pbs.twimg.com\/media\/ESRUWkFWAAES4oc?format=jpgu0026name=large\" \/>\n<meta name=\"author\" content=\"istern\" \/>\n<meta name=\"twitter:card\" content=\"summary_large_image\" \/>\n<meta name=\"twitter:label1\" content=\"Escrito por\" \/>\n\t<meta name=\"twitter:data1\" content=\"istern\" \/>\n\t<meta name=\"twitter:label2\" content=\"Tiempo de lectura\" \/>\n\t<meta name=\"twitter:data2\" content=\"3 minutos\" \/>\n<script type=\"application\/ld+json\" class=\"yoast-schema-graph\">{\"@context\":\"https:\/\/schema.org\",\"@graph\":[{\"@type\":\"WebPage\",\"@id\":\"https:\/\/fpsin.com\/index.php\/2021\/06\/09\/equipacion-atletico-de-madrid-2019\/\",\"url\":\"https:\/\/fpsin.com\/index.php\/2021\/06\/09\/equipacion-atletico-de-madrid-2019\/\",\"name\":\"equipacion atletico de madrid 2019 - Camiseta de f\u00fatbol Atletico de Madrid 2024 2025 - SuperVigo\",\"isPartOf\":{\"@id\":\"https:\/\/fpsin.com\/#website\"},\"primaryImageOfPage\":{\"@id\":\"https:\/\/fpsin.com\/index.php\/2021\/06\/09\/equipacion-atletico-de-madrid-2019\/#primaryimage\"},\"image\":{\"@id\":\"https:\/\/fpsin.com\/index.php\/2021\/06\/09\/equipacion-atletico-de-madrid-2019\/#primaryimage\"},\"thumbnailUrl\":\"https:\/\/pbs.twimg.com\/media\/ESRUWkFWAAES4oc?format=jpgu0026name=large\",\"datePublished\":\"2021-06-09T07:26:18+00:00\",\"author\":{\"@id\":\"https:\/\/fpsin.com\/#\/schema\/person\/5ff6c0f8eeacd83e877f7ff3643206c1\"},\"breadcrumb\":{\"@id\":\"https:\/\/fpsin.com\/index.php\/2021\/06\/09\/equipacion-atletico-de-madrid-2019\/#breadcrumb\"},\"inLanguage\":\"es\",\"potentialAction\":[{\"@type\":\"ReadAction\",\"target\":[\"https:\/\/fpsin.com\/index.php\/2021\/06\/09\/equipacion-atletico-de-madrid-2019\/\"]}]},{\"@type\":\"ImageObject\",\"inLanguage\":\"es\",\"@id\":\"https:\/\/fpsin.com\/index.php\/2021\/06\/09\/equipacion-atletico-de-madrid-2019\/#primaryimage\",\"url\":\"https:\/\/pbs.twimg.com\/media\/ESRUWkFWAAES4oc?format=jpgu0026name=large\",\"contentUrl\":\"https:\/\/pbs.twimg.com\/media\/ESRUWkFWAAES4oc?format=jpgu0026name=large\"},{\"@type\":\"BreadcrumbList\",\"@id\":\"https:\/\/fpsin.com\/index.php\/2021\/06\/09\/equipacion-atletico-de-madrid-2019\/#breadcrumb\",\"itemListElement\":[{\"@type\":\"ListItem\",\"position\":1,\"name\":\"Portada\",\"item\":\"https:\/\/fpsin.com\/\"},{\"@type\":\"ListItem\",\"position\":2,\"name\":\"equipacion atletico de madrid 2019\"}]},{\"@type\":\"WebSite\",\"@id\":\"https:\/\/fpsin.com\/#website\",\"url\":\"https:\/\/fpsin.com\/\",\"name\":\"Camiseta de f\u00fatbol Atletico de Madrid 2024 2025 - SuperVigo\",\"description\":\"Camiseta de Atl\u00e9tico de Madrid - Ofrecemos camiseta del Atl\u00e9tico de Madrid 2024 2025 para adultos y ni\u00f1os. Env\u00edo gratis desde 69\u20ac y personalizar Gratis.\",\"potentialAction\":[{\"@type\":\"SearchAction\",\"target\":{\"@type\":\"EntryPoint\",\"urlTemplate\":\"https:\/\/fpsin.com\/?s={search_term_string}\"},\"query-input\":{\"@type\":\"PropertyValueSpecification\",\"valueRequired\":true,\"valueName\":\"search_term_string\"}}],\"inLanguage\":\"es\"},{\"@type\":\"Person\",\"@id\":\"https:\/\/fpsin.com\/#\/schema\/person\/5ff6c0f8eeacd83e877f7ff3643206c1\",\"name\":\"istern\",\"image\":{\"@type\":\"ImageObject\",\"inLanguage\":\"es\",\"@id\":\"https:\/\/fpsin.com\/#\/schema\/person\/image\/\",\"url\":\"https:\/\/secure.gravatar.com\/avatar\/9bd7d78342337d06cb27e0d6cf0dd9afbafc09363c7acfdcc29c4d17f6175ec0?s=96&d=mm&r=g\",\"contentUrl\":\"https:\/\/secure.gravatar.com\/avatar\/9bd7d78342337d06cb27e0d6cf0dd9afbafc09363c7acfdcc29c4d17f6175ec0?s=96&d=mm&r=g\",\"caption\":\"istern\"},\"sameAs\":[\"https:\/\/fpsin.com\"],\"url\":\"https:\/\/fpsin.com\/index.php\/author\/Quetzalxochitl\/\"}]}<\/script>\n<!-- \/ Yoast SEO plugin. -->","yoast_head_json":{"title":"equipacion atletico de madrid 2019 - Camiseta de f\u00fatbol Atletico de Madrid 2024 2025 - SuperVigo","robots":{"index":"index","follow":"follow","max-snippet":"max-snippet:-1","max-image-preview":"max-image-preview:large","max-video-preview":"max-video-preview:-1"},"canonical":"https:\/\/fpsin.com\/index.php\/2021\/06\/09\/equipacion-atletico-de-madrid-2019\/","og_locale":"es_ES","og_type":"article","og_title":"equipacion atletico de madrid 2019 - Camiseta de f\u00fatbol Atletico de Madrid 2024 2025 - SuperVigo","og_description":"Valencia, M\u00e1laga y Real Madrid, s\u00e9ptimo, sexto y quinto respectivamente, se encontraban a tres puntos. Su debut se producir\u00eda el 3 de octubre en un partido de liga contra el Deportivo de La Coru\u00f1a que fue ganado por 6-1 por el Real Madrid. El 29 de abril de 1984 el equipo bilba\u00edno logr\u00f3 una victoria [&hellip;]","og_url":"https:\/\/fpsin.com\/index.php\/2021\/06\/09\/equipacion-atletico-de-madrid-2019\/","og_site_name":"Camiseta de f\u00fatbol Atletico de Madrid 2024 2025 - SuperVigo","article_published_time":"2021-06-09T07:26:18+00:00","og_image":[{"url":"https:\/\/pbs.twimg.com\/media\/ESRUWkFWAAES4oc?format=jpgu0026name=large","type":"","width":"","height":""}],"author":"istern","twitter_card":"summary_large_image","twitter_misc":{"Escrito por":"istern","Tiempo de lectura":"3 minutos"},"schema":{"@context":"https:\/\/schema.org","@graph":[{"@type":"WebPage","@id":"https:\/\/fpsin.com\/index.php\/2021\/06\/09\/equipacion-atletico-de-madrid-2019\/","url":"https:\/\/fpsin.com\/index.php\/2021\/06\/09\/equipacion-atletico-de-madrid-2019\/","name":"equipacion atletico de madrid 2019 - Camiseta de f\u00fatbol Atletico de Madrid 2024 2025 - SuperVigo","isPartOf":{"@id":"https:\/\/fpsin.com\/#website"},"primaryImageOfPage":{"@id":"https:\/\/fpsin.com\/index.php\/2021\/06\/09\/equipacion-atletico-de-madrid-2019\/#primaryimage"},"image":{"@id":"https:\/\/fpsin.com\/index.php\/2021\/06\/09\/equipacion-atletico-de-madrid-2019\/#primaryimage"},"thumbnailUrl":"https:\/\/pbs.twimg.com\/media\/ESRUWkFWAAES4oc?format=jpgu0026name=large","datePublished":"2021-06-09T07:26:18+00:00","author":{"@id":"https:\/\/fpsin.com\/#\/schema\/person\/5ff6c0f8eeacd83e877f7ff3643206c1"},"breadcrumb":{"@id":"https:\/\/fpsin.com\/index.php\/2021\/06\/09\/equipacion-atletico-de-madrid-2019\/#breadcrumb"},"inLanguage":"es","potentialAction":[{"@type":"ReadAction","target":["https:\/\/fpsin.com\/index.php\/2021\/06\/09\/equipacion-atletico-de-madrid-2019\/"]}]},{"@type":"ImageObject","inLanguage":"es","@id":"https:\/\/fpsin.com\/index.php\/2021\/06\/09\/equipacion-atletico-de-madrid-2019\/#primaryimage","url":"https:\/\/pbs.twimg.com\/media\/ESRUWkFWAAES4oc?format=jpgu0026name=large","contentUrl":"https:\/\/pbs.twimg.com\/media\/ESRUWkFWAAES4oc?format=jpgu0026name=large"},{"@type":"BreadcrumbList","@id":"https:\/\/fpsin.com\/index.php\/2021\/06\/09\/equipacion-atletico-de-madrid-2019\/#breadcrumb","itemListElement":[{"@type":"ListItem","position":1,"name":"Portada","item":"https:\/\/fpsin.com\/"},{"@type":"ListItem","position":2,"name":"equipacion atletico de madrid 2019"}]},{"@type":"WebSite","@id":"https:\/\/fpsin.com\/#website","url":"https:\/\/fpsin.com\/","name":"Camiseta de f\u00fatbol Atletico de Madrid 2024 2025 - SuperVigo","description":"Camiseta de Atl\u00e9tico de Madrid - Ofrecemos camiseta del Atl\u00e9tico de Madrid 2024 2025 para adultos y ni\u00f1os. Env\u00edo gratis desde 69\u20ac y personalizar Gratis.","potentialAction":[{"@type":"SearchAction","target":{"@type":"EntryPoint","urlTemplate":"https:\/\/fpsin.com\/?s={search_term_string}"},"query-input":{"@type":"PropertyValueSpecification","valueRequired":true,"valueName":"search_term_string"}}],"inLanguage":"es"},{"@type":"Person","@id":"https:\/\/fpsin.com\/#\/schema\/person\/5ff6c0f8eeacd83e877f7ff3643206c1","name":"istern","image":{"@type":"ImageObject","inLanguage":"es","@id":"https:\/\/fpsin.com\/#\/schema\/person\/image\/","url":"https:\/\/secure.gravatar.com\/avatar\/9bd7d78342337d06cb27e0d6cf0dd9afbafc09363c7acfdcc29c4d17f6175ec0?s=96&d=mm&r=g","contentUrl":"https:\/\/secure.gravatar.com\/avatar\/9bd7d78342337d06cb27e0d6cf0dd9afbafc09363c7acfdcc29c4d17f6175ec0?s=96&d=mm&r=g","caption":"istern"},"sameAs":["https:\/\/fpsin.com"],"url":"https:\/\/fpsin.com\/index.php\/author\/Quetzalxochitl\/"}]}},"_links":{"self":[{"href":"https:\/\/fpsin.com\/index.php\/wp-json\/wp\/v2\/posts\/1123","targetHints":{"allow":["GET"]}}],"collection":[{"href":"https:\/\/fpsin.com\/index.php\/wp-json\/wp\/v2\/posts"}],"about":[{"href":"https:\/\/fpsin.com\/index.php\/wp-json\/wp\/v2\/types\/post"}],"author":[{"embeddable":true,"href":"https:\/\/fpsin.com\/index.php\/wp-json\/wp\/v2\/users\/1"}],"replies":[{"embeddable":true,"href":"https:\/\/fpsin.com\/index.php\/wp-json\/wp\/v2\/comments?post=1123"}],"version-history":[{"count":1,"href":"https:\/\/fpsin.com\/index.php\/wp-json\/wp\/v2\/posts\/1123\/revisions"}],"predecessor-version":[{"id":1124,"href":"https:\/\/fpsin.com\/index.php\/wp-json\/wp\/v2\/posts\/1123\/revisions\/1124"}],"wp:attachment":[{"href":"https:\/\/fpsin.com\/index.php\/wp-json\/wp\/v2\/media?parent=1123"}],"wp:term":[{"taxonomy":"category","embeddable":true,"href":"https:\/\/fpsin.com\/index.php\/wp-json\/wp\/v2\/categories?post=1123"},{"taxonomy":"post_tag","embeddable":true,"href":"https:\/\/fpsin.com\/index.php\/wp-json\/wp\/v2\/tags?post=1123"}],"curies":[{"name":"wp","href":"https:\/\/api.w.org\/{rel}","templated":true}]}}