{"id":1187,"date":"2021-06-09T08:33:12","date_gmt":"2021-06-09T07:33:12","guid":{"rendered":"http:\/\/fpsin.com\/?p=1187"},"modified":"2021-06-09T08:33:12","modified_gmt":"2021-06-09T07:33:12","slug":"club-atletico-de-madrid-sad-villarreal-cf-sad","status":"publish","type":"post","link":"https:\/\/fpsin.com\/index.php\/2021\/06\/09\/club-atletico-de-madrid-sad-villarreal-cf-sad\/","title":{"rendered":"club atl\u00e9tico de madrid sad &#8211; villarreal cf sad"},"content":{"rendered":"<p> En 1926 el Bayern conquist\u00f3 el campeonato del sur de Alemania, donde los m\u00e1s duros competidores hab\u00edan regresado, como el N\u00faremberg y el F\u00fcrth \u2014quien en ese momento era considerado el mejor equipo alem\u00e1n en Baviera\u2014. Entre otras cosas, envi\u00f3 su segunda equipaci\u00f3n, que entonces era amarilla y negra como los colores del Carde. Una falta que pon\u00eda a funcionar la infalible maquinaria estrat\u00e9gica del Atl\u00e9tico. Menos de 30 minutos antes de hacerse p\u00fablica, en el Vicente Calder\u00f3n recib\u00edan una notificaci\u00f3n que se ol\u00edan desde hace meses. El equipo que desde este a\u00f1o va a estar dirigido por Unai Emery lleva nada menos que 27 a\u00f1os vinculado a Nike. \u2191 \u00abEl Elche anuncia un acuerdo con Fran Escrib\u00e1 por dos a\u00f1os m\u00e1s\u00bb. 8 de agosto. El Real Madrid C. F. y el Paris Saint-Germain anunciaron un acuerdo para el traspaso del jugador Jes\u00e9 Rodr\u00edguez. \u2191 El propio Saporta indic\u00f3 que lo declin\u00f3 por petici\u00f3n y consejo del malogrado Barnab\u00e9u y por el desgaste que supon\u00eda el cargo. \u2191 Espa\u00f1a, Madrid,. \u00abHorarios de la jornada 39 de LaLiga 1l2l3 2018\/19\u00bb. Liga de F\u00fatbol Profesional.<\/p>\n<p><div style=\"clear:both; text-align:center\"><a HREF = \"https:\/\/supervigo.com\/\"><img decoding=\"async\" src=\"https:\/\/img-estaticos.atleticodemadrid.com\/system\/fotoslideritems\/361\/large\/Mochila.jpg?1612874600\" style=\"max-width: 310px;\" \/><\/a><\/div>\n<p> \u2191 Espa\u00f1a, Madrid,. \u00abHorarios de la jornada 38 de LaLiga 1l2l3 2018\/19\u00bb. Liga de F\u00fatbol Profesional. \u2191 Espa\u00f1a, Madrid,. \u00abHorarios de la jornada 28 de LaLiga 1l2l3 2018\/19\u00bb. Liga de F\u00fatbol Profesional. \u2191 Espa\u00f1a, Madrid,. \u00abHorarios de la jornada 40 de LaLiga 1l2l3 2018\/19\u00bb. Liga de F\u00fatbol Profesional. \u2191 \u00abBarca &#038; Real renew El Clasico rivalry\u00bb BBC. 26 de junio. El Real Madrid C. F. y la Real Sociedad de F\u00fatbol acordaron el traspaso del jugador Diego Llorente. \u00abLa etapa negra de Quique Seti\u00e9n al frente del Barcelona\u00bb. Tras proclamarse campe\u00f3n de la UEFA Europa League la temporada anterior, el Atl\u00e9tico se gan\u00f3 el derecho a disputar la Supercopa de Europa frente al campe\u00f3n de la UEFA Champions League, el Chelsea. Los rojiblancos siguen al frente de la clasificaci\u00f3n con dos puntos de ventaja sobre el Barcelona, provisionalmente aupado a la segunda posici\u00f3n, y tres sobre el Real Madrid, tercero, que juega el domingo contra el Sevilla, cuarto clasificado. El malague\u00f1o s\u00f3lo ha participado en tres encuentros en la presente temporada.<\/p>\n<p> El entrenador fue C\u00e9sar Ferrando; que en la temporada anterior hab\u00eda hecho del Albacete un equipo duro, aun as\u00ed reci\u00e9n ascendido. En Copa del Rey: Dieciseisavos de final ida; Marco Asensio vs. En Copa del Rey: Cuartos de final vuelta; Karim Benzema vs. Tambi\u00e9n debut\u00f3 por primera vez en la Superliga femenina el primer equipo femenino del Athletic (Athletic Club EFT), reconvertido del antiguo Leioa EFT, club fue comprado por el Athletic para pasar a ser su equipo femenino. En la misma competici\u00f3n el club alcanz\u00f3 las semifinales por octava vez consecutiva siendo el primer equipo en la historia de la competici\u00f3n en lograrlo. Hasta que en 1920, regresar\u00eda de nuevo William Barnes, para hacer al club campe\u00f3n de la Copa del Rey de 1921. Esta fue la \u00faltima temporada de Barnes como entrenador del Athletic. En Copa del Rey: 4tos de final vuelta; Lucas V\u00e1zquez vs. En Copa del Rey: 1-7 vs.<\/p>\n<p> 23 de julio. El Real Madrid C. F. y el Manchester City F. C. acordaron el traspaso del jugador Danilo. 8 de agosto. El Real Madrid C. F. se proclama campe\u00f3n de la Supercopa de Europa por cuarta vez ante el Manchester United F. C. en Macedonia. El Real Madrid C. F. disputa la Liga, la Copa del Rey, la Liga de Campeones, la Supercopa de Europa y el Mundial de Clubes. \u00abEl crimen de \u00abm\u00edster\u00bb Ellis y el escarnio del Camp Nou\u00bb. \u00abEl Real Madrid se enfrentar\u00e1 al N\u00e1poles en los octavos de la Champions\u00bb. \u00abEl Madrid Football Club rumbo a la Copa Macaya\u00bb. 11 de julio. El Real Madrid C. F. puso rumbo a Los \u00c1ngeles para iniciar la preparaci\u00f3n deportiva de pretemporada. 3 de agosto. El Real Madrid C. F. puso rumbo de vuelta a Madrid para finalizar la preparaci\u00f3n deportiva de pretemporada previo al comienzo de las competiciones oficiales. \u2191 Carbajosa, Carlos (30 de agosto de 2002). \u00abEl Madrid ejerce de rey europeo\u00bb. \u2191 Espa\u00f1a, Madrid,. \u00abHorarios de la jornada 41 de LaLiga 1l2l3 2018\/19\u00bb. Liga de F\u00fatbol Profesional.<\/p>\n<p><img style='clear:both; float:left; padding:10px 10px 10px 0px;border:0px; max-width: 310px;' src='http:\/\/1.bp.blogspot.com\/-uqTybYYL1T4\/UUyH8rzF3mI\/AAAAAAAAaKY\/YY6ag85Nf6s\/s1600\/At.Madrid.jpg' alt='Spanish Football - Soccer - Sports Blog' \/> \u2191 Espa\u00f1a, Madrid,. \u00abHorarios de la jornada 33 de LaLiga 1l2l3 2018\/19\u00bb. Liga de F\u00fatbol Profesional. \u2191 Espa\u00f1a, Madrid,. \u00abHorarios de la jornada 37 de LaLiga 1l2l3 2018\/19\u00bb. Liga de F\u00fatbol Profesional. \u2191 \u00abRoberto Torres, Mejor Jugador de LaLiga 1|2|3 en enero\u00bb. \u2191 \u00abEugeni, Mejor Jugador de LaLiga 1|2|3 en diciembre\u00bb. \u2191 \u00abVilla vuelve a superar otro r\u00e9cord de Ra\u00fal\u00bb. \u2191 Suplemento Historia de Nacional, La Ma\u00f1ana de Montevideo. \u2191 \u00ab2-2: El Real Madrid mereci\u00f3 pasar a semifinales\u00bb. 12 de diciembre. El Real Madrid C. F. qued\u00f3 emparejado con el Napoli en los octavos de final de la UCL. 12 de diciembre. Cristiano Ronaldo es galardonado con el Bal\u00f3n de Oro de la revista France Football, el cuarto en su haber. La alegr\u00eda dur\u00f3 cinco minutos, los que tard\u00f3 Davies en volver a nivelar el marcador, voleando con la derecha un bal\u00f3n prolongado de cabeza por el propio Assun\u00e7\u00e3o en un error defensivo.<\/p>\n<p>Si tiene alguna pregunta sobre d\u00f3nde y c\u00f3mo utilizar <A href=\"https:\/\/supervigo.com\/es_ES\/taxons\/atletico-de-madrid-es-05\">equipacion atletico de madrid 2021<\/A> , puede llamarnos a nuestro propio sitio de Internet.<\/p>\n","protected":false},"excerpt":{"rendered":"<p>En 1926 el Bayern conquist\u00f3 el campeonato del sur de Alemania, donde los m\u00e1s duros competidores hab\u00edan regresado, como el N\u00faremberg y el F\u00fcrth \u2014quien en ese momento era considerado el mejor equipo alem\u00e1n en Baviera\u2014. Entre otras cosas, envi\u00f3 su segunda equipaci\u00f3n, que entonces era amarilla y negra como los colores del Carde. Una [&hellip;]<\/p>\n","protected":false},"author":1,"featured_media":0,"comment_status":"open","ping_status":"open","sticky":false,"template":"","format":"standard","meta":{"footnotes":""},"categories":[1],"tags":[717,602,446],"class_list":["post-1187","post","type-post","status-publish","format-standard","hentry","category-uncategorized","tag-camiseta-atletico-de-madrid-online","tag-camiseta-atletico-madrid-2018-2019","tag-club-atletico-de-madrid-pagina-oficial"],"blocksy_meta":[],"yoast_head":"<!-- This site is optimized with the Yoast SEO plugin v25.8 - https:\/\/yoast.com\/wordpress\/plugins\/seo\/ -->\n<title>club atl\u00e9tico de madrid sad - villarreal cf sad - Camiseta de f\u00fatbol Atletico de Madrid 2024 2025 - SuperVigo<\/title>\n<meta name=\"robots\" content=\"index, follow, max-snippet:-1, max-image-preview:large, max-video-preview:-1\" \/>\n<link rel=\"canonical\" href=\"https:\/\/fpsin.com\/index.php\/2021\/06\/09\/club-atletico-de-madrid-sad-villarreal-cf-sad\/\" \/>\n<meta property=\"og:locale\" content=\"es_ES\" \/>\n<meta property=\"og:type\" content=\"article\" \/>\n<meta property=\"og:title\" content=\"club atl\u00e9tico de madrid sad - villarreal cf sad - Camiseta de f\u00fatbol Atletico de Madrid 2024 2025 - SuperVigo\" \/>\n<meta property=\"og:description\" content=\"En 1926 el Bayern conquist\u00f3 el campeonato del sur de Alemania, donde los m\u00e1s duros competidores hab\u00edan regresado, como el N\u00faremberg y el F\u00fcrth \u2014quien en ese momento era considerado el mejor equipo alem\u00e1n en Baviera\u2014. Entre otras cosas, envi\u00f3 su segunda equipaci\u00f3n, que entonces era amarilla y negra como los colores del Carde. Una [&hellip;]\" \/>\n<meta property=\"og:url\" content=\"https:\/\/fpsin.com\/index.php\/2021\/06\/09\/club-atletico-de-madrid-sad-villarreal-cf-sad\/\" \/>\n<meta property=\"og:site_name\" content=\"Camiseta de f\u00fatbol Atletico de Madrid 2024 2025 - SuperVigo\" \/>\n<meta property=\"article:published_time\" content=\"2021-06-09T07:33:12+00:00\" \/>\n<meta property=\"og:image\" content=\"https:\/\/img-estaticos.atleticodemadrid.com\/system\/fotoslideritems\/361\/large\/Mochila.jpg?1612874600\" \/>\n<meta name=\"author\" content=\"istern\" \/>\n<meta name=\"twitter:card\" content=\"summary_large_image\" \/>\n<meta name=\"twitter:label1\" content=\"Escrito por\" \/>\n\t<meta name=\"twitter:data1\" content=\"istern\" \/>\n\t<meta name=\"twitter:label2\" content=\"Tiempo de lectura\" \/>\n\t<meta name=\"twitter:data2\" content=\"4 minutos\" \/>\n<script type=\"application\/ld+json\" class=\"yoast-schema-graph\">{\"@context\":\"https:\/\/schema.org\",\"@graph\":[{\"@type\":\"WebPage\",\"@id\":\"https:\/\/fpsin.com\/index.php\/2021\/06\/09\/club-atletico-de-madrid-sad-villarreal-cf-sad\/\",\"url\":\"https:\/\/fpsin.com\/index.php\/2021\/06\/09\/club-atletico-de-madrid-sad-villarreal-cf-sad\/\",\"name\":\"club atl\u00e9tico de madrid sad - villarreal cf sad - Camiseta de f\u00fatbol Atletico de Madrid 2024 2025 - SuperVigo\",\"isPartOf\":{\"@id\":\"https:\/\/fpsin.com\/#website\"},\"primaryImageOfPage\":{\"@id\":\"https:\/\/fpsin.com\/index.php\/2021\/06\/09\/club-atletico-de-madrid-sad-villarreal-cf-sad\/#primaryimage\"},\"image\":{\"@id\":\"https:\/\/fpsin.com\/index.php\/2021\/06\/09\/club-atletico-de-madrid-sad-villarreal-cf-sad\/#primaryimage\"},\"thumbnailUrl\":\"https:\/\/img-estaticos.atleticodemadrid.com\/system\/fotoslideritems\/361\/large\/Mochila.jpg?1612874600\",\"datePublished\":\"2021-06-09T07:33:12+00:00\",\"author\":{\"@id\":\"https:\/\/fpsin.com\/#\/schema\/person\/5ff6c0f8eeacd83e877f7ff3643206c1\"},\"breadcrumb\":{\"@id\":\"https:\/\/fpsin.com\/index.php\/2021\/06\/09\/club-atletico-de-madrid-sad-villarreal-cf-sad\/#breadcrumb\"},\"inLanguage\":\"es\",\"potentialAction\":[{\"@type\":\"ReadAction\",\"target\":[\"https:\/\/fpsin.com\/index.php\/2021\/06\/09\/club-atletico-de-madrid-sad-villarreal-cf-sad\/\"]}]},{\"@type\":\"ImageObject\",\"inLanguage\":\"es\",\"@id\":\"https:\/\/fpsin.com\/index.php\/2021\/06\/09\/club-atletico-de-madrid-sad-villarreal-cf-sad\/#primaryimage\",\"url\":\"https:\/\/img-estaticos.atleticodemadrid.com\/system\/fotoslideritems\/361\/large\/Mochila.jpg?1612874600\",\"contentUrl\":\"https:\/\/img-estaticos.atleticodemadrid.com\/system\/fotoslideritems\/361\/large\/Mochila.jpg?1612874600\"},{\"@type\":\"BreadcrumbList\",\"@id\":\"https:\/\/fpsin.com\/index.php\/2021\/06\/09\/club-atletico-de-madrid-sad-villarreal-cf-sad\/#breadcrumb\",\"itemListElement\":[{\"@type\":\"ListItem\",\"position\":1,\"name\":\"Portada\",\"item\":\"https:\/\/fpsin.com\/\"},{\"@type\":\"ListItem\",\"position\":2,\"name\":\"club atl\u00e9tico de madrid sad &#8211; villarreal cf sad\"}]},{\"@type\":\"WebSite\",\"@id\":\"https:\/\/fpsin.com\/#website\",\"url\":\"https:\/\/fpsin.com\/\",\"name\":\"Camiseta de f\u00fatbol Atletico de Madrid 2024 2025 - SuperVigo\",\"description\":\"Camiseta de Atl\u00e9tico de Madrid - Ofrecemos camiseta del Atl\u00e9tico de Madrid 2024 2025 para adultos y ni\u00f1os. Env\u00edo gratis desde 69\u20ac y personalizar Gratis.\",\"potentialAction\":[{\"@type\":\"SearchAction\",\"target\":{\"@type\":\"EntryPoint\",\"urlTemplate\":\"https:\/\/fpsin.com\/?s={search_term_string}\"},\"query-input\":{\"@type\":\"PropertyValueSpecification\",\"valueRequired\":true,\"valueName\":\"search_term_string\"}}],\"inLanguage\":\"es\"},{\"@type\":\"Person\",\"@id\":\"https:\/\/fpsin.com\/#\/schema\/person\/5ff6c0f8eeacd83e877f7ff3643206c1\",\"name\":\"istern\",\"image\":{\"@type\":\"ImageObject\",\"inLanguage\":\"es\",\"@id\":\"https:\/\/fpsin.com\/#\/schema\/person\/image\/\",\"url\":\"https:\/\/secure.gravatar.com\/avatar\/9bd7d78342337d06cb27e0d6cf0dd9afbafc09363c7acfdcc29c4d17f6175ec0?s=96&d=mm&r=g\",\"contentUrl\":\"https:\/\/secure.gravatar.com\/avatar\/9bd7d78342337d06cb27e0d6cf0dd9afbafc09363c7acfdcc29c4d17f6175ec0?s=96&d=mm&r=g\",\"caption\":\"istern\"},\"sameAs\":[\"https:\/\/fpsin.com\"],\"url\":\"https:\/\/fpsin.com\/index.php\/author\/Quetzalxochitl\/\"}]}<\/script>\n<!-- \/ Yoast SEO plugin. -->","yoast_head_json":{"title":"club atl\u00e9tico de madrid sad - villarreal cf sad - Camiseta de f\u00fatbol Atletico de Madrid 2024 2025 - SuperVigo","robots":{"index":"index","follow":"follow","max-snippet":"max-snippet:-1","max-image-preview":"max-image-preview:large","max-video-preview":"max-video-preview:-1"},"canonical":"https:\/\/fpsin.com\/index.php\/2021\/06\/09\/club-atletico-de-madrid-sad-villarreal-cf-sad\/","og_locale":"es_ES","og_type":"article","og_title":"club atl\u00e9tico de madrid sad - villarreal cf sad - Camiseta de f\u00fatbol Atletico de Madrid 2024 2025 - SuperVigo","og_description":"En 1926 el Bayern conquist\u00f3 el campeonato del sur de Alemania, donde los m\u00e1s duros competidores hab\u00edan regresado, como el N\u00faremberg y el F\u00fcrth \u2014quien en ese momento era considerado el mejor equipo alem\u00e1n en Baviera\u2014. Entre otras cosas, envi\u00f3 su segunda equipaci\u00f3n, que entonces era amarilla y negra como los colores del Carde. Una [&hellip;]","og_url":"https:\/\/fpsin.com\/index.php\/2021\/06\/09\/club-atletico-de-madrid-sad-villarreal-cf-sad\/","og_site_name":"Camiseta de f\u00fatbol Atletico de Madrid 2024 2025 - SuperVigo","article_published_time":"2021-06-09T07:33:12+00:00","og_image":[{"url":"https:\/\/img-estaticos.atleticodemadrid.com\/system\/fotoslideritems\/361\/large\/Mochila.jpg?1612874600","type":"","width":"","height":""}],"author":"istern","twitter_card":"summary_large_image","twitter_misc":{"Escrito por":"istern","Tiempo de lectura":"4 minutos"},"schema":{"@context":"https:\/\/schema.org","@graph":[{"@type":"WebPage","@id":"https:\/\/fpsin.com\/index.php\/2021\/06\/09\/club-atletico-de-madrid-sad-villarreal-cf-sad\/","url":"https:\/\/fpsin.com\/index.php\/2021\/06\/09\/club-atletico-de-madrid-sad-villarreal-cf-sad\/","name":"club atl\u00e9tico de madrid sad - villarreal cf sad - Camiseta de f\u00fatbol Atletico de Madrid 2024 2025 - SuperVigo","isPartOf":{"@id":"https:\/\/fpsin.com\/#website"},"primaryImageOfPage":{"@id":"https:\/\/fpsin.com\/index.php\/2021\/06\/09\/club-atletico-de-madrid-sad-villarreal-cf-sad\/#primaryimage"},"image":{"@id":"https:\/\/fpsin.com\/index.php\/2021\/06\/09\/club-atletico-de-madrid-sad-villarreal-cf-sad\/#primaryimage"},"thumbnailUrl":"https:\/\/img-estaticos.atleticodemadrid.com\/system\/fotoslideritems\/361\/large\/Mochila.jpg?1612874600","datePublished":"2021-06-09T07:33:12+00:00","author":{"@id":"https:\/\/fpsin.com\/#\/schema\/person\/5ff6c0f8eeacd83e877f7ff3643206c1"},"breadcrumb":{"@id":"https:\/\/fpsin.com\/index.php\/2021\/06\/09\/club-atletico-de-madrid-sad-villarreal-cf-sad\/#breadcrumb"},"inLanguage":"es","potentialAction":[{"@type":"ReadAction","target":["https:\/\/fpsin.com\/index.php\/2021\/06\/09\/club-atletico-de-madrid-sad-villarreal-cf-sad\/"]}]},{"@type":"ImageObject","inLanguage":"es","@id":"https:\/\/fpsin.com\/index.php\/2021\/06\/09\/club-atletico-de-madrid-sad-villarreal-cf-sad\/#primaryimage","url":"https:\/\/img-estaticos.atleticodemadrid.com\/system\/fotoslideritems\/361\/large\/Mochila.jpg?1612874600","contentUrl":"https:\/\/img-estaticos.atleticodemadrid.com\/system\/fotoslideritems\/361\/large\/Mochila.jpg?1612874600"},{"@type":"BreadcrumbList","@id":"https:\/\/fpsin.com\/index.php\/2021\/06\/09\/club-atletico-de-madrid-sad-villarreal-cf-sad\/#breadcrumb","itemListElement":[{"@type":"ListItem","position":1,"name":"Portada","item":"https:\/\/fpsin.com\/"},{"@type":"ListItem","position":2,"name":"club atl\u00e9tico de madrid sad &#8211; villarreal cf sad"}]},{"@type":"WebSite","@id":"https:\/\/fpsin.com\/#website","url":"https:\/\/fpsin.com\/","name":"Camiseta de f\u00fatbol Atletico de Madrid 2024 2025 - SuperVigo","description":"Camiseta de Atl\u00e9tico de Madrid - Ofrecemos camiseta del Atl\u00e9tico de Madrid 2024 2025 para adultos y ni\u00f1os. Env\u00edo gratis desde 69\u20ac y personalizar Gratis.","potentialAction":[{"@type":"SearchAction","target":{"@type":"EntryPoint","urlTemplate":"https:\/\/fpsin.com\/?s={search_term_string}"},"query-input":{"@type":"PropertyValueSpecification","valueRequired":true,"valueName":"search_term_string"}}],"inLanguage":"es"},{"@type":"Person","@id":"https:\/\/fpsin.com\/#\/schema\/person\/5ff6c0f8eeacd83e877f7ff3643206c1","name":"istern","image":{"@type":"ImageObject","inLanguage":"es","@id":"https:\/\/fpsin.com\/#\/schema\/person\/image\/","url":"https:\/\/secure.gravatar.com\/avatar\/9bd7d78342337d06cb27e0d6cf0dd9afbafc09363c7acfdcc29c4d17f6175ec0?s=96&d=mm&r=g","contentUrl":"https:\/\/secure.gravatar.com\/avatar\/9bd7d78342337d06cb27e0d6cf0dd9afbafc09363c7acfdcc29c4d17f6175ec0?s=96&d=mm&r=g","caption":"istern"},"sameAs":["https:\/\/fpsin.com"],"url":"https:\/\/fpsin.com\/index.php\/author\/Quetzalxochitl\/"}]}},"_links":{"self":[{"href":"https:\/\/fpsin.com\/index.php\/wp-json\/wp\/v2\/posts\/1187","targetHints":{"allow":["GET"]}}],"collection":[{"href":"https:\/\/fpsin.com\/index.php\/wp-json\/wp\/v2\/posts"}],"about":[{"href":"https:\/\/fpsin.com\/index.php\/wp-json\/wp\/v2\/types\/post"}],"author":[{"embeddable":true,"href":"https:\/\/fpsin.com\/index.php\/wp-json\/wp\/v2\/users\/1"}],"replies":[{"embeddable":true,"href":"https:\/\/fpsin.com\/index.php\/wp-json\/wp\/v2\/comments?post=1187"}],"version-history":[{"count":1,"href":"https:\/\/fpsin.com\/index.php\/wp-json\/wp\/v2\/posts\/1187\/revisions"}],"predecessor-version":[{"id":1188,"href":"https:\/\/fpsin.com\/index.php\/wp-json\/wp\/v2\/posts\/1187\/revisions\/1188"}],"wp:attachment":[{"href":"https:\/\/fpsin.com\/index.php\/wp-json\/wp\/v2\/media?parent=1187"}],"wp:term":[{"taxonomy":"category","embeddable":true,"href":"https:\/\/fpsin.com\/index.php\/wp-json\/wp\/v2\/categories?post=1187"},{"taxonomy":"post_tag","embeddable":true,"href":"https:\/\/fpsin.com\/index.php\/wp-json\/wp\/v2\/tags?post=1187"}],"curies":[{"name":"wp","href":"https:\/\/api.w.org\/{rel}","templated":true}]}}