{"id":1421,"date":"2021-06-09T09:01:27","date_gmt":"2021-06-09T08:01:27","guid":{"rendered":"http:\/\/fpsin.com\/?p=1421"},"modified":"2021-06-09T09:01:27","modified_gmt":"2021-06-09T08:01:27","slug":"camiseta-atletico-de-madrid-tienda","status":"publish","type":"post","link":"https:\/\/fpsin.com\/index.php\/2021\/06\/09\/camiseta-atletico-de-madrid-tienda\/","title":{"rendered":"camiseta atletico de madrid tienda"},"content":{"rendered":"<p><A href=\"https:\/\/supervigo.com\/\"><img src='https:\/\/img-estaticos.atleticodemadrid.com\/system\/fotos\/3637\/showlarge\/WhatsApp%20Image%202020-12-10%20at%2009.58.44.jpeg?1607591667' style=\"clear:both; float:right; padding:10px 0px 10px 10px; border:0px; max-width: 400px;\" \/><\/A> \u2191 \u00abEl Atleti ficha a Jes\u00fas G\u00e1mez\u00bb. \u2191 \u00abEl Atl\u00e9tico da el primer golpe\u00bb. \u2191 \u00abEl Atl\u00e9tico siempre encuentra la manera de ganar\u00bb. \u2191 \u00abEl Ni\u00f1o se crece en el Bernab\u00e9u\u00bb. Sin embargo, el Ni\u00f1o sufri\u00f3 una fractura de nariz tras recibir una patada del defensor polaco \u0141ukasz Szuka\u0142a, por lo que tuvo que usar una m\u00e1scara protectora durante las siguientes semanas. En la eliminatoria, el portugu\u00e9s anot\u00f3 tres goles vitales para la clasificaci\u00f3n \u2014por tercera vez consecutiva\u2014 del cuadro blanco a las semifinales del torneo. Disput\u00f3 tres fases finales (las dos continentales y una mundial), proclam\u00e1ndose consecutivamente, campe\u00f3n de Europa sub-16 en 2001 y sub-19 en 2002, siendo nombrado en ambos mejor jugador del campeonato, y anotando los goles de la victoria en ambas finales. En 1939 estalla la II Guerra Mundial y el f\u00fatbol en Europa se paraliza. Se lesion\u00f3 en el muslo durante un encuentro clasificatorio para el Mundial 2010, lo que le hizo estar ausente en tres encuentros de su equipo. Alcanzada la final, los rojiblancos cayeron en los penaltis ante el Villarreal que fue quien consigui\u00f3 la clasificaci\u00f3n.<\/p>\n<p> Casi sobre el pitido final, el Atl\u00e9tico dispuso de un par de ocasiones. El \u00faltimo en dar su opini\u00f3n sobre la situaci\u00f3n del portugu\u00e9s en el equipo rojiblanco ha sido Rafael Van der Vaart. Su rival en las urnas fue el exjugador del Athletic, Josu Urrutia. El campo estaba sin vallar, pero rodeado de una profunda zanja para evitar que las carretas de bueyes del barrio del Ciego convirtiesen el lugar en un vertedero. Durante los a\u00f1os 80 la plantilla del Atl\u00e9tico de Madrid estaba formada en su mayor\u00eda por jugadores canteranos. El Campeonato Regional Centro comenz\u00f3 aquel a\u00f1o con un plato fuerte: Athletic &#8211; Real Madrid. Posteriormente, en ese mismo a\u00f1o de 1950, el Athletic se hizo con la Copa Eva Duarte, una versi\u00f3n antigua de la Supercopa, que enfrentaba al campe\u00f3n de Copa contra el de liga. Denominado \u00abEstadio Manzanares\u00bb de 1966 a 1972, y rebautizado ese \u00faltimo a\u00f1o en honor del presidente Vicente Calder\u00f3n. En el siguiente partido, el 17 de enero, hizo su debut en Liga en el Vicente Calder\u00f3n en el partido correspondiente a la decimonovena jornada que finaliz\u00f3 con una victoria por tres a cero frente al Mallorca. El 22 de julio de 2018, Fernando debut\u00f3 con el Sagan Tosu en el Estadio de Tosu frente al Vegalta Sendai en el segundo tiempo.<\/p>\n<p> \u2191 Agencia EFE (1 de julio de 2012). \u00abTorres, Bota de Oro de la Euro\u00bb. \u2191 Striker Torres faces new lay-off. \u2191 Torres signs new Liverpool deal. En otro amistoso que enfrent\u00f3 al equipo ingl\u00e9s con el New Team asi\u00e1tico anot\u00f3 su primer tanto con el club. Y en la vuelta, el equipo azulgrana no pudo pasar del empate a uno en el Camp Nou, lo que dio al Athletic el pase a semifinales. Fue sancionado por un partido por la UEFA por \u00ablevantarle el dedo\u00bb a los aficionados del Benfica, y fue expulsado en el derbi de Manchester cuando le hizo una falta al jugador del City Andy Cole. Continu\u00f3 con su racha tras anotar dos tantos en la victoria (3-2) a domicilio de su equipo ante el Manchester City, al que tuvo que remontar un 2-0 en contra. Contra el Betis, se cosech\u00f3 una victoria por 3-1 en el Metropolitano, y se perdi\u00f3 por 3-2 en Sevilla.<\/p>\n<p> \u2191 \u00abPrimera victoria en la Copa Euroamericana\u00bb. Fue en ese club en el que consigui\u00f3 su primer t\u00edtulo, la Copa del Rey, enfrent\u00e1ndose con el Zaragoza en la final que se disput\u00f3 en el Santiago Bernab\u00e9u. El Real Madrid, que ven\u00eda de ganarlo todo, quer\u00eda hacerse tambi\u00e9n con la Copa para lograr as\u00ed el triplete. Pese a contar los cuatro partidos como victorias, al finalizar la temporada el equipo solo pudo quedar cuarto empatado a puntos con el Tenerife que fue el que consigui\u00f3 el ascenso. En los octavos de final el rival fue el Deportivo de la Coru\u00f1a, equipo revelaci\u00f3n de la Liga con un sorprendente cuarto puesto. Apenas unos d\u00edas m\u00e1s tarde, el 16 de enero, el equipo femenino alz\u00f3 su primera Supercopa de Espa\u00f1a, tras derrotar al F. C. Barcelona y al Levante U. D. en la final. En su primera temporada el equipo no logr\u00f3 funcionar y estuvo inmerso en la lucha por no descender de categor\u00eda. Fue formado en las categor\u00edas inferiores del Real Madrid con quien lleg\u00f3 a debutar en Primera Divisi\u00f3n.<\/p>\n<p>Si tiene pr\u00e1cticamente cualquier problema con respecto a d\u00f3nde, junto con consejos sobre c\u00f3mo emplear <a href=\"https:\/\/supervigo.com\/es_ES\/taxons\/atletico-de-madrid-es-05\">equipacion atletico de madrid<\/a> , puede enviarnos un correo electr\u00f3nico en nuestro propio sitio de Internet.<\/p>\n","protected":false},"excerpt":{"rendered":"<p>\u2191 \u00abEl Atleti ficha a Jes\u00fas G\u00e1mez\u00bb. \u2191 \u00abEl Atl\u00e9tico da el primer golpe\u00bb. \u2191 \u00abEl Atl\u00e9tico siempre encuentra la manera de ganar\u00bb. \u2191 \u00abEl Ni\u00f1o se crece en el Bernab\u00e9u\u00bb. Sin embargo, el Ni\u00f1o sufri\u00f3 una fractura de nariz tras recibir una patada del defensor polaco \u0141ukasz Szuka\u0142a, por lo que tuvo que usar [&hellip;]<\/p>\n","protected":false},"author":1,"featured_media":0,"comment_status":"open","ping_status":"open","sticky":false,"template":"","format":"standard","meta":{"footnotes":""},"categories":[1],"tags":[766,697,3],"class_list":["post-1421","post","type-post","status-publish","format-standard","hentry","category-uncategorized","tag-camiseta-atletico-de-madrid-2008-2009","tag-camiseta-atletico-de-madrid-2019-20","tag-tienda-oficial-atletico-de-madrid-vicente-calderon"],"blocksy_meta":[],"yoast_head":"<!-- This site is optimized with the Yoast SEO plugin v25.8 - https:\/\/yoast.com\/wordpress\/plugins\/seo\/ -->\n<title>camiseta atletico de madrid tienda - Camiseta de f\u00fatbol Atletico de Madrid 2024 2025 - SuperVigo<\/title>\n<meta name=\"robots\" content=\"index, follow, max-snippet:-1, max-image-preview:large, max-video-preview:-1\" \/>\n<link rel=\"canonical\" href=\"https:\/\/fpsin.com\/index.php\/2021\/06\/09\/camiseta-atletico-de-madrid-tienda\/\" \/>\n<meta property=\"og:locale\" content=\"es_ES\" \/>\n<meta property=\"og:type\" content=\"article\" \/>\n<meta property=\"og:title\" content=\"camiseta atletico de madrid tienda - Camiseta de f\u00fatbol Atletico de Madrid 2024 2025 - SuperVigo\" \/>\n<meta property=\"og:description\" content=\"\u2191 \u00abEl Atleti ficha a Jes\u00fas G\u00e1mez\u00bb. \u2191 \u00abEl Atl\u00e9tico da el primer golpe\u00bb. \u2191 \u00abEl Atl\u00e9tico siempre encuentra la manera de ganar\u00bb. \u2191 \u00abEl Ni\u00f1o se crece en el Bernab\u00e9u\u00bb. Sin embargo, el Ni\u00f1o sufri\u00f3 una fractura de nariz tras recibir una patada del defensor polaco \u0141ukasz Szuka\u0142a, por lo que tuvo que usar [&hellip;]\" \/>\n<meta property=\"og:url\" content=\"https:\/\/fpsin.com\/index.php\/2021\/06\/09\/camiseta-atletico-de-madrid-tienda\/\" \/>\n<meta property=\"og:site_name\" content=\"Camiseta de f\u00fatbol Atletico de Madrid 2024 2025 - SuperVigo\" \/>\n<meta property=\"article:published_time\" content=\"2021-06-09T08:01:27+00:00\" \/>\n<meta property=\"og:image\" content=\"https:\/\/img-estaticos.atleticodemadrid.com\/system\/fotos\/3637\/showlarge\/WhatsApp%20Image%202020-12-10%20at%2009.58.44.jpeg?1607591667\" \/>\n<meta name=\"author\" content=\"istern\" \/>\n<meta name=\"twitter:card\" content=\"summary_large_image\" \/>\n<meta name=\"twitter:label1\" content=\"Escrito por\" \/>\n\t<meta name=\"twitter:data1\" content=\"istern\" \/>\n\t<meta name=\"twitter:label2\" content=\"Tiempo de lectura\" \/>\n\t<meta name=\"twitter:data2\" content=\"4 minutos\" \/>\n<script type=\"application\/ld+json\" class=\"yoast-schema-graph\">{\"@context\":\"https:\/\/schema.org\",\"@graph\":[{\"@type\":\"WebPage\",\"@id\":\"https:\/\/fpsin.com\/index.php\/2021\/06\/09\/camiseta-atletico-de-madrid-tienda\/\",\"url\":\"https:\/\/fpsin.com\/index.php\/2021\/06\/09\/camiseta-atletico-de-madrid-tienda\/\",\"name\":\"camiseta atletico de madrid tienda - Camiseta de f\u00fatbol Atletico de Madrid 2024 2025 - SuperVigo\",\"isPartOf\":{\"@id\":\"https:\/\/fpsin.com\/#website\"},\"primaryImageOfPage\":{\"@id\":\"https:\/\/fpsin.com\/index.php\/2021\/06\/09\/camiseta-atletico-de-madrid-tienda\/#primaryimage\"},\"image\":{\"@id\":\"https:\/\/fpsin.com\/index.php\/2021\/06\/09\/camiseta-atletico-de-madrid-tienda\/#primaryimage\"},\"thumbnailUrl\":\"https:\/\/img-estaticos.atleticodemadrid.com\/system\/fotos\/3637\/showlarge\/WhatsApp%20Image%202020-12-10%20at%2009.58.44.jpeg?1607591667\",\"datePublished\":\"2021-06-09T08:01:27+00:00\",\"author\":{\"@id\":\"https:\/\/fpsin.com\/#\/schema\/person\/5ff6c0f8eeacd83e877f7ff3643206c1\"},\"breadcrumb\":{\"@id\":\"https:\/\/fpsin.com\/index.php\/2021\/06\/09\/camiseta-atletico-de-madrid-tienda\/#breadcrumb\"},\"inLanguage\":\"es\",\"potentialAction\":[{\"@type\":\"ReadAction\",\"target\":[\"https:\/\/fpsin.com\/index.php\/2021\/06\/09\/camiseta-atletico-de-madrid-tienda\/\"]}]},{\"@type\":\"ImageObject\",\"inLanguage\":\"es\",\"@id\":\"https:\/\/fpsin.com\/index.php\/2021\/06\/09\/camiseta-atletico-de-madrid-tienda\/#primaryimage\",\"url\":\"https:\/\/img-estaticos.atleticodemadrid.com\/system\/fotos\/3637\/showlarge\/WhatsApp%20Image%202020-12-10%20at%2009.58.44.jpeg?1607591667\",\"contentUrl\":\"https:\/\/img-estaticos.atleticodemadrid.com\/system\/fotos\/3637\/showlarge\/WhatsApp%20Image%202020-12-10%20at%2009.58.44.jpeg?1607591667\"},{\"@type\":\"BreadcrumbList\",\"@id\":\"https:\/\/fpsin.com\/index.php\/2021\/06\/09\/camiseta-atletico-de-madrid-tienda\/#breadcrumb\",\"itemListElement\":[{\"@type\":\"ListItem\",\"position\":1,\"name\":\"Portada\",\"item\":\"https:\/\/fpsin.com\/\"},{\"@type\":\"ListItem\",\"position\":2,\"name\":\"camiseta atletico de madrid tienda\"}]},{\"@type\":\"WebSite\",\"@id\":\"https:\/\/fpsin.com\/#website\",\"url\":\"https:\/\/fpsin.com\/\",\"name\":\"Camiseta de f\u00fatbol Atletico de Madrid 2024 2025 - SuperVigo\",\"description\":\"Camiseta de Atl\u00e9tico de Madrid - Ofrecemos camiseta del Atl\u00e9tico de Madrid 2024 2025 para adultos y ni\u00f1os. Env\u00edo gratis desde 69\u20ac y personalizar Gratis.\",\"potentialAction\":[{\"@type\":\"SearchAction\",\"target\":{\"@type\":\"EntryPoint\",\"urlTemplate\":\"https:\/\/fpsin.com\/?s={search_term_string}\"},\"query-input\":{\"@type\":\"PropertyValueSpecification\",\"valueRequired\":true,\"valueName\":\"search_term_string\"}}],\"inLanguage\":\"es\"},{\"@type\":\"Person\",\"@id\":\"https:\/\/fpsin.com\/#\/schema\/person\/5ff6c0f8eeacd83e877f7ff3643206c1\",\"name\":\"istern\",\"image\":{\"@type\":\"ImageObject\",\"inLanguage\":\"es\",\"@id\":\"https:\/\/fpsin.com\/#\/schema\/person\/image\/\",\"url\":\"https:\/\/secure.gravatar.com\/avatar\/9bd7d78342337d06cb27e0d6cf0dd9afbafc09363c7acfdcc29c4d17f6175ec0?s=96&d=mm&r=g\",\"contentUrl\":\"https:\/\/secure.gravatar.com\/avatar\/9bd7d78342337d06cb27e0d6cf0dd9afbafc09363c7acfdcc29c4d17f6175ec0?s=96&d=mm&r=g\",\"caption\":\"istern\"},\"sameAs\":[\"https:\/\/fpsin.com\"],\"url\":\"https:\/\/fpsin.com\/index.php\/author\/Quetzalxochitl\/\"}]}<\/script>\n<!-- \/ Yoast SEO plugin. -->","yoast_head_json":{"title":"camiseta atletico de madrid tienda - Camiseta de f\u00fatbol Atletico de Madrid 2024 2025 - SuperVigo","robots":{"index":"index","follow":"follow","max-snippet":"max-snippet:-1","max-image-preview":"max-image-preview:large","max-video-preview":"max-video-preview:-1"},"canonical":"https:\/\/fpsin.com\/index.php\/2021\/06\/09\/camiseta-atletico-de-madrid-tienda\/","og_locale":"es_ES","og_type":"article","og_title":"camiseta atletico de madrid tienda - Camiseta de f\u00fatbol Atletico de Madrid 2024 2025 - SuperVigo","og_description":"\u2191 \u00abEl Atleti ficha a Jes\u00fas G\u00e1mez\u00bb. \u2191 \u00abEl Atl\u00e9tico da el primer golpe\u00bb. \u2191 \u00abEl Atl\u00e9tico siempre encuentra la manera de ganar\u00bb. \u2191 \u00abEl Ni\u00f1o se crece en el Bernab\u00e9u\u00bb. Sin embargo, el Ni\u00f1o sufri\u00f3 una fractura de nariz tras recibir una patada del defensor polaco \u0141ukasz Szuka\u0142a, por lo que tuvo que usar [&hellip;]","og_url":"https:\/\/fpsin.com\/index.php\/2021\/06\/09\/camiseta-atletico-de-madrid-tienda\/","og_site_name":"Camiseta de f\u00fatbol Atletico de Madrid 2024 2025 - SuperVigo","article_published_time":"2021-06-09T08:01:27+00:00","og_image":[{"url":"https:\/\/img-estaticos.atleticodemadrid.com\/system\/fotos\/3637\/showlarge\/WhatsApp%20Image%202020-12-10%20at%2009.58.44.jpeg?1607591667","type":"","width":"","height":""}],"author":"istern","twitter_card":"summary_large_image","twitter_misc":{"Escrito por":"istern","Tiempo de lectura":"4 minutos"},"schema":{"@context":"https:\/\/schema.org","@graph":[{"@type":"WebPage","@id":"https:\/\/fpsin.com\/index.php\/2021\/06\/09\/camiseta-atletico-de-madrid-tienda\/","url":"https:\/\/fpsin.com\/index.php\/2021\/06\/09\/camiseta-atletico-de-madrid-tienda\/","name":"camiseta atletico de madrid tienda - Camiseta de f\u00fatbol Atletico de Madrid 2024 2025 - SuperVigo","isPartOf":{"@id":"https:\/\/fpsin.com\/#website"},"primaryImageOfPage":{"@id":"https:\/\/fpsin.com\/index.php\/2021\/06\/09\/camiseta-atletico-de-madrid-tienda\/#primaryimage"},"image":{"@id":"https:\/\/fpsin.com\/index.php\/2021\/06\/09\/camiseta-atletico-de-madrid-tienda\/#primaryimage"},"thumbnailUrl":"https:\/\/img-estaticos.atleticodemadrid.com\/system\/fotos\/3637\/showlarge\/WhatsApp%20Image%202020-12-10%20at%2009.58.44.jpeg?1607591667","datePublished":"2021-06-09T08:01:27+00:00","author":{"@id":"https:\/\/fpsin.com\/#\/schema\/person\/5ff6c0f8eeacd83e877f7ff3643206c1"},"breadcrumb":{"@id":"https:\/\/fpsin.com\/index.php\/2021\/06\/09\/camiseta-atletico-de-madrid-tienda\/#breadcrumb"},"inLanguage":"es","potentialAction":[{"@type":"ReadAction","target":["https:\/\/fpsin.com\/index.php\/2021\/06\/09\/camiseta-atletico-de-madrid-tienda\/"]}]},{"@type":"ImageObject","inLanguage":"es","@id":"https:\/\/fpsin.com\/index.php\/2021\/06\/09\/camiseta-atletico-de-madrid-tienda\/#primaryimage","url":"https:\/\/img-estaticos.atleticodemadrid.com\/system\/fotos\/3637\/showlarge\/WhatsApp%20Image%202020-12-10%20at%2009.58.44.jpeg?1607591667","contentUrl":"https:\/\/img-estaticos.atleticodemadrid.com\/system\/fotos\/3637\/showlarge\/WhatsApp%20Image%202020-12-10%20at%2009.58.44.jpeg?1607591667"},{"@type":"BreadcrumbList","@id":"https:\/\/fpsin.com\/index.php\/2021\/06\/09\/camiseta-atletico-de-madrid-tienda\/#breadcrumb","itemListElement":[{"@type":"ListItem","position":1,"name":"Portada","item":"https:\/\/fpsin.com\/"},{"@type":"ListItem","position":2,"name":"camiseta atletico de madrid tienda"}]},{"@type":"WebSite","@id":"https:\/\/fpsin.com\/#website","url":"https:\/\/fpsin.com\/","name":"Camiseta de f\u00fatbol Atletico de Madrid 2024 2025 - SuperVigo","description":"Camiseta de Atl\u00e9tico de Madrid - Ofrecemos camiseta del Atl\u00e9tico de Madrid 2024 2025 para adultos y ni\u00f1os. Env\u00edo gratis desde 69\u20ac y personalizar Gratis.","potentialAction":[{"@type":"SearchAction","target":{"@type":"EntryPoint","urlTemplate":"https:\/\/fpsin.com\/?s={search_term_string}"},"query-input":{"@type":"PropertyValueSpecification","valueRequired":true,"valueName":"search_term_string"}}],"inLanguage":"es"},{"@type":"Person","@id":"https:\/\/fpsin.com\/#\/schema\/person\/5ff6c0f8eeacd83e877f7ff3643206c1","name":"istern","image":{"@type":"ImageObject","inLanguage":"es","@id":"https:\/\/fpsin.com\/#\/schema\/person\/image\/","url":"https:\/\/secure.gravatar.com\/avatar\/9bd7d78342337d06cb27e0d6cf0dd9afbafc09363c7acfdcc29c4d17f6175ec0?s=96&d=mm&r=g","contentUrl":"https:\/\/secure.gravatar.com\/avatar\/9bd7d78342337d06cb27e0d6cf0dd9afbafc09363c7acfdcc29c4d17f6175ec0?s=96&d=mm&r=g","caption":"istern"},"sameAs":["https:\/\/fpsin.com"],"url":"https:\/\/fpsin.com\/index.php\/author\/Quetzalxochitl\/"}]}},"_links":{"self":[{"href":"https:\/\/fpsin.com\/index.php\/wp-json\/wp\/v2\/posts\/1421","targetHints":{"allow":["GET"]}}],"collection":[{"href":"https:\/\/fpsin.com\/index.php\/wp-json\/wp\/v2\/posts"}],"about":[{"href":"https:\/\/fpsin.com\/index.php\/wp-json\/wp\/v2\/types\/post"}],"author":[{"embeddable":true,"href":"https:\/\/fpsin.com\/index.php\/wp-json\/wp\/v2\/users\/1"}],"replies":[{"embeddable":true,"href":"https:\/\/fpsin.com\/index.php\/wp-json\/wp\/v2\/comments?post=1421"}],"version-history":[{"count":1,"href":"https:\/\/fpsin.com\/index.php\/wp-json\/wp\/v2\/posts\/1421\/revisions"}],"predecessor-version":[{"id":1422,"href":"https:\/\/fpsin.com\/index.php\/wp-json\/wp\/v2\/posts\/1421\/revisions\/1422"}],"wp:attachment":[{"href":"https:\/\/fpsin.com\/index.php\/wp-json\/wp\/v2\/media?parent=1421"}],"wp:term":[{"taxonomy":"category","embeddable":true,"href":"https:\/\/fpsin.com\/index.php\/wp-json\/wp\/v2\/categories?post=1421"},{"taxonomy":"post_tag","embeddable":true,"href":"https:\/\/fpsin.com\/index.php\/wp-json\/wp\/v2\/tags?post=1421"}],"curies":[{"name":"wp","href":"https:\/\/api.w.org\/{rel}","templated":true}]}}