{"id":1608,"date":"2021-06-09T09:28:56","date_gmt":"2021-06-09T08:28:56","guid":{"rendered":"http:\/\/fpsin.com\/?p=1608"},"modified":"2021-06-09T09:28:56","modified_gmt":"2021-06-09T08:28:56","slug":"marca-del-atletico-de-madrid-todas-las-noticias","status":"publish","type":"post","link":"https:\/\/fpsin.com\/index.php\/2021\/06\/09\/marca-del-atletico-de-madrid-todas-las-noticias\/","title":{"rendered":"marca del atletico de madrid todas las noticias"},"content":{"rendered":"<p><div style=\"clear:both; text-align:center\"><a HREF=\"https:\/\/supervigo.com\/\"><img decoding=\"async\" style=\"max-width: 335px;\" src=\"https:\/\/cloud10.todocoleccion.online\/camisetas-futbol\/tc\/2017\/11\/03\/21\/102389215_71806192.jpg\" alt=\"camiseta casa oficial atl\u00e9tico de madrid 2017\/2 - Comprar Camisetas de F\u00fatbol en todocoleccion ...\"><\/a><\/div>\n<p> En 2017 Nacional obtuvo la primera edici\u00f3n del Torneo Intermedio, pero al no conseguir ni el Apertura ni el Clausura qued\u00f3 fuera de la definici\u00f3n del Campeonato Uruguayo, lo que determin\u00f3 la salida de Lasarte de la direcci\u00f3n t\u00e9cnica. Logr\u00f3 su primera victoria sobre el CURCC por 2:1. El 10 de agosto, en el partido clave por la definici\u00f3n del campeonato, venci\u00f3 nuevamente al CURCC por 3:1 en Villa Pe\u00f1arol, adjudic\u00e1ndose su primer t\u00edtulo. Gan\u00f3 todos los partidos disputados como local en el Gran Parque Central finalizando cinco puntos sobre sus seguidores. Es uno de los equipos m\u00e1s ic\u00f3nicos y tradicionales del \u00e1mbito local. En 1906, Nacional present\u00f3 dos equipos en el Campeonato Uruguayo, y el Team B utilizaba una casaca azul y negra a franjas horizontales. Con estos nuevos \u00e9xitos Nacional igual\u00f3 a Pe\u00f1arol como uno de los dos equipos uruguayos con m\u00e1s t\u00edtulos internacionales oficiales organizados por Conmebol-FIFA, con un total de nueve logros. Liga y Copa, el club ha ganado dos t\u00edtulos de Supercopa de Espa\u00f1a, junto con otros tres t\u00edtulos predecesores de esta competici\u00f3n.<\/p>\n<p><a href=\"https:\/\/supervigo.com\/\"><img src='https:\/\/www.fcbarcelonanoticias.com\/uploads\/s1\/12\/36\/78\/4\/benzema-eibar.jpeg' style=\"clear:both; float:left; padding:10px 10px 10px 0px;border:0px; max-width: 335px;\"><\/a> Estos, sumados a los doce obtenidos en los torneos rioplatenses, dan un total de veinti\u00fan t\u00edtulos internacionales. El predio cuenta en total con 43 324 metros cuadrados. A finales de la d\u00e9cada de 1980, el club, al igual que todo el f\u00fatbol uruguayo, <a href=\"https:\/\/supervigo.com\/es_ES\/taxons\/atletico-de-madrid-es-05\">tercera equipacion atletico de madrid<\/a> estaba sumido en graves problemas econ\u00f3micos. A partir de la d\u00e9cada de los 80, Nacional comenz\u00f3 a utilizar patrocinadores en sus camisetas. Dicha victoria le permiti\u00f3 al club disputar dos trofeos internacionales m\u00e1s: la Copa Intercontinental 1971 y la Copa Interamericana 1972. Para lograr la Intercontinental, Nacional debi\u00f3 enfrentarse con el Panathinaikos, subcampe\u00f3n europeo. Dio dos asistencias de gol en el partido, la segunda dio la victoria al equipo en el \u00faltimo minuto del partido en una falta que remat\u00f3 de cabeza su compa\u00f1era y amiga Patricia Guijarro. Las ocasiones se suced\u00edan pero, a pesar de encontrarse Falcao en el campo, el Atl\u00e9tico no lleg\u00f3 a encontrar el gol.<\/p>\n<div style=\"clear:both;\"><\/div>\n<p> El 15 de diciembre se jug\u00f3 la primera final, 1:1 en el Estadio Karaiskakis de El Pireo, con gol de Luis Artime. Oblak, Felipe, Gim\u00e9nez, Hermoso, Marcos Llorente, Lodi, Correa, Kondogbia, Koke, Joao F\u00e9lix y Luis Su\u00e1rez. Nacional form\u00f3 con Alejandro Cordero, Arturo Corradi, Jorge Ballestero, F\u00e9lix N. Rosati, Carlos Carve Urioste, Bernardino Daglio, Jaime Gianetto, Sebasti\u00e1n Puppo, Domingo Prat, Juan Vallarino y Melit\u00f3n Romero. Ese mismo a\u00f1o fallecieron prematuramente Bol\u00edvar y Carlos C\u00e9spedes, producto de una epidemia de viruela. El fallecimiento del joven lateral izquierdo titular Diego Rodr\u00edguez, sucedido el 11 de septiembre de 2010 producto de un accidente de tr\u00e1nsito, fue otro golpe duro para el club. El Atl\u00e9tico de Madrid, que este mi\u00e9rcoles se juega en Salzburgo su futuro en la Champions League, no para de romper barreras, igualar en otros casos, desde la llegada de Diego Pablo Simeone al banquillo. Diego Costa fue titular pero en el minuto 16 se lesion\u00f3 y tuvo que ser sustituido por Adri\u00e1n. As\u00ed pues, la que deb\u00eda ser la primera Liga Espa\u00f1ola de Foot-Ball profesional se desdobl\u00f3 en dos competiciones inacabadas: el Torneo de Campeones y la Liga M\u00e1xima, sin poder resolverse las rencillas hasta la temporada siguiente. \u2191 \u00abMenayo: \u201cSe siente mucho orgullo por ser campe\u00f3n\u201d\u00bb.<\/p>\n<p> \u2191 \u00abWomen&#8217;s Under-17 &#8211; Spain &#8211; Russia\u00bb. \u2191 \u00abWomen&#8217;s Under-17 &#8211; Spain &#8211; Switzerland\u00bb. \u2191 \u00abWomen&#8217;s Under-19 &#8211; Technical report &#8211; The UEFA technical team\u00bb. \u2191 \u00abOFICIAL &#8211; Estas son las convocadas para disputar la Eurocopa Sub-19 femenina de Irlanda del Norte\u00bb. Nacido en 1938, el rotativo ha escrito la historia del deporte espa\u00f1ol y mundial desde sus inicios y su car\u00e1cter nacional le define como el peri\u00f3dico de todas las aficiones. \u2191 \u00abF\u00e1tima Agudo, primera mujer Premio Extremadura del Deporte 2017\u00bb. Hoy de Extremadura (Vocento). El Peri\u00f3dico Extremadura (Grupo Zeta). HOY de Extremadura (Vocento). La vida del joven Arias muy pronto sufrir\u00eda un gran rev\u00e9s. Cabe destacar que seis de estos jugadores ejercieron la presidencia del club. La bandera del club se crea el 23 de mayo de 1902 por iniciativa de Domingo Prat. \u2191 \u00abOFICIAL &#8211; Convocatoria definitiva para el Campeonato del Mundo Sub-20 de Pap\u00faa Nueva Guinea\u00bb.<\/p>\n","protected":false},"excerpt":{"rendered":"<p>En 2017 Nacional obtuvo la primera edici\u00f3n del Torneo Intermedio, pero al no conseguir ni el Apertura ni el Clausura qued\u00f3 fuera de la definici\u00f3n del Campeonato Uruguayo, lo que determin\u00f3 la salida de Lasarte de la direcci\u00f3n t\u00e9cnica. Logr\u00f3 su primera victoria sobre el CURCC por 2:1. El 10 de agosto, en el partido [&hellip;]<\/p>\n","protected":false},"author":1,"featured_media":0,"comment_status":"open","ping_status":"open","sticky":false,"template":"","format":"standard","meta":{"footnotes":""},"categories":[1],"tags":[194,917,916],"class_list":["post-1608","post","type-post","status-publish","format-standard","hentry","category-uncategorized","tag-camisetas-de-futbol-atletico-de-madrid-ninos","tag-comprar-entradas-atletico-de-madrid-getafe","tag-entradas-atletico-de-madrid-femenino"],"blocksy_meta":[],"yoast_head":"<!-- This site is optimized with the Yoast SEO plugin v25.8 - https:\/\/yoast.com\/wordpress\/plugins\/seo\/ -->\n<title>marca del atletico de madrid todas las noticias - Camiseta de f\u00fatbol Atletico de Madrid 2024 2025 - SuperVigo<\/title>\n<meta name=\"robots\" content=\"index, follow, max-snippet:-1, max-image-preview:large, max-video-preview:-1\" \/>\n<link rel=\"canonical\" href=\"https:\/\/fpsin.com\/index.php\/2021\/06\/09\/marca-del-atletico-de-madrid-todas-las-noticias\/\" \/>\n<meta property=\"og:locale\" content=\"es_ES\" \/>\n<meta property=\"og:type\" content=\"article\" \/>\n<meta property=\"og:title\" content=\"marca del atletico de madrid todas las noticias - Camiseta de f\u00fatbol Atletico de Madrid 2024 2025 - SuperVigo\" \/>\n<meta property=\"og:description\" content=\"En 2017 Nacional obtuvo la primera edici\u00f3n del Torneo Intermedio, pero al no conseguir ni el Apertura ni el Clausura qued\u00f3 fuera de la definici\u00f3n del Campeonato Uruguayo, lo que determin\u00f3 la salida de Lasarte de la direcci\u00f3n t\u00e9cnica. Logr\u00f3 su primera victoria sobre el CURCC por 2:1. El 10 de agosto, en el partido [&hellip;]\" \/>\n<meta property=\"og:url\" content=\"https:\/\/fpsin.com\/index.php\/2021\/06\/09\/marca-del-atletico-de-madrid-todas-las-noticias\/\" \/>\n<meta property=\"og:site_name\" content=\"Camiseta de f\u00fatbol Atletico de Madrid 2024 2025 - SuperVigo\" \/>\n<meta property=\"article:published_time\" content=\"2021-06-09T08:28:56+00:00\" \/>\n<meta property=\"og:image\" content=\"https:\/\/cloud10.todocoleccion.online\/camisetas-futbol\/tc\/2017\/11\/03\/21\/102389215_71806192.jpg\" \/>\n<meta name=\"author\" content=\"istern\" \/>\n<meta name=\"twitter:card\" content=\"summary_large_image\" \/>\n<meta name=\"twitter:label1\" content=\"Escrito por\" \/>\n\t<meta name=\"twitter:data1\" content=\"istern\" \/>\n\t<meta name=\"twitter:label2\" content=\"Tiempo de lectura\" \/>\n\t<meta name=\"twitter:data2\" content=\"4 minutos\" \/>\n<script type=\"application\/ld+json\" class=\"yoast-schema-graph\">{\"@context\":\"https:\/\/schema.org\",\"@graph\":[{\"@type\":\"WebPage\",\"@id\":\"https:\/\/fpsin.com\/index.php\/2021\/06\/09\/marca-del-atletico-de-madrid-todas-las-noticias\/\",\"url\":\"https:\/\/fpsin.com\/index.php\/2021\/06\/09\/marca-del-atletico-de-madrid-todas-las-noticias\/\",\"name\":\"marca del atletico de madrid todas las noticias - Camiseta de f\u00fatbol Atletico de Madrid 2024 2025 - SuperVigo\",\"isPartOf\":{\"@id\":\"https:\/\/fpsin.com\/#website\"},\"primaryImageOfPage\":{\"@id\":\"https:\/\/fpsin.com\/index.php\/2021\/06\/09\/marca-del-atletico-de-madrid-todas-las-noticias\/#primaryimage\"},\"image\":{\"@id\":\"https:\/\/fpsin.com\/index.php\/2021\/06\/09\/marca-del-atletico-de-madrid-todas-las-noticias\/#primaryimage\"},\"thumbnailUrl\":\"https:\/\/cloud10.todocoleccion.online\/camisetas-futbol\/tc\/2017\/11\/03\/21\/102389215_71806192.jpg\",\"datePublished\":\"2021-06-09T08:28:56+00:00\",\"author\":{\"@id\":\"https:\/\/fpsin.com\/#\/schema\/person\/5ff6c0f8eeacd83e877f7ff3643206c1\"},\"breadcrumb\":{\"@id\":\"https:\/\/fpsin.com\/index.php\/2021\/06\/09\/marca-del-atletico-de-madrid-todas-las-noticias\/#breadcrumb\"},\"inLanguage\":\"es\",\"potentialAction\":[{\"@type\":\"ReadAction\",\"target\":[\"https:\/\/fpsin.com\/index.php\/2021\/06\/09\/marca-del-atletico-de-madrid-todas-las-noticias\/\"]}]},{\"@type\":\"ImageObject\",\"inLanguage\":\"es\",\"@id\":\"https:\/\/fpsin.com\/index.php\/2021\/06\/09\/marca-del-atletico-de-madrid-todas-las-noticias\/#primaryimage\",\"url\":\"https:\/\/cloud10.todocoleccion.online\/camisetas-futbol\/tc\/2017\/11\/03\/21\/102389215_71806192.jpg\",\"contentUrl\":\"https:\/\/cloud10.todocoleccion.online\/camisetas-futbol\/tc\/2017\/11\/03\/21\/102389215_71806192.jpg\"},{\"@type\":\"BreadcrumbList\",\"@id\":\"https:\/\/fpsin.com\/index.php\/2021\/06\/09\/marca-del-atletico-de-madrid-todas-las-noticias\/#breadcrumb\",\"itemListElement\":[{\"@type\":\"ListItem\",\"position\":1,\"name\":\"Portada\",\"item\":\"https:\/\/fpsin.com\/\"},{\"@type\":\"ListItem\",\"position\":2,\"name\":\"marca del atletico de madrid todas las noticias\"}]},{\"@type\":\"WebSite\",\"@id\":\"https:\/\/fpsin.com\/#website\",\"url\":\"https:\/\/fpsin.com\/\",\"name\":\"Camiseta de f\u00fatbol Atletico de Madrid 2024 2025 - SuperVigo\",\"description\":\"Camiseta de Atl\u00e9tico de Madrid - Ofrecemos camiseta del Atl\u00e9tico de Madrid 2024 2025 para adultos y ni\u00f1os. Env\u00edo gratis desde 69\u20ac y personalizar Gratis.\",\"potentialAction\":[{\"@type\":\"SearchAction\",\"target\":{\"@type\":\"EntryPoint\",\"urlTemplate\":\"https:\/\/fpsin.com\/?s={search_term_string}\"},\"query-input\":{\"@type\":\"PropertyValueSpecification\",\"valueRequired\":true,\"valueName\":\"search_term_string\"}}],\"inLanguage\":\"es\"},{\"@type\":\"Person\",\"@id\":\"https:\/\/fpsin.com\/#\/schema\/person\/5ff6c0f8eeacd83e877f7ff3643206c1\",\"name\":\"istern\",\"image\":{\"@type\":\"ImageObject\",\"inLanguage\":\"es\",\"@id\":\"https:\/\/fpsin.com\/#\/schema\/person\/image\/\",\"url\":\"https:\/\/secure.gravatar.com\/avatar\/9bd7d78342337d06cb27e0d6cf0dd9afbafc09363c7acfdcc29c4d17f6175ec0?s=96&d=mm&r=g\",\"contentUrl\":\"https:\/\/secure.gravatar.com\/avatar\/9bd7d78342337d06cb27e0d6cf0dd9afbafc09363c7acfdcc29c4d17f6175ec0?s=96&d=mm&r=g\",\"caption\":\"istern\"},\"sameAs\":[\"https:\/\/fpsin.com\"],\"url\":\"https:\/\/fpsin.com\/index.php\/author\/Quetzalxochitl\/\"}]}<\/script>\n<!-- \/ Yoast SEO plugin. -->","yoast_head_json":{"title":"marca del atletico de madrid todas las noticias - Camiseta de f\u00fatbol Atletico de Madrid 2024 2025 - SuperVigo","robots":{"index":"index","follow":"follow","max-snippet":"max-snippet:-1","max-image-preview":"max-image-preview:large","max-video-preview":"max-video-preview:-1"},"canonical":"https:\/\/fpsin.com\/index.php\/2021\/06\/09\/marca-del-atletico-de-madrid-todas-las-noticias\/","og_locale":"es_ES","og_type":"article","og_title":"marca del atletico de madrid todas las noticias - Camiseta de f\u00fatbol Atletico de Madrid 2024 2025 - SuperVigo","og_description":"En 2017 Nacional obtuvo la primera edici\u00f3n del Torneo Intermedio, pero al no conseguir ni el Apertura ni el Clausura qued\u00f3 fuera de la definici\u00f3n del Campeonato Uruguayo, lo que determin\u00f3 la salida de Lasarte de la direcci\u00f3n t\u00e9cnica. Logr\u00f3 su primera victoria sobre el CURCC por 2:1. El 10 de agosto, en el partido [&hellip;]","og_url":"https:\/\/fpsin.com\/index.php\/2021\/06\/09\/marca-del-atletico-de-madrid-todas-las-noticias\/","og_site_name":"Camiseta de f\u00fatbol Atletico de Madrid 2024 2025 - SuperVigo","article_published_time":"2021-06-09T08:28:56+00:00","og_image":[{"url":"https:\/\/cloud10.todocoleccion.online\/camisetas-futbol\/tc\/2017\/11\/03\/21\/102389215_71806192.jpg","type":"","width":"","height":""}],"author":"istern","twitter_card":"summary_large_image","twitter_misc":{"Escrito por":"istern","Tiempo de lectura":"4 minutos"},"schema":{"@context":"https:\/\/schema.org","@graph":[{"@type":"WebPage","@id":"https:\/\/fpsin.com\/index.php\/2021\/06\/09\/marca-del-atletico-de-madrid-todas-las-noticias\/","url":"https:\/\/fpsin.com\/index.php\/2021\/06\/09\/marca-del-atletico-de-madrid-todas-las-noticias\/","name":"marca del atletico de madrid todas las noticias - Camiseta de f\u00fatbol Atletico de Madrid 2024 2025 - SuperVigo","isPartOf":{"@id":"https:\/\/fpsin.com\/#website"},"primaryImageOfPage":{"@id":"https:\/\/fpsin.com\/index.php\/2021\/06\/09\/marca-del-atletico-de-madrid-todas-las-noticias\/#primaryimage"},"image":{"@id":"https:\/\/fpsin.com\/index.php\/2021\/06\/09\/marca-del-atletico-de-madrid-todas-las-noticias\/#primaryimage"},"thumbnailUrl":"https:\/\/cloud10.todocoleccion.online\/camisetas-futbol\/tc\/2017\/11\/03\/21\/102389215_71806192.jpg","datePublished":"2021-06-09T08:28:56+00:00","author":{"@id":"https:\/\/fpsin.com\/#\/schema\/person\/5ff6c0f8eeacd83e877f7ff3643206c1"},"breadcrumb":{"@id":"https:\/\/fpsin.com\/index.php\/2021\/06\/09\/marca-del-atletico-de-madrid-todas-las-noticias\/#breadcrumb"},"inLanguage":"es","potentialAction":[{"@type":"ReadAction","target":["https:\/\/fpsin.com\/index.php\/2021\/06\/09\/marca-del-atletico-de-madrid-todas-las-noticias\/"]}]},{"@type":"ImageObject","inLanguage":"es","@id":"https:\/\/fpsin.com\/index.php\/2021\/06\/09\/marca-del-atletico-de-madrid-todas-las-noticias\/#primaryimage","url":"https:\/\/cloud10.todocoleccion.online\/camisetas-futbol\/tc\/2017\/11\/03\/21\/102389215_71806192.jpg","contentUrl":"https:\/\/cloud10.todocoleccion.online\/camisetas-futbol\/tc\/2017\/11\/03\/21\/102389215_71806192.jpg"},{"@type":"BreadcrumbList","@id":"https:\/\/fpsin.com\/index.php\/2021\/06\/09\/marca-del-atletico-de-madrid-todas-las-noticias\/#breadcrumb","itemListElement":[{"@type":"ListItem","position":1,"name":"Portada","item":"https:\/\/fpsin.com\/"},{"@type":"ListItem","position":2,"name":"marca del atletico de madrid todas las noticias"}]},{"@type":"WebSite","@id":"https:\/\/fpsin.com\/#website","url":"https:\/\/fpsin.com\/","name":"Camiseta de f\u00fatbol Atletico de Madrid 2024 2025 - SuperVigo","description":"Camiseta de Atl\u00e9tico de Madrid - Ofrecemos camiseta del Atl\u00e9tico de Madrid 2024 2025 para adultos y ni\u00f1os. Env\u00edo gratis desde 69\u20ac y personalizar Gratis.","potentialAction":[{"@type":"SearchAction","target":{"@type":"EntryPoint","urlTemplate":"https:\/\/fpsin.com\/?s={search_term_string}"},"query-input":{"@type":"PropertyValueSpecification","valueRequired":true,"valueName":"search_term_string"}}],"inLanguage":"es"},{"@type":"Person","@id":"https:\/\/fpsin.com\/#\/schema\/person\/5ff6c0f8eeacd83e877f7ff3643206c1","name":"istern","image":{"@type":"ImageObject","inLanguage":"es","@id":"https:\/\/fpsin.com\/#\/schema\/person\/image\/","url":"https:\/\/secure.gravatar.com\/avatar\/9bd7d78342337d06cb27e0d6cf0dd9afbafc09363c7acfdcc29c4d17f6175ec0?s=96&d=mm&r=g","contentUrl":"https:\/\/secure.gravatar.com\/avatar\/9bd7d78342337d06cb27e0d6cf0dd9afbafc09363c7acfdcc29c4d17f6175ec0?s=96&d=mm&r=g","caption":"istern"},"sameAs":["https:\/\/fpsin.com"],"url":"https:\/\/fpsin.com\/index.php\/author\/Quetzalxochitl\/"}]}},"_links":{"self":[{"href":"https:\/\/fpsin.com\/index.php\/wp-json\/wp\/v2\/posts\/1608","targetHints":{"allow":["GET"]}}],"collection":[{"href":"https:\/\/fpsin.com\/index.php\/wp-json\/wp\/v2\/posts"}],"about":[{"href":"https:\/\/fpsin.com\/index.php\/wp-json\/wp\/v2\/types\/post"}],"author":[{"embeddable":true,"href":"https:\/\/fpsin.com\/index.php\/wp-json\/wp\/v2\/users\/1"}],"replies":[{"embeddable":true,"href":"https:\/\/fpsin.com\/index.php\/wp-json\/wp\/v2\/comments?post=1608"}],"version-history":[{"count":1,"href":"https:\/\/fpsin.com\/index.php\/wp-json\/wp\/v2\/posts\/1608\/revisions"}],"predecessor-version":[{"id":1609,"href":"https:\/\/fpsin.com\/index.php\/wp-json\/wp\/v2\/posts\/1608\/revisions\/1609"}],"wp:attachment":[{"href":"https:\/\/fpsin.com\/index.php\/wp-json\/wp\/v2\/media?parent=1608"}],"wp:term":[{"taxonomy":"category","embeddable":true,"href":"https:\/\/fpsin.com\/index.php\/wp-json\/wp\/v2\/categories?post=1608"},{"taxonomy":"post_tag","embeddable":true,"href":"https:\/\/fpsin.com\/index.php\/wp-json\/wp\/v2\/tags?post=1608"}],"curies":[{"name":"wp","href":"https:\/\/api.w.org\/{rel}","templated":true}]}}