{"id":1762,"date":"2021-06-09T09:46:17","date_gmt":"2021-06-09T08:46:17","guid":{"rendered":"http:\/\/fpsin.com\/?p=1762"},"modified":"2021-06-09T09:46:17","modified_gmt":"2021-06-09T08:46:17","slug":"camiseta-rosa-atletico-de-madrid-nino","status":"publish","type":"post","link":"https:\/\/fpsin.com\/index.php\/2021\/06\/09\/camiseta-rosa-atletico-de-madrid-nino\/","title":{"rendered":"camiseta rosa atletico de madrid ni\u00f1o"},"content":{"rendered":"<p> El peque\u00f1o de nueve a\u00f1os es argentino y perdi\u00f3 sus extremidades cuando ten\u00eda un a\u00f1o y medio por una bacteria llamada meningococemia. En la actualidad cuentan con los brasile\u00f1os Wendell y Paulinho, con el chileno Charles Ar\u00e1nguiz, que finaliza contrato en 2020 y al que quieren renovar, y el argentino Lucas Alario a los que miman y cuidan. La actual ciudad marroqu\u00ed de T\u00e1nger ha sido tradicionalmente a lo largo de su dilatada historia feudo de muchas civilizaciones y culturas, las cuales siempre han dejado una huella imborrable todav\u00eda persistente en la actualidad. El estadio marroqu\u00ed estar\u00eda cubierto en su totalidad, \u00ablo que supone un gran desaf\u00edo t\u00e9cnico y que ha sido desarrollado con las exigencias de las \u00faltimas normativas FIFA\u00bb, dice la nota. El proyecto ser\u00eda el mayor realizado por esta firma, que ya construy\u00f3 el Wanda Metropolitano, estadio del Club Atl\u00e9tico de Madrid, asegura esta empresa en un comunicado.<\/p>\n<p> Su gran reto: Incluir a su club entre los 16 m\u00e1s importantes del mundo. Felicito al Atl\u00e9tico de Madrid porque ha decidido evitar el incendio anual del mes de septiembre. Los donostiarras lograr\u00e1n plaza europea si ganan o empatan en el Wanda al Atl\u00e9tico de Madrid. Sergio Reguil\u00f3n podr\u00e1 jugar esta tarde (18.30 horas) frente al Atl\u00e9tico de Madrid. Los atracadores son neutralizados en una espectacular operaci\u00f3n de la polic\u00eda, tras varias horas de tensi\u00f3n en la que tuvieron secuestrados a diversos ciudadanos como rehenes. En una reciente encuesta, Carvajal jugando menos de un a\u00f1o, <a Href=\"https:\/\/supervigo.com\/es_ES\/taxons\/atletico-de-madrid-es-05\"  rel=\"nofollow\">tercera equipacion atletico de madrid 2021<\/a> fue elegido entre los mejores 40 jugadores de la historia del Leverkusen. Y en Leverkusen lo saben. El medio centro del Real Madrid jug\u00f3 en Leverkusen dos temporadas antes de fichar por el Bayern Munich. En el a\u00f1o y medio como CEO del Leverkusen reconoce que su gran objetivo ha sido lograr la clasificaci\u00f3n para la Liga de Campeones. A fecha de mayo de 2018 era el octavo jugador con mayor n\u00famero de partidos en liga en el club colchonero, con 297 partidos en 10 temporadas. El equipo dirigido por Unai Emery logr\u00f3 disputar cada temporada la Liga de Campeones, mientras el club incorporaba futbolistas j\u00f3venes o poco conocidos que hac\u00edan disminuir el nivel de la plantilla.<\/p>\n<p> En la direcci\u00f3n del club y en general, en la cultura alemana, Fernando Carro apela al consenso como gran fortaleza de la negociaci\u00f3n. Fernando Carro es un gran conversador. Fernando Carro comenz\u00f3 sus estudios en el Colegio Alem\u00e1n de la capital catalana y la llegada de Krankl al Bar\u00e7a en 1978 le hizo crecer con f\u00fatbol en su propia casa. Junto a Bayern y Dortmund, el Leverkusen es el \u00fanico equipo alem\u00e1n que no ha bajado a segunda divisi\u00f3n en los \u00faltimos 40 a\u00f1os y ahora quieren dar un paso m\u00e1s para ganar t\u00edtulos tras 16 a\u00f1os de sequ\u00eda. El Bayern Munich le vigila de cerca. Solo le vale la victoria al Legan\u00e9s, ya que en caso de empate el goal average favorece al Celta. Al Racing le bastaba el empate para proclamarse campe\u00f3n, pero una victoria athl\u00e9tica supondr\u00eda un triple empate en el primer puesto. Madrid, 9 jun (EFE).- La oficina espa\u00f1ola Cruz y Ortiz Arquitectos proyecta el estadio de la gran final de la candidatura para el mundial de Marruecos 2026, que tendr\u00e1 una capacidad de 90.000 espectadores y se ubicar\u00e1 en Casablanca.<\/p>\n<div style=\"clear:both; text-align:center\"><iframe width='640' height='360' src='https:\/\/www.youtube.com\/embed\/Exnd4MFFo6s?showinfo=0&#038;iv_load_policy=3' frameborder='0' allowfullscreen title='UNAI L'><\/iframe><\/div>\n<p> 1-0 a Portugal, a quienes les marc\u00f3 un gol de penalti que sirvi\u00f3 para llevar a los franceses a la final. La Tribuna \u201cSur Baja\u201d no necesit\u00f3 ni el comienzo del partido para que empezaran los cantos contra la barra y dirigentes, a quienes se culpaba de Traici\u00f3n y Corrupci\u00f3n respectivamente. El tanto del franc\u00e9s del Atl\u00e9tico fue con un lanzamiento de falta magistral desde la frontal. La Zona Su\u00e1rez, dijo Simeone en la previa, y la Zona Su\u00e1rez mantiene al Atl\u00e9tico dependiendo de s\u00ed mismo. El examen de italiano de Su\u00e1rez, un fil\u00f3n para los memes. Su\u00e1rez admiti\u00f3 que sab\u00eda con antelaci\u00f3n las preguntas que le iban a hacer en el examen. Las fuentes oficiales afirman que era fuerte f\u00edsicamente, destacando que era un delantero sin miedo (principal virtud de un atacante). \u00abInferiores: la era Navarro Montoya sum\u00f3 un refuerzo sorpresa &#8211; Diario Xeneize\u00bb. La primera sorpresa se produjo en el vestuario. En ese escenario, por ejemplo, se ve con cierta distancia y sorpresa la situaci\u00f3n que atraviesa el f\u00fatbol espa\u00f1ol donde la Federaci\u00f3n y LaLiga est\u00e1n lejos del entendimiento que s\u00ed existe en Alemania.<\/p>\n<p>Si usted acarici\u00f3 este art\u00edculo y usted quisiera obtener muchos m\u00e1s datos sobre <a HREF=\"https:\/\/supervigo.com\/\">camisetas de futbol 2022<\/a> amablemente echa un vistazo a nuestro propio sitio web.<\/p>\n","protected":false},"excerpt":{"rendered":"<p>El peque\u00f1o de nueve a\u00f1os es argentino y perdi\u00f3 sus extremidades cuando ten\u00eda un a\u00f1o y medio por una bacteria llamada meningococemia. En la actualidad cuentan con los brasile\u00f1os Wendell y Paulinho, con el chileno Charles Ar\u00e1nguiz, que finaliza contrato en 2020 y al que quieren renovar, y el argentino Lucas Alario a los que [&hellip;]<\/p>\n","protected":false},"author":1,"featured_media":0,"comment_status":"open","ping_status":"open","sticky":false,"template":"","format":"standard","meta":{"footnotes":""},"categories":[1],"tags":[896,794,985],"class_list":["post-1762","post","type-post","status-publish","format-standard","hentry","category-uncategorized","tag-camiseta-atletico-de-madrid-18","tag-camiseta-atletico-de-madrid-gimenez","tag-medias-equipacion-atletico-de-madrid"],"blocksy_meta":[],"yoast_head":"<!-- This site is optimized with the Yoast SEO plugin v25.8 - https:\/\/yoast.com\/wordpress\/plugins\/seo\/ -->\n<title>camiseta rosa atletico de madrid ni\u00f1o - Camiseta de f\u00fatbol Atletico de Madrid 2024 2025 - SuperVigo<\/title>\n<meta name=\"robots\" content=\"index, follow, max-snippet:-1, max-image-preview:large, max-video-preview:-1\" \/>\n<link rel=\"canonical\" href=\"https:\/\/fpsin.com\/index.php\/2021\/06\/09\/camiseta-rosa-atletico-de-madrid-nino\/\" \/>\n<meta property=\"og:locale\" content=\"es_ES\" \/>\n<meta property=\"og:type\" content=\"article\" \/>\n<meta property=\"og:title\" content=\"camiseta rosa atletico de madrid ni\u00f1o - Camiseta de f\u00fatbol Atletico de Madrid 2024 2025 - SuperVigo\" \/>\n<meta property=\"og:description\" content=\"El peque\u00f1o de nueve a\u00f1os es argentino y perdi\u00f3 sus extremidades cuando ten\u00eda un a\u00f1o y medio por una bacteria llamada meningococemia. En la actualidad cuentan con los brasile\u00f1os Wendell y Paulinho, con el chileno Charles Ar\u00e1nguiz, que finaliza contrato en 2020 y al que quieren renovar, y el argentino Lucas Alario a los que [&hellip;]\" \/>\n<meta property=\"og:url\" content=\"https:\/\/fpsin.com\/index.php\/2021\/06\/09\/camiseta-rosa-atletico-de-madrid-nino\/\" \/>\n<meta property=\"og:site_name\" content=\"Camiseta de f\u00fatbol Atletico de Madrid 2024 2025 - SuperVigo\" \/>\n<meta property=\"article:published_time\" content=\"2021-06-09T08:46:17+00:00\" \/>\n<meta name=\"author\" content=\"istern\" \/>\n<meta name=\"twitter:card\" content=\"summary_large_image\" \/>\n<meta name=\"twitter:label1\" content=\"Escrito por\" \/>\n\t<meta name=\"twitter:data1\" content=\"istern\" \/>\n\t<meta name=\"twitter:label2\" content=\"Tiempo de lectura\" \/>\n\t<meta name=\"twitter:data2\" content=\"4 minutos\" \/>\n<script type=\"application\/ld+json\" class=\"yoast-schema-graph\">{\"@context\":\"https:\/\/schema.org\",\"@graph\":[{\"@type\":\"WebPage\",\"@id\":\"https:\/\/fpsin.com\/index.php\/2021\/06\/09\/camiseta-rosa-atletico-de-madrid-nino\/\",\"url\":\"https:\/\/fpsin.com\/index.php\/2021\/06\/09\/camiseta-rosa-atletico-de-madrid-nino\/\",\"name\":\"camiseta rosa atletico de madrid ni\u00f1o - Camiseta de f\u00fatbol Atletico de Madrid 2024 2025 - SuperVigo\",\"isPartOf\":{\"@id\":\"https:\/\/fpsin.com\/#website\"},\"datePublished\":\"2021-06-09T08:46:17+00:00\",\"author\":{\"@id\":\"https:\/\/fpsin.com\/#\/schema\/person\/5ff6c0f8eeacd83e877f7ff3643206c1\"},\"breadcrumb\":{\"@id\":\"https:\/\/fpsin.com\/index.php\/2021\/06\/09\/camiseta-rosa-atletico-de-madrid-nino\/#breadcrumb\"},\"inLanguage\":\"es\",\"potentialAction\":[{\"@type\":\"ReadAction\",\"target\":[\"https:\/\/fpsin.com\/index.php\/2021\/06\/09\/camiseta-rosa-atletico-de-madrid-nino\/\"]}]},{\"@type\":\"BreadcrumbList\",\"@id\":\"https:\/\/fpsin.com\/index.php\/2021\/06\/09\/camiseta-rosa-atletico-de-madrid-nino\/#breadcrumb\",\"itemListElement\":[{\"@type\":\"ListItem\",\"position\":1,\"name\":\"Portada\",\"item\":\"https:\/\/fpsin.com\/\"},{\"@type\":\"ListItem\",\"position\":2,\"name\":\"camiseta rosa atletico de madrid ni\u00f1o\"}]},{\"@type\":\"WebSite\",\"@id\":\"https:\/\/fpsin.com\/#website\",\"url\":\"https:\/\/fpsin.com\/\",\"name\":\"Camiseta de f\u00fatbol Atletico de Madrid 2024 2025 - SuperVigo\",\"description\":\"Camiseta de Atl\u00e9tico de Madrid - Ofrecemos camiseta del Atl\u00e9tico de Madrid 2024 2025 para adultos y ni\u00f1os. Env\u00edo gratis desde 69\u20ac y personalizar Gratis.\",\"potentialAction\":[{\"@type\":\"SearchAction\",\"target\":{\"@type\":\"EntryPoint\",\"urlTemplate\":\"https:\/\/fpsin.com\/?s={search_term_string}\"},\"query-input\":{\"@type\":\"PropertyValueSpecification\",\"valueRequired\":true,\"valueName\":\"search_term_string\"}}],\"inLanguage\":\"es\"},{\"@type\":\"Person\",\"@id\":\"https:\/\/fpsin.com\/#\/schema\/person\/5ff6c0f8eeacd83e877f7ff3643206c1\",\"name\":\"istern\",\"image\":{\"@type\":\"ImageObject\",\"inLanguage\":\"es\",\"@id\":\"https:\/\/fpsin.com\/#\/schema\/person\/image\/\",\"url\":\"https:\/\/secure.gravatar.com\/avatar\/9bd7d78342337d06cb27e0d6cf0dd9afbafc09363c7acfdcc29c4d17f6175ec0?s=96&d=mm&r=g\",\"contentUrl\":\"https:\/\/secure.gravatar.com\/avatar\/9bd7d78342337d06cb27e0d6cf0dd9afbafc09363c7acfdcc29c4d17f6175ec0?s=96&d=mm&r=g\",\"caption\":\"istern\"},\"sameAs\":[\"https:\/\/fpsin.com\"],\"url\":\"https:\/\/fpsin.com\/index.php\/author\/Quetzalxochitl\/\"}]}<\/script>\n<!-- \/ Yoast SEO plugin. -->","yoast_head_json":{"title":"camiseta rosa atletico de madrid ni\u00f1o - Camiseta de f\u00fatbol Atletico de Madrid 2024 2025 - SuperVigo","robots":{"index":"index","follow":"follow","max-snippet":"max-snippet:-1","max-image-preview":"max-image-preview:large","max-video-preview":"max-video-preview:-1"},"canonical":"https:\/\/fpsin.com\/index.php\/2021\/06\/09\/camiseta-rosa-atletico-de-madrid-nino\/","og_locale":"es_ES","og_type":"article","og_title":"camiseta rosa atletico de madrid ni\u00f1o - Camiseta de f\u00fatbol Atletico de Madrid 2024 2025 - SuperVigo","og_description":"El peque\u00f1o de nueve a\u00f1os es argentino y perdi\u00f3 sus extremidades cuando ten\u00eda un a\u00f1o y medio por una bacteria llamada meningococemia. En la actualidad cuentan con los brasile\u00f1os Wendell y Paulinho, con el chileno Charles Ar\u00e1nguiz, que finaliza contrato en 2020 y al que quieren renovar, y el argentino Lucas Alario a los que [&hellip;]","og_url":"https:\/\/fpsin.com\/index.php\/2021\/06\/09\/camiseta-rosa-atletico-de-madrid-nino\/","og_site_name":"Camiseta de f\u00fatbol Atletico de Madrid 2024 2025 - SuperVigo","article_published_time":"2021-06-09T08:46:17+00:00","author":"istern","twitter_card":"summary_large_image","twitter_misc":{"Escrito por":"istern","Tiempo de lectura":"4 minutos"},"schema":{"@context":"https:\/\/schema.org","@graph":[{"@type":"WebPage","@id":"https:\/\/fpsin.com\/index.php\/2021\/06\/09\/camiseta-rosa-atletico-de-madrid-nino\/","url":"https:\/\/fpsin.com\/index.php\/2021\/06\/09\/camiseta-rosa-atletico-de-madrid-nino\/","name":"camiseta rosa atletico de madrid ni\u00f1o - Camiseta de f\u00fatbol Atletico de Madrid 2024 2025 - SuperVigo","isPartOf":{"@id":"https:\/\/fpsin.com\/#website"},"datePublished":"2021-06-09T08:46:17+00:00","author":{"@id":"https:\/\/fpsin.com\/#\/schema\/person\/5ff6c0f8eeacd83e877f7ff3643206c1"},"breadcrumb":{"@id":"https:\/\/fpsin.com\/index.php\/2021\/06\/09\/camiseta-rosa-atletico-de-madrid-nino\/#breadcrumb"},"inLanguage":"es","potentialAction":[{"@type":"ReadAction","target":["https:\/\/fpsin.com\/index.php\/2021\/06\/09\/camiseta-rosa-atletico-de-madrid-nino\/"]}]},{"@type":"BreadcrumbList","@id":"https:\/\/fpsin.com\/index.php\/2021\/06\/09\/camiseta-rosa-atletico-de-madrid-nino\/#breadcrumb","itemListElement":[{"@type":"ListItem","position":1,"name":"Portada","item":"https:\/\/fpsin.com\/"},{"@type":"ListItem","position":2,"name":"camiseta rosa atletico de madrid ni\u00f1o"}]},{"@type":"WebSite","@id":"https:\/\/fpsin.com\/#website","url":"https:\/\/fpsin.com\/","name":"Camiseta de f\u00fatbol Atletico de Madrid 2024 2025 - SuperVigo","description":"Camiseta de Atl\u00e9tico de Madrid - Ofrecemos camiseta del Atl\u00e9tico de Madrid 2024 2025 para adultos y ni\u00f1os. Env\u00edo gratis desde 69\u20ac y personalizar Gratis.","potentialAction":[{"@type":"SearchAction","target":{"@type":"EntryPoint","urlTemplate":"https:\/\/fpsin.com\/?s={search_term_string}"},"query-input":{"@type":"PropertyValueSpecification","valueRequired":true,"valueName":"search_term_string"}}],"inLanguage":"es"},{"@type":"Person","@id":"https:\/\/fpsin.com\/#\/schema\/person\/5ff6c0f8eeacd83e877f7ff3643206c1","name":"istern","image":{"@type":"ImageObject","inLanguage":"es","@id":"https:\/\/fpsin.com\/#\/schema\/person\/image\/","url":"https:\/\/secure.gravatar.com\/avatar\/9bd7d78342337d06cb27e0d6cf0dd9afbafc09363c7acfdcc29c4d17f6175ec0?s=96&d=mm&r=g","contentUrl":"https:\/\/secure.gravatar.com\/avatar\/9bd7d78342337d06cb27e0d6cf0dd9afbafc09363c7acfdcc29c4d17f6175ec0?s=96&d=mm&r=g","caption":"istern"},"sameAs":["https:\/\/fpsin.com"],"url":"https:\/\/fpsin.com\/index.php\/author\/Quetzalxochitl\/"}]}},"_links":{"self":[{"href":"https:\/\/fpsin.com\/index.php\/wp-json\/wp\/v2\/posts\/1762","targetHints":{"allow":["GET"]}}],"collection":[{"href":"https:\/\/fpsin.com\/index.php\/wp-json\/wp\/v2\/posts"}],"about":[{"href":"https:\/\/fpsin.com\/index.php\/wp-json\/wp\/v2\/types\/post"}],"author":[{"embeddable":true,"href":"https:\/\/fpsin.com\/index.php\/wp-json\/wp\/v2\/users\/1"}],"replies":[{"embeddable":true,"href":"https:\/\/fpsin.com\/index.php\/wp-json\/wp\/v2\/comments?post=1762"}],"version-history":[{"count":1,"href":"https:\/\/fpsin.com\/index.php\/wp-json\/wp\/v2\/posts\/1762\/revisions"}],"predecessor-version":[{"id":1763,"href":"https:\/\/fpsin.com\/index.php\/wp-json\/wp\/v2\/posts\/1762\/revisions\/1763"}],"wp:attachment":[{"href":"https:\/\/fpsin.com\/index.php\/wp-json\/wp\/v2\/media?parent=1762"}],"wp:term":[{"taxonomy":"category","embeddable":true,"href":"https:\/\/fpsin.com\/index.php\/wp-json\/wp\/v2\/categories?post=1762"},{"taxonomy":"post_tag","embeddable":true,"href":"https:\/\/fpsin.com\/index.php\/wp-json\/wp\/v2\/tags?post=1762"}],"curies":[{"name":"wp","href":"https:\/\/api.w.org\/{rel}","templated":true}]}}