{"id":1902,"date":"2021-06-09T10:00:33","date_gmt":"2021-06-09T09:00:33","guid":{"rendered":"http:\/\/fpsin.com\/?p=1902"},"modified":"2021-06-09T10:00:33","modified_gmt":"2021-06-09T09:00:33","slug":"camiseta-atletico-de-madrid-colombia","status":"publish","type":"post","link":"https:\/\/fpsin.com\/index.php\/2021\/06\/09\/camiseta-atletico-de-madrid-colombia\/","title":{"rendered":"camiseta atletico de madrid colombia"},"content":{"rendered":"<p> En enero de 2018 se dio por concluida su cesi\u00f3n al Sporting de Braga y se fue cedido al Os Belenenses. En enero de 2019 se dio por concluida su cesi\u00f3n al Aston Villa y se fue cedido al Feirense. En agosto de 2018 se fue cedido al Aston Villa. \u2191 UEFA, ed. (31 de agosto de 2012). \u00abFalcao sit\u00faa al Atl\u00e9tico en lo m\u00e1s alto\u00bb. \u00abFalcao, el mejor jugador del 2012 en los Globe Soccer Awards\u00bb. David de Gea, cuyo fichaje por el Manchester United est\u00e1 muy avanzado: \u00abSigue siendo jugador del Atl\u00e9tico y contamos con \u00e9l\u00bb. El fichaje del Mono Burgos le dej\u00f3 sin opciones durante la temporada 2001\/02, en la que los rojiblancos lograron por fin el ansiado ascenso a Primera. Fue titular durante el arranque de la temporada 2000\/01 -en la que su equipo se qued\u00f3 sin el ascenso en la \u00faltima jornada- pero fue desplazado al banquillo en la recta final del campeonato por Sergio S\u00e1nchez. Andr\u00e9 ha sido el portero titular de la selecci\u00f3n portuguesa sub-19. Titular con Clemente durante la segunda vuelta de la temporada 2002\/03, durante el curso 2003\/04 volvi\u00f3 a verse relegado a la suplencia por el belga Erwin Lemmens. En julio de 2016, el Atl\u00e9tico de Madrid lo cedi\u00f3 al Clube de Futebol Os Belenenses para el curso 2016-2017 pero en agosto de 2016 es reclamado de nuevo por la lesi\u00f3n de Miguel \u00c1ngel Moy\u00e1.<\/p>\n<p> 2014 cedido por el Atl\u00e9tico de Madrid. El Madrid necesita al menos un gol para ser campe\u00f3n y el Atl\u00e9tico aguantar el resultado. Su adaptaci\u00f3n al Atl\u00e9tico no ha sido sencilla, <a href=\"https:\/\/supervigo.com\/es_ES\/taxons\/atletico-de-madrid-es-05\">camiseta atletico de madrid 2022<\/a> sobre todo la recepci\u00f3n por parte de la hinchada atl\u00e9tica a la que le cuesta sentir como uno de los suyos a los jugadores que han militado en el Real Madrid. La armon\u00eda se rompe al rato cuando aparece en el horizonte una camiseta blanca, escudo del Real Madrid sobre el coraz\u00f3n. En comparaci\u00f3n con la camiseta de local del Atl\u00e9tico 2016-17, que fue la \u00faltima del club con rayas &#8216;regulares&#8217;, las franjas rojas y blancas en la camiseta del Atl\u00e9tico Madrid 2019-20 son m\u00e1s delgadas. Es importante recordar qu\u00e9 tipo de futbolistas sienten verdaderamente el escudo, son conscientes d\u00f3nde juegan, lo que representan y por qu\u00e9 tienen que ser un ejemplo. En su primer partido en la MLS, disputado el 8 de marzo frente al Orlando City S. C., asisti\u00f3 a su compa\u00f1ero Mix Diskerud para que anotara el primer gol de la historia de su equipo en la competici\u00f3n.<\/p>\n<p style=\"text-align:center; clear:both;\"><iframe loading=\"lazy\" width=\"640\" height=\"360\" src=\"https:\/\/www.youtube.com\/embed\/wooSh-P7qUY?rel=0&#038;modestbranding=1\" frameborder=\"0\" allowfullscreen title=\"Ni\"><\/iframe><\/p>\n<p> Algunas zonas alejadas del frente de batalla continuaron organizando campeonatos de f\u00fatbol, pero no fue as\u00ed en Madrid. Todos los jugadores aprobaron en el choque disputado en Berna frente a Corea del Sur. Alg\u00fan ejecutivo se mesaba el cabello recordando que otros jugadores talentosos, despu\u00e9s de un poderoso desembolso econ\u00f3mico, terminaron saliendo por la puerta de servicio pese al inter\u00e9s inicial del intocable entrenador. Andr\u00e9 comenz\u00f3 su carrera futbol\u00edstica en el GD Ribeir\u00e3o en la II Divis\u00e3o, que es la tercera liga m\u00e1s importante de Portugal. La porter\u00eda la ocupar\u00e1, como en los \u00faltimos choques, Fabio Coltorti, aunque Portugal tambi\u00e9n lleva a Madrid al canterano Mario Fern\u00e1ndez. Formado en las categor\u00edas inferiores del Atl\u00e9tico de Madrid tras iniciar su carrera en el Real \u00c1vila, en la temporada 1998-99 fue fichado por el Real Valladolid para jugar en primera divisi\u00f3n. A pesar del descenso, Toni decidi\u00f3 continuar en Segunda con el Atl\u00e9tico. A pesar de participar en varios partidos de clasificaci\u00f3n para la Euro 2000, finalmente Camacho descart\u00f3 su convocatoria para el torneo, en favor de Iker Casillas. Pasaba a ser el s\u00edmbolo del equipo, se har\u00eda con la capitan\u00eda y con el favor de grada del Calder\u00f3n, devota de &#8216;su Ni\u00f1o&#8217;.<\/p>\n<p> Tras cosechar un punto en la visita del Real Madrid al Calder\u00f3n, el conjunto dirigido por Simeone consigui\u00f3 encadenar una notable racha de resultados y se mantuvo en la pelea por el liderato. En la jornada 19, los dos primeros clasificados vencieron sus respectivos partidos, mientras que Madrid y Valencia perdieron, alej\u00e1ndose un poco m\u00e1s del liderato. Fernando Torres afirma que quiere seguir en el club de su vida, pero que su renovaci\u00f3n \u00abno es lo importante\u00bb y que no cree que vaya a \u00absalir por la puerta de atr\u00e1s\u00bb en ning\u00fan momento. Club de Futbol &#8211; TONI JIM\u00c9NEZ, NOU ENTRENADOR DEL JUVENIL B\u00bb. \u2191 \u00abToni Jim\u00e9nez es retira de la pr\u00e0ctica del futbol despr\u00e9s de 15 anys de professional\u00bb. \u2191 \u00abEdici\u00f3n del viernes, 16 de julio de 2004, p\u00e1gina 19 &#8211; Hemeroteca &#8211; elmundodeportivo.es\u00bb. \u2191 \u00abEdici\u00f3n del s\u00e1bado, 18 de enero de 2003, p\u00e1gina 20 &#8211; Hemeroteca &#8211; elmundodeportivo.es\u00bb. \u2191 \u00abEdici\u00f3n del viernes, 26 de mayo de 2000, p\u00e1gina 25 &#8211; Hemeroteca &#8211; elmundodeportivo.es\u00bb. \u2191 \u00abEdici\u00f3n del viernes, 10 de mayo de 2002, p\u00e1gina 26 &#8211; Hemeroteca &#8211; elmundodeportivo.es\u00bb.<\/p>\n<p> \u2191 \u00abEdici\u00f3n del viernes, 28 de junio de 2002, p\u00e1gina 38 &#8211; Hemeroteca &#8211; elmundodeportivo.es\u00bb. \u2191 \u00abEdici\u00f3n del domingo, 30 de agosto de 1992, p\u00e1gina 6 &#8211; Hemeroteca &#8211; elmundodeportivo.es\u00bb. \u2191 \u00abEdici\u00f3n del jueves, 20 de agosto de 1992, <a Href=\"https:\/\/supervigo.com\/\">supervigo.com<\/a> p\u00e1gina 14 &#8211; Hemeroteca &#8211; elmundodeportivo.es\u00bb. \u2191 \u00abEdici\u00f3n del viernes, 15 de mayo de 1992, p\u00e1gina 24 &#8211; Hemeroteca &#8211; elmundodeportivo.es\u00bb. \u2191 \u00abEdici\u00f3n del mi\u00e9rcoles, 14 de julio de 2004, p\u00e1gina 17 &#8211; Hemeroteca &#8211; elmundodeportivo.es\u00bb. \u2191 \u00abEdici\u00f3n del viernes, 16 de julio de 2004, p\u00e1gina 18 &#8211; Hemeroteca &#8211; elmundodeportivo.es\u00bb. El 21 de diciembre de 2003 jug\u00f3 su \u00faltimo partido el Primera Divisi\u00f3n y en julio de 2004 anunci\u00f3 su retirada. Ricardo L\u00f3pez Felipe (Madrid, 31 de diciembre de 1971) es un exfutbolista espa\u00f1ol, criado en el barrio de Aluche, Madrid. Andr\u00e9 Campos Moreira (Ribeir\u00e3o, Portugal, 2 de diciembre de 1995) es un futbolista portugu\u00e9s. De esta manera el club madrile\u00f1o busca que Andr\u00e9 disfrute de minutos en un equipo de una gran liga europea.<\/p>\n<p>Si tiene alguna pregunta relacionada con exactamente d\u00f3nde y c\u00f3mo usar <a href=\"https:\/\/supervigo.com\/es_ES\/taxons\/atletico-de-madrid-es-05\">tienda atletico de madrid<\/a> , puede hacerse con nosotros en nuestra propia p\u00e1gina web.<\/p>\n","protected":false},"excerpt":{"rendered":"<p>En enero de 2018 se dio por concluida su cesi\u00f3n al Sporting de Braga y se fue cedido al Os Belenenses. En enero de 2019 se dio por concluida su cesi\u00f3n al Aston Villa y se fue cedido al Feirense. En agosto de 2018 se fue cedido al Aston Villa. \u2191 UEFA, ed. (31 de [&hellip;]<\/p>\n","protected":false},"author":1,"featured_media":0,"comment_status":"open","ping_status":"open","sticky":false,"template":"","format":"standard","meta":{"footnotes":""},"categories":[1],"tags":[485,215,1040],"class_list":["post-1902","post","type-post","status-publish","format-standard","hentry","category-uncategorized","tag-atletico-de-madrid-champions","tag-camiseta-atletico-de-madrid-2020-aliexpress","tag-entradas-futbol-real-madrid-atletico-de-madrid"],"blocksy_meta":[],"yoast_head":"<!-- This site is optimized with the Yoast SEO plugin v25.8 - https:\/\/yoast.com\/wordpress\/plugins\/seo\/ -->\n<title>camiseta atletico de madrid colombia - Camiseta de f\u00fatbol Atletico de Madrid 2024 2025 - SuperVigo<\/title>\n<meta name=\"robots\" content=\"index, follow, max-snippet:-1, max-image-preview:large, max-video-preview:-1\" \/>\n<link rel=\"canonical\" href=\"https:\/\/fpsin.com\/index.php\/2021\/06\/09\/camiseta-atletico-de-madrid-colombia\/\" \/>\n<meta property=\"og:locale\" content=\"es_ES\" \/>\n<meta property=\"og:type\" content=\"article\" \/>\n<meta property=\"og:title\" content=\"camiseta atletico de madrid colombia - Camiseta de f\u00fatbol Atletico de Madrid 2024 2025 - SuperVigo\" \/>\n<meta property=\"og:description\" content=\"En enero de 2018 se dio por concluida su cesi\u00f3n al Sporting de Braga y se fue cedido al Os Belenenses. En enero de 2019 se dio por concluida su cesi\u00f3n al Aston Villa y se fue cedido al Feirense. En agosto de 2018 se fue cedido al Aston Villa. \u2191 UEFA, ed. (31 de [&hellip;]\" \/>\n<meta property=\"og:url\" content=\"https:\/\/fpsin.com\/index.php\/2021\/06\/09\/camiseta-atletico-de-madrid-colombia\/\" \/>\n<meta property=\"og:site_name\" content=\"Camiseta de f\u00fatbol Atletico de Madrid 2024 2025 - SuperVigo\" \/>\n<meta property=\"article:published_time\" content=\"2021-06-09T09:00:33+00:00\" \/>\n<meta name=\"author\" content=\"istern\" \/>\n<meta name=\"twitter:card\" content=\"summary_large_image\" \/>\n<meta name=\"twitter:label1\" content=\"Escrito por\" \/>\n\t<meta name=\"twitter:data1\" content=\"istern\" \/>\n\t<meta name=\"twitter:label2\" content=\"Tiempo de lectura\" \/>\n\t<meta name=\"twitter:data2\" content=\"5 minutos\" \/>\n<script type=\"application\/ld+json\" class=\"yoast-schema-graph\">{\"@context\":\"https:\/\/schema.org\",\"@graph\":[{\"@type\":\"WebPage\",\"@id\":\"https:\/\/fpsin.com\/index.php\/2021\/06\/09\/camiseta-atletico-de-madrid-colombia\/\",\"url\":\"https:\/\/fpsin.com\/index.php\/2021\/06\/09\/camiseta-atletico-de-madrid-colombia\/\",\"name\":\"camiseta atletico de madrid colombia - Camiseta de f\u00fatbol Atletico de Madrid 2024 2025 - SuperVigo\",\"isPartOf\":{\"@id\":\"https:\/\/fpsin.com\/#website\"},\"datePublished\":\"2021-06-09T09:00:33+00:00\",\"author\":{\"@id\":\"https:\/\/fpsin.com\/#\/schema\/person\/5ff6c0f8eeacd83e877f7ff3643206c1\"},\"breadcrumb\":{\"@id\":\"https:\/\/fpsin.com\/index.php\/2021\/06\/09\/camiseta-atletico-de-madrid-colombia\/#breadcrumb\"},\"inLanguage\":\"es\",\"potentialAction\":[{\"@type\":\"ReadAction\",\"target\":[\"https:\/\/fpsin.com\/index.php\/2021\/06\/09\/camiseta-atletico-de-madrid-colombia\/\"]}]},{\"@type\":\"BreadcrumbList\",\"@id\":\"https:\/\/fpsin.com\/index.php\/2021\/06\/09\/camiseta-atletico-de-madrid-colombia\/#breadcrumb\",\"itemListElement\":[{\"@type\":\"ListItem\",\"position\":1,\"name\":\"Portada\",\"item\":\"https:\/\/fpsin.com\/\"},{\"@type\":\"ListItem\",\"position\":2,\"name\":\"camiseta atletico de madrid colombia\"}]},{\"@type\":\"WebSite\",\"@id\":\"https:\/\/fpsin.com\/#website\",\"url\":\"https:\/\/fpsin.com\/\",\"name\":\"Camiseta de f\u00fatbol Atletico de Madrid 2024 2025 - SuperVigo\",\"description\":\"Camiseta de Atl\u00e9tico de Madrid - Ofrecemos camiseta del Atl\u00e9tico de Madrid 2024 2025 para adultos y ni\u00f1os. Env\u00edo gratis desde 69\u20ac y personalizar Gratis.\",\"potentialAction\":[{\"@type\":\"SearchAction\",\"target\":{\"@type\":\"EntryPoint\",\"urlTemplate\":\"https:\/\/fpsin.com\/?s={search_term_string}\"},\"query-input\":{\"@type\":\"PropertyValueSpecification\",\"valueRequired\":true,\"valueName\":\"search_term_string\"}}],\"inLanguage\":\"es\"},{\"@type\":\"Person\",\"@id\":\"https:\/\/fpsin.com\/#\/schema\/person\/5ff6c0f8eeacd83e877f7ff3643206c1\",\"name\":\"istern\",\"image\":{\"@type\":\"ImageObject\",\"inLanguage\":\"es\",\"@id\":\"https:\/\/fpsin.com\/#\/schema\/person\/image\/\",\"url\":\"https:\/\/secure.gravatar.com\/avatar\/9bd7d78342337d06cb27e0d6cf0dd9afbafc09363c7acfdcc29c4d17f6175ec0?s=96&d=mm&r=g\",\"contentUrl\":\"https:\/\/secure.gravatar.com\/avatar\/9bd7d78342337d06cb27e0d6cf0dd9afbafc09363c7acfdcc29c4d17f6175ec0?s=96&d=mm&r=g\",\"caption\":\"istern\"},\"sameAs\":[\"https:\/\/fpsin.com\"],\"url\":\"https:\/\/fpsin.com\/index.php\/author\/Quetzalxochitl\/\"}]}<\/script>\n<!-- \/ Yoast SEO plugin. -->","yoast_head_json":{"title":"camiseta atletico de madrid colombia - Camiseta de f\u00fatbol Atletico de Madrid 2024 2025 - SuperVigo","robots":{"index":"index","follow":"follow","max-snippet":"max-snippet:-1","max-image-preview":"max-image-preview:large","max-video-preview":"max-video-preview:-1"},"canonical":"https:\/\/fpsin.com\/index.php\/2021\/06\/09\/camiseta-atletico-de-madrid-colombia\/","og_locale":"es_ES","og_type":"article","og_title":"camiseta atletico de madrid colombia - Camiseta de f\u00fatbol Atletico de Madrid 2024 2025 - SuperVigo","og_description":"En enero de 2018 se dio por concluida su cesi\u00f3n al Sporting de Braga y se fue cedido al Os Belenenses. En enero de 2019 se dio por concluida su cesi\u00f3n al Aston Villa y se fue cedido al Feirense. En agosto de 2018 se fue cedido al Aston Villa. \u2191 UEFA, ed. (31 de [&hellip;]","og_url":"https:\/\/fpsin.com\/index.php\/2021\/06\/09\/camiseta-atletico-de-madrid-colombia\/","og_site_name":"Camiseta de f\u00fatbol Atletico de Madrid 2024 2025 - SuperVigo","article_published_time":"2021-06-09T09:00:33+00:00","author":"istern","twitter_card":"summary_large_image","twitter_misc":{"Escrito por":"istern","Tiempo de lectura":"5 minutos"},"schema":{"@context":"https:\/\/schema.org","@graph":[{"@type":"WebPage","@id":"https:\/\/fpsin.com\/index.php\/2021\/06\/09\/camiseta-atletico-de-madrid-colombia\/","url":"https:\/\/fpsin.com\/index.php\/2021\/06\/09\/camiseta-atletico-de-madrid-colombia\/","name":"camiseta atletico de madrid colombia - Camiseta de f\u00fatbol Atletico de Madrid 2024 2025 - SuperVigo","isPartOf":{"@id":"https:\/\/fpsin.com\/#website"},"datePublished":"2021-06-09T09:00:33+00:00","author":{"@id":"https:\/\/fpsin.com\/#\/schema\/person\/5ff6c0f8eeacd83e877f7ff3643206c1"},"breadcrumb":{"@id":"https:\/\/fpsin.com\/index.php\/2021\/06\/09\/camiseta-atletico-de-madrid-colombia\/#breadcrumb"},"inLanguage":"es","potentialAction":[{"@type":"ReadAction","target":["https:\/\/fpsin.com\/index.php\/2021\/06\/09\/camiseta-atletico-de-madrid-colombia\/"]}]},{"@type":"BreadcrumbList","@id":"https:\/\/fpsin.com\/index.php\/2021\/06\/09\/camiseta-atletico-de-madrid-colombia\/#breadcrumb","itemListElement":[{"@type":"ListItem","position":1,"name":"Portada","item":"https:\/\/fpsin.com\/"},{"@type":"ListItem","position":2,"name":"camiseta atletico de madrid colombia"}]},{"@type":"WebSite","@id":"https:\/\/fpsin.com\/#website","url":"https:\/\/fpsin.com\/","name":"Camiseta de f\u00fatbol Atletico de Madrid 2024 2025 - SuperVigo","description":"Camiseta de Atl\u00e9tico de Madrid - Ofrecemos camiseta del Atl\u00e9tico de Madrid 2024 2025 para adultos y ni\u00f1os. Env\u00edo gratis desde 69\u20ac y personalizar Gratis.","potentialAction":[{"@type":"SearchAction","target":{"@type":"EntryPoint","urlTemplate":"https:\/\/fpsin.com\/?s={search_term_string}"},"query-input":{"@type":"PropertyValueSpecification","valueRequired":true,"valueName":"search_term_string"}}],"inLanguage":"es"},{"@type":"Person","@id":"https:\/\/fpsin.com\/#\/schema\/person\/5ff6c0f8eeacd83e877f7ff3643206c1","name":"istern","image":{"@type":"ImageObject","inLanguage":"es","@id":"https:\/\/fpsin.com\/#\/schema\/person\/image\/","url":"https:\/\/secure.gravatar.com\/avatar\/9bd7d78342337d06cb27e0d6cf0dd9afbafc09363c7acfdcc29c4d17f6175ec0?s=96&d=mm&r=g","contentUrl":"https:\/\/secure.gravatar.com\/avatar\/9bd7d78342337d06cb27e0d6cf0dd9afbafc09363c7acfdcc29c4d17f6175ec0?s=96&d=mm&r=g","caption":"istern"},"sameAs":["https:\/\/fpsin.com"],"url":"https:\/\/fpsin.com\/index.php\/author\/Quetzalxochitl\/"}]}},"_links":{"self":[{"href":"https:\/\/fpsin.com\/index.php\/wp-json\/wp\/v2\/posts\/1902","targetHints":{"allow":["GET"]}}],"collection":[{"href":"https:\/\/fpsin.com\/index.php\/wp-json\/wp\/v2\/posts"}],"about":[{"href":"https:\/\/fpsin.com\/index.php\/wp-json\/wp\/v2\/types\/post"}],"author":[{"embeddable":true,"href":"https:\/\/fpsin.com\/index.php\/wp-json\/wp\/v2\/users\/1"}],"replies":[{"embeddable":true,"href":"https:\/\/fpsin.com\/index.php\/wp-json\/wp\/v2\/comments?post=1902"}],"version-history":[{"count":1,"href":"https:\/\/fpsin.com\/index.php\/wp-json\/wp\/v2\/posts\/1902\/revisions"}],"predecessor-version":[{"id":1903,"href":"https:\/\/fpsin.com\/index.php\/wp-json\/wp\/v2\/posts\/1902\/revisions\/1903"}],"wp:attachment":[{"href":"https:\/\/fpsin.com\/index.php\/wp-json\/wp\/v2\/media?parent=1902"}],"wp:term":[{"taxonomy":"category","embeddable":true,"href":"https:\/\/fpsin.com\/index.php\/wp-json\/wp\/v2\/categories?post=1902"},{"taxonomy":"post_tag","embeddable":true,"href":"https:\/\/fpsin.com\/index.php\/wp-json\/wp\/v2\/tags?post=1902"}],"curies":[{"name":"wp","href":"https:\/\/api.w.org\/{rel}","templated":true}]}}