{"id":1910,"date":"2021-06-09T10:01:15","date_gmt":"2021-06-09T09:01:15","guid":{"rendered":"http:\/\/fpsin.com\/?p=1910"},"modified":"2021-06-09T10:01:15","modified_gmt":"2021-06-09T09:01:15","slug":"camiseta-del-atletico-de-madrid-para-dream-league-soccer","status":"publish","type":"post","link":"https:\/\/fpsin.com\/index.php\/2021\/06\/09\/camiseta-del-atletico-de-madrid-para-dream-league-soccer\/","title":{"rendered":"camiseta del atletico de madrid para dream league soccer"},"content":{"rendered":"<p> La temporada 1990\/91 en la categor\u00eda de plata supuso un intento desesperado por ascender a Primera Divisi\u00f3n manteniendo buena parte de la plantilla que hab\u00eda descendido y asumiendo riesgos m\u00e1s altos para la cada vez m\u00e1s maltrecha econom\u00eda del club. El Barcelona empieza la temporada con Ladislao Kubala en el banquillo e incorporaciones como las de Quini y Alexanko. Se superan todas las eliminatorias sin perder ning\u00fan partido y el 18 de junio de 1981, en Madrid, y con Quini ya recuperado, el Barcelona vence al Sporting de Gij\u00f3n por 3-1, con dos goles del jugador asturiano. El rival es el equipo belga del Est\u00e1ndar de Lieja, al que vence por 2-1, con goles de Simonsen y Quini. El primer campeonato de la era profesional se jug\u00f3 en 1931. Casualmente el primer rival que ten\u00eda que enfrentar Independiente era Racing. La inscripci\u00f3n de los equipos era opcional y en ellas participaban fundamentalmente aquellos clubes que hab\u00edan quedado eliminados en sus correspondientes campeonatos ligueros o de copa para poder completar la temporada con partidos de competici\u00f3n.<\/p>\n<p><div style=\"clear:both; text-align:center\"><a HREF=\"https:\/\/supervigo.com\/es_ES\/taxons\/atletico-de-madrid-es-05\"><img decoding=\"async\" src=\"https:\/\/sportadvisorweb.com\/wp-content\/uploads\/2019\/07\/ath_1.jpg\" style='max-width: 375px;'><\/a><\/div>\n<p> \u2191 El Atl\u00e9tico de Madrid se clasific\u00f3 a la fase de grupos de la Liga Europa de la UEFA 2010-11 por ser el vigente campe\u00f3n de la competici\u00f3n. El partido adem\u00e1s, fue el n\u00famero 100 en competici\u00f3n europea del club. Nota: Los trofeos ganados por el club como Club Deportivo M\u00e1laga fueron custodiados por la Diputaci\u00f3n de M\u00e1laga tras la refundaci\u00f3n del club en 1992, para posteriormente retornar nuevamente al club en su condici\u00f3n actual de M\u00e1laga Club de F\u00fatbol. Culmina la remodelaci\u00f3n del estadio del Camp Nou, con vistas a la celebraci\u00f3n de la Copa Mundial de F\u00fatbol de 1982. El estadio gana m\u00e1s de 20.000 localidades, situ\u00e1ndose en un aforo con capacidad para 115.000 espectadores. Maradona debuta ante la afici\u00f3n del Camp Nou en agosto, de 1982 en el torneo Joan Gamper. La final se juega en el Camp Nou, ya ampliado, como gran ensayo del inminente Mundial de f\u00fatbol.<\/p>\n<p> Pero el equipo no funciona y la eliminaci\u00f3n de la Copa de la UEFA ante el Colonia, con un rotundo 0-4 en el Camp Nou, acaba con la paciencia de la afici\u00f3n. Despu\u00e9s de la extinci\u00f3n oficial de los campeonatos regionales tras la Guerra Civil, la Federaci\u00f3n Regional Sur comenz\u00f3 a organizar una serie de torneos bajo la denominaci\u00f3n de Copa de Andaluc\u00eda, Copa Federaci\u00f3n Andaluza, Torneo de Consolaci\u00f3n o Copa Primavera. Tras una grave crisis deportiva y social, en 1988 el club contrat\u00f3 a Johan Cruyff como entrenador; un hecho que marcar\u00eda el destino del club durante la siguiente d\u00e9cada. El escudo era un escudo aguzado en la punta, en el centro del cual aparece una cinta blanquiazul con las iniciales del club (C. Koke era titular habitual en el momento de la firma del contrato, ya que en la temporada 2012-2013 particip\u00f3 en 48 encuentros con el Atl\u00e9tico, 38 de ellos como parte del once inicial.<\/p>\n<p> Firma del Tratado de Paz y Amistad entre Argentina y Chile, <a HREF=\"https:\/\/supervigo.com\/es_ES\/taxons\/atletico-de-madrid-es-05\">tercera equipacion atletico de madrid<\/a> que puso fin al conflicto del Beagle. San Mam\u00e9s donde una dura lesi\u00f3n de Goikoetxea pone fin a la temporada de Schuster. Casi al mismo tiempo se incorpora al club el alem\u00e1n Bernd Schuster (figura destacada de la reciente Eurocopa), y el Barcelona comienza a ganar los partidos. Se hace cargo del equip, como nuevo entrenador, el alem\u00e1n Udo Lattek. El equipo logra recuperarse de la baja del alem\u00e1n y a seis jornadas del final tiene el t\u00edtulo de Liga en el bolsillo con cinco puntos de ventaja respecto al segundo clasificado, la Real Sociedad. En diciembre, tras 14 jornadas de liga, y con el equipo segundo a s\u00f3lo dos puntos del l\u00edder, el Real Madrid, Maradona cae enfermo por una hepatitis que lo aleja tres meses de los terrenos de juego. Pero el Barcelona no gana ning\u00fan partido m\u00e1s y acaba la temporada en segunda posici\u00f3n, a dos puntos de la Real Sociedad que de nuevo se adjudica el t\u00edtulo de Liga.<\/p>\n<p> En la temporada 1980\/81, Antonio P\u00e9rez-Gasc\u00f3n Cobos, directivo que hab\u00eda formado parte de la junta del anterior presidente, accede a la presidencia, y con el llega al banquillo Antonio Fern\u00e1ndez Ben\u00edtez. En la temporada 1988\/89 esta tendencia contin\u00faa con la llegada de jugadores como John Lauridsen, Gustavo Matosas, Antonio \u00c1lvarez Gir\u00e1ldez y Francisco Pineda, con el prop\u00f3sito de mantener la categor\u00eda sin grandes apuros. La Recopa es el \u00fanico t\u00edtulo de la temporada. La Copa del Rey es el \u00fanico t\u00edtulo de la temporada. Aquella temporada fue la primera en la que el Athletic tuvo un entrenador. A pesar de esta noticia positiva, el entrenador argentino no quiere apresurarse y dejarle sobre el c\u00e9sped con el traje de la responsabilidad o cargarle con demasiados minutos. A pesar del cambio de denominaci\u00f3n, este himno contin\u00faa siendo el oficial para el nuevo M\u00e1laga C.F. Escudo del club, con la anterior denominaci\u00f3n, Club Deportivo Malacitano.<\/p>\n","protected":false},"excerpt":{"rendered":"<p>La temporada 1990\/91 en la categor\u00eda de plata supuso un intento desesperado por ascender a Primera Divisi\u00f3n manteniendo buena parte de la plantilla que hab\u00eda descendido y asumiendo riesgos m\u00e1s altos para la cada vez m\u00e1s maltrecha econom\u00eda del club. El Barcelona empieza la temporada con Ladislao Kubala en el banquillo e incorporaciones como las [&hellip;]<\/p>\n","protected":false},"author":1,"featured_media":0,"comment_status":"open","ping_status":"open","sticky":false,"template":"","format":"standard","meta":{"footnotes":""},"categories":[1],"tags":[1042,1043,200],"class_list":["post-1910","post","type-post","status-publish","format-standard","hentry","category-uncategorized","tag-atletico-madrid-segunda-equipacion","tag-pijama-atletico-de-madrid","tag-segunda-equipacion-atletico-de-madrid"],"blocksy_meta":[],"yoast_head":"<!-- This site is optimized with the Yoast SEO plugin v25.8 - https:\/\/yoast.com\/wordpress\/plugins\/seo\/ -->\n<title>camiseta del atletico de madrid para dream league soccer - Camiseta de f\u00fatbol Atletico de Madrid 2024 2025 - SuperVigo<\/title>\n<meta name=\"robots\" content=\"index, follow, max-snippet:-1, max-image-preview:large, max-video-preview:-1\" \/>\n<link rel=\"canonical\" href=\"https:\/\/fpsin.com\/index.php\/2021\/06\/09\/camiseta-del-atletico-de-madrid-para-dream-league-soccer\/\" \/>\n<meta property=\"og:locale\" content=\"es_ES\" \/>\n<meta property=\"og:type\" content=\"article\" \/>\n<meta property=\"og:title\" content=\"camiseta del atletico de madrid para dream league soccer - Camiseta de f\u00fatbol Atletico de Madrid 2024 2025 - SuperVigo\" \/>\n<meta property=\"og:description\" content=\"La temporada 1990\/91 en la categor\u00eda de plata supuso un intento desesperado por ascender a Primera Divisi\u00f3n manteniendo buena parte de la plantilla que hab\u00eda descendido y asumiendo riesgos m\u00e1s altos para la cada vez m\u00e1s maltrecha econom\u00eda del club. El Barcelona empieza la temporada con Ladislao Kubala en el banquillo e incorporaciones como las [&hellip;]\" \/>\n<meta property=\"og:url\" content=\"https:\/\/fpsin.com\/index.php\/2021\/06\/09\/camiseta-del-atletico-de-madrid-para-dream-league-soccer\/\" \/>\n<meta property=\"og:site_name\" content=\"Camiseta de f\u00fatbol Atletico de Madrid 2024 2025 - SuperVigo\" \/>\n<meta property=\"article:published_time\" content=\"2021-06-09T09:01:15+00:00\" \/>\n<meta property=\"og:image\" content=\"https:\/\/sportadvisorweb.com\/wp-content\/uploads\/2019\/07\/ath_1.jpg\" \/>\n<meta name=\"author\" content=\"istern\" \/>\n<meta name=\"twitter:card\" content=\"summary_large_image\" \/>\n<meta name=\"twitter:label1\" content=\"Escrito por\" \/>\n\t<meta name=\"twitter:data1\" content=\"istern\" \/>\n\t<meta name=\"twitter:label2\" content=\"Tiempo de lectura\" \/>\n\t<meta name=\"twitter:data2\" content=\"4 minutos\" \/>\n<script type=\"application\/ld+json\" class=\"yoast-schema-graph\">{\"@context\":\"https:\/\/schema.org\",\"@graph\":[{\"@type\":\"WebPage\",\"@id\":\"https:\/\/fpsin.com\/index.php\/2021\/06\/09\/camiseta-del-atletico-de-madrid-para-dream-league-soccer\/\",\"url\":\"https:\/\/fpsin.com\/index.php\/2021\/06\/09\/camiseta-del-atletico-de-madrid-para-dream-league-soccer\/\",\"name\":\"camiseta del atletico de madrid para dream league soccer - Camiseta de f\u00fatbol Atletico de Madrid 2024 2025 - SuperVigo\",\"isPartOf\":{\"@id\":\"https:\/\/fpsin.com\/#website\"},\"primaryImageOfPage\":{\"@id\":\"https:\/\/fpsin.com\/index.php\/2021\/06\/09\/camiseta-del-atletico-de-madrid-para-dream-league-soccer\/#primaryimage\"},\"image\":{\"@id\":\"https:\/\/fpsin.com\/index.php\/2021\/06\/09\/camiseta-del-atletico-de-madrid-para-dream-league-soccer\/#primaryimage\"},\"thumbnailUrl\":\"https:\/\/sportadvisorweb.com\/wp-content\/uploads\/2019\/07\/ath_1.jpg\",\"datePublished\":\"2021-06-09T09:01:15+00:00\",\"author\":{\"@id\":\"https:\/\/fpsin.com\/#\/schema\/person\/5ff6c0f8eeacd83e877f7ff3643206c1\"},\"breadcrumb\":{\"@id\":\"https:\/\/fpsin.com\/index.php\/2021\/06\/09\/camiseta-del-atletico-de-madrid-para-dream-league-soccer\/#breadcrumb\"},\"inLanguage\":\"es\",\"potentialAction\":[{\"@type\":\"ReadAction\",\"target\":[\"https:\/\/fpsin.com\/index.php\/2021\/06\/09\/camiseta-del-atletico-de-madrid-para-dream-league-soccer\/\"]}]},{\"@type\":\"ImageObject\",\"inLanguage\":\"es\",\"@id\":\"https:\/\/fpsin.com\/index.php\/2021\/06\/09\/camiseta-del-atletico-de-madrid-para-dream-league-soccer\/#primaryimage\",\"url\":\"https:\/\/sportadvisorweb.com\/wp-content\/uploads\/2019\/07\/ath_1.jpg\",\"contentUrl\":\"https:\/\/sportadvisorweb.com\/wp-content\/uploads\/2019\/07\/ath_1.jpg\"},{\"@type\":\"BreadcrumbList\",\"@id\":\"https:\/\/fpsin.com\/index.php\/2021\/06\/09\/camiseta-del-atletico-de-madrid-para-dream-league-soccer\/#breadcrumb\",\"itemListElement\":[{\"@type\":\"ListItem\",\"position\":1,\"name\":\"Portada\",\"item\":\"https:\/\/fpsin.com\/\"},{\"@type\":\"ListItem\",\"position\":2,\"name\":\"camiseta del atletico de madrid para dream league soccer\"}]},{\"@type\":\"WebSite\",\"@id\":\"https:\/\/fpsin.com\/#website\",\"url\":\"https:\/\/fpsin.com\/\",\"name\":\"Camiseta de f\u00fatbol Atletico de Madrid 2024 2025 - SuperVigo\",\"description\":\"Camiseta de Atl\u00e9tico de Madrid - Ofrecemos camiseta del Atl\u00e9tico de Madrid 2024 2025 para adultos y ni\u00f1os. Env\u00edo gratis desde 69\u20ac y personalizar Gratis.\",\"potentialAction\":[{\"@type\":\"SearchAction\",\"target\":{\"@type\":\"EntryPoint\",\"urlTemplate\":\"https:\/\/fpsin.com\/?s={search_term_string}\"},\"query-input\":{\"@type\":\"PropertyValueSpecification\",\"valueRequired\":true,\"valueName\":\"search_term_string\"}}],\"inLanguage\":\"es\"},{\"@type\":\"Person\",\"@id\":\"https:\/\/fpsin.com\/#\/schema\/person\/5ff6c0f8eeacd83e877f7ff3643206c1\",\"name\":\"istern\",\"image\":{\"@type\":\"ImageObject\",\"inLanguage\":\"es\",\"@id\":\"https:\/\/fpsin.com\/#\/schema\/person\/image\/\",\"url\":\"https:\/\/secure.gravatar.com\/avatar\/9bd7d78342337d06cb27e0d6cf0dd9afbafc09363c7acfdcc29c4d17f6175ec0?s=96&d=mm&r=g\",\"contentUrl\":\"https:\/\/secure.gravatar.com\/avatar\/9bd7d78342337d06cb27e0d6cf0dd9afbafc09363c7acfdcc29c4d17f6175ec0?s=96&d=mm&r=g\",\"caption\":\"istern\"},\"sameAs\":[\"https:\/\/fpsin.com\"],\"url\":\"https:\/\/fpsin.com\/index.php\/author\/Quetzalxochitl\/\"}]}<\/script>\n<!-- \/ Yoast SEO plugin. -->","yoast_head_json":{"title":"camiseta del atletico de madrid para dream league soccer - Camiseta de f\u00fatbol Atletico de Madrid 2024 2025 - SuperVigo","robots":{"index":"index","follow":"follow","max-snippet":"max-snippet:-1","max-image-preview":"max-image-preview:large","max-video-preview":"max-video-preview:-1"},"canonical":"https:\/\/fpsin.com\/index.php\/2021\/06\/09\/camiseta-del-atletico-de-madrid-para-dream-league-soccer\/","og_locale":"es_ES","og_type":"article","og_title":"camiseta del atletico de madrid para dream league soccer - Camiseta de f\u00fatbol Atletico de Madrid 2024 2025 - SuperVigo","og_description":"La temporada 1990\/91 en la categor\u00eda de plata supuso un intento desesperado por ascender a Primera Divisi\u00f3n manteniendo buena parte de la plantilla que hab\u00eda descendido y asumiendo riesgos m\u00e1s altos para la cada vez m\u00e1s maltrecha econom\u00eda del club. El Barcelona empieza la temporada con Ladislao Kubala en el banquillo e incorporaciones como las [&hellip;]","og_url":"https:\/\/fpsin.com\/index.php\/2021\/06\/09\/camiseta-del-atletico-de-madrid-para-dream-league-soccer\/","og_site_name":"Camiseta de f\u00fatbol Atletico de Madrid 2024 2025 - SuperVigo","article_published_time":"2021-06-09T09:01:15+00:00","og_image":[{"url":"https:\/\/sportadvisorweb.com\/wp-content\/uploads\/2019\/07\/ath_1.jpg","type":"","width":"","height":""}],"author":"istern","twitter_card":"summary_large_image","twitter_misc":{"Escrito por":"istern","Tiempo de lectura":"4 minutos"},"schema":{"@context":"https:\/\/schema.org","@graph":[{"@type":"WebPage","@id":"https:\/\/fpsin.com\/index.php\/2021\/06\/09\/camiseta-del-atletico-de-madrid-para-dream-league-soccer\/","url":"https:\/\/fpsin.com\/index.php\/2021\/06\/09\/camiseta-del-atletico-de-madrid-para-dream-league-soccer\/","name":"camiseta del atletico de madrid para dream league soccer - Camiseta de f\u00fatbol Atletico de Madrid 2024 2025 - SuperVigo","isPartOf":{"@id":"https:\/\/fpsin.com\/#website"},"primaryImageOfPage":{"@id":"https:\/\/fpsin.com\/index.php\/2021\/06\/09\/camiseta-del-atletico-de-madrid-para-dream-league-soccer\/#primaryimage"},"image":{"@id":"https:\/\/fpsin.com\/index.php\/2021\/06\/09\/camiseta-del-atletico-de-madrid-para-dream-league-soccer\/#primaryimage"},"thumbnailUrl":"https:\/\/sportadvisorweb.com\/wp-content\/uploads\/2019\/07\/ath_1.jpg","datePublished":"2021-06-09T09:01:15+00:00","author":{"@id":"https:\/\/fpsin.com\/#\/schema\/person\/5ff6c0f8eeacd83e877f7ff3643206c1"},"breadcrumb":{"@id":"https:\/\/fpsin.com\/index.php\/2021\/06\/09\/camiseta-del-atletico-de-madrid-para-dream-league-soccer\/#breadcrumb"},"inLanguage":"es","potentialAction":[{"@type":"ReadAction","target":["https:\/\/fpsin.com\/index.php\/2021\/06\/09\/camiseta-del-atletico-de-madrid-para-dream-league-soccer\/"]}]},{"@type":"ImageObject","inLanguage":"es","@id":"https:\/\/fpsin.com\/index.php\/2021\/06\/09\/camiseta-del-atletico-de-madrid-para-dream-league-soccer\/#primaryimage","url":"https:\/\/sportadvisorweb.com\/wp-content\/uploads\/2019\/07\/ath_1.jpg","contentUrl":"https:\/\/sportadvisorweb.com\/wp-content\/uploads\/2019\/07\/ath_1.jpg"},{"@type":"BreadcrumbList","@id":"https:\/\/fpsin.com\/index.php\/2021\/06\/09\/camiseta-del-atletico-de-madrid-para-dream-league-soccer\/#breadcrumb","itemListElement":[{"@type":"ListItem","position":1,"name":"Portada","item":"https:\/\/fpsin.com\/"},{"@type":"ListItem","position":2,"name":"camiseta del atletico de madrid para dream league soccer"}]},{"@type":"WebSite","@id":"https:\/\/fpsin.com\/#website","url":"https:\/\/fpsin.com\/","name":"Camiseta de f\u00fatbol Atletico de Madrid 2024 2025 - SuperVigo","description":"Camiseta de Atl\u00e9tico de Madrid - Ofrecemos camiseta del Atl\u00e9tico de Madrid 2024 2025 para adultos y ni\u00f1os. Env\u00edo gratis desde 69\u20ac y personalizar Gratis.","potentialAction":[{"@type":"SearchAction","target":{"@type":"EntryPoint","urlTemplate":"https:\/\/fpsin.com\/?s={search_term_string}"},"query-input":{"@type":"PropertyValueSpecification","valueRequired":true,"valueName":"search_term_string"}}],"inLanguage":"es"},{"@type":"Person","@id":"https:\/\/fpsin.com\/#\/schema\/person\/5ff6c0f8eeacd83e877f7ff3643206c1","name":"istern","image":{"@type":"ImageObject","inLanguage":"es","@id":"https:\/\/fpsin.com\/#\/schema\/person\/image\/","url":"https:\/\/secure.gravatar.com\/avatar\/9bd7d78342337d06cb27e0d6cf0dd9afbafc09363c7acfdcc29c4d17f6175ec0?s=96&d=mm&r=g","contentUrl":"https:\/\/secure.gravatar.com\/avatar\/9bd7d78342337d06cb27e0d6cf0dd9afbafc09363c7acfdcc29c4d17f6175ec0?s=96&d=mm&r=g","caption":"istern"},"sameAs":["https:\/\/fpsin.com"],"url":"https:\/\/fpsin.com\/index.php\/author\/Quetzalxochitl\/"}]}},"_links":{"self":[{"href":"https:\/\/fpsin.com\/index.php\/wp-json\/wp\/v2\/posts\/1910","targetHints":{"allow":["GET"]}}],"collection":[{"href":"https:\/\/fpsin.com\/index.php\/wp-json\/wp\/v2\/posts"}],"about":[{"href":"https:\/\/fpsin.com\/index.php\/wp-json\/wp\/v2\/types\/post"}],"author":[{"embeddable":true,"href":"https:\/\/fpsin.com\/index.php\/wp-json\/wp\/v2\/users\/1"}],"replies":[{"embeddable":true,"href":"https:\/\/fpsin.com\/index.php\/wp-json\/wp\/v2\/comments?post=1910"}],"version-history":[{"count":1,"href":"https:\/\/fpsin.com\/index.php\/wp-json\/wp\/v2\/posts\/1910\/revisions"}],"predecessor-version":[{"id":1911,"href":"https:\/\/fpsin.com\/index.php\/wp-json\/wp\/v2\/posts\/1910\/revisions\/1911"}],"wp:attachment":[{"href":"https:\/\/fpsin.com\/index.php\/wp-json\/wp\/v2\/media?parent=1910"}],"wp:term":[{"taxonomy":"category","embeddable":true,"href":"https:\/\/fpsin.com\/index.php\/wp-json\/wp\/v2\/categories?post=1910"},{"taxonomy":"post_tag","embeddable":true,"href":"https:\/\/fpsin.com\/index.php\/wp-json\/wp\/v2\/tags?post=1910"}],"curies":[{"name":"wp","href":"https:\/\/api.w.org\/{rel}","templated":true}]}}