{"id":2062,"date":"2021-06-09T10:18:21","date_gmt":"2021-06-09T09:18:21","guid":{"rendered":"http:\/\/fpsin.com\/?p=2062"},"modified":"2021-06-09T10:18:21","modified_gmt":"2021-06-09T09:18:21","slug":"tienda-atletico-de-madrid-telefono","status":"publish","type":"post","link":"https:\/\/fpsin.com\/index.php\/2021\/06\/09\/tienda-atletico-de-madrid-telefono\/","title":{"rendered":"tienda atletico de madrid telefono"},"content":{"rendered":"<p><a href=\"https:\/\/supervigo.com\/es_ES\/taxons\/atletico-de-madrid-es-05\"><img decoding=\"async\" style=\"clear:both; float:left; padding:10px 10px 10px 0px;border:0px; max-width: 330px;\" alt=\"\u0645\u0648\u0642\u0639 \u0643\u0644\u0627\u0633\u064a\u0643\u0648 \u0628\u0631\u0634\u0644\u0648\u0646\u0629 - \u0627\u0644\u064a \u0645\u062a\u064a \u0633\u062a\u0638\u0644 \u062a\u0627\u0626\u0647 \u064a\u0627\u0628\u064a\u0643\u064a \u0648\u063a\u064a\u0631\u0643 \u064a\u0635\u062d\u062d \u0627\" src=\"https:\/\/file.mundodeportivo.com\/ext1\/img02\/2013\/08\/21\/ENCUENTRO-DE-IDA-DE-LA-SUPERCO_54379626741_54115221152_960_640.jpg\"><\/a> El 12 de diciembre de 2017 firma con el club mexicano para jugar el Torneo Clausura del Ascenso MX. Jug\u00f3 hasta los 16 a\u00f1os, edad en la que fue captado para las categor\u00edas inferiores del Atl\u00e9tico de Madrid, tras disputar un torneo de selecciones auton\u00f3micas en tierras peninsulares. El Club Atl\u00e9tico de Madrid \u00abC\u00bb fue un equipo de f\u00fatbol espa\u00f1ol y segundo filial del Club Atl\u00e9tico de Madrid, de la ciudad de Madrid. En 1990, tras militar una temporada en el Cuenca, regres\u00f3 al Atl\u00e9tico de Madrid, donde jug\u00f3 las dos \u00faltimas temporadas de su carrera. Pese a contar con el aval de Eusebio Sacrist\u00e1n no entr\u00f3 en los planes de Rijkaard y regres\u00f3 a Valladolid en calidad de cedido durante dos temporadas. Con Frank Rijkaard en el banquillo cul\u00e9, el central tinerfe\u00f1o jug\u00f3 un solo partido de liga y otro de la Copa de la UEFA. Tras su paso por el Real Betis Balompi\u00e9 emigra a la liga de Azerbaiy\u00e1n donde jug\u00f3 en el FK Baku.<\/p>\n<div style=\"clear:both;\"><\/div>\n<p><p style=\"text-align:center; clear:both;\"><a HREF='https:\/\/supervigo.com\/es_ES\/taxons\/atletico-de-madrid-es-05'><a href=\"https:\/\/supervigo.com\/es_ES\/taxons\/atletico-de-madrid-es-05\"><img decoding=\"async\" alt=\"La Liga: Atletico Madrid ban several fans and an 'Ultras' supporters' group - Football News ...\" src=\"http:\/\/e0.365dm.com\/14\/11\/16-9\/20\/atletico-madrid-fans-champions_3235500.jpg?20141130130120\" style=\"max-width: 330px;\"><\/a><\/a><\/p>\n<p> El 8 de junio de 2011 pas\u00f3 el reconocimiento m\u00e9dico en Sevilla para ingresar en las filas del Real Betis Balompi\u00e9. Habr\u00e1 que esperar al inicio del encuentro para ver la posici\u00f3n de Canales por si Pellegrini refuerza con el c\u00e1ntabro el centro del campo. As\u00ed que sin m\u00e1s dilaci\u00f3n, os paso a hablar de Juninho (Paulista). Tras su paso por segunda divisi\u00f3n, el zaguero fich\u00f3 en 2006\/2007 por el Recreativo de Huelva a las \u00f3rdenes de Marcelino Garc\u00eda Toral. Era el momento esperado durante a\u00f1os por la afici\u00f3n del Atl\u00e9tico, la vuelta a casa de Fernando Torres, que desbord\u00f3 todas las previsiones, con 50.000 espectadores en las gradas para aclamar a su &#8216;Ni\u00f1o&#8217;, de regreso. El presidente del Getafe, \u00c1ngel Torres, ofrece a Mario un contrato por 4 Temporadas y empieza una de las etapas m\u00e1s estables para el jugador tinerfe\u00f1o. Jugar\u00e1 dos temporadas en el equipo verdiblanco, contribuyendo (en su \u00faltimo a\u00f1o) a la clasificaci\u00f3n del equipo para la Europa League. En 1987 abandon\u00f3 el club de su vida y fich\u00f3 por el gran rival del Atl\u00e9tico, el FC Barcelona, que le hizo una gran oferta econ\u00f3mica. \u2191 \u00abLa vida de Zidane: el sue\u00f1o americano de una pareja \u00abnormal\u00bb\u00bb.<\/p>\n<p> \u2191 \u00abManolo Jim\u00e9nez es nuevo entrenador de la UD Las Palmas\u00bb. Tras no llegar a un acuerdo de renovaci\u00f3n con el Real Betis Balompi\u00e9, Mario decide aceptar la oferta del FK Baku de Azerbaiy\u00e1n, con Milinko Pantic de entrenador. Para proseguir su carrera como futbolista Mario tuvo que viajar a Madrid y jugar en las categor\u00edas inferiores del Atl\u00e9tico de Madrid. Pese a ello complet\u00f3 la temporada con 29 partidos jugados (42 jornadas) m\u00e1s los cuatro partidos de playoff en el que fue titular. El Diario Marca entreg\u00f3 esta temporada a Antonio Jes\u00fas L\u00f3pez Nieto el primero de los cinco Trofeos Guruceta que gan\u00f3 el colegiado malague\u00f1o a lo largo de su carrera. \u2191 \u00abEstad\u00edsticas Primera Divisi\u00f3n &#8211; 2011-12\u00bb. Marca. \u2191 \u00ab\u00bfQui\u00e9n fue la mejor jugadora de la jornada 26 de la Liga Iberdrola? Se proclaman Campeones de Liga y Copa. Subcampe\u00f3n de la Copa de Europa en la temporada 1984-1985, con el Atl\u00e9tico de Madrid. Y eso que todav\u00eda no hemos ganado a domicilio en toda la temporada. Luch\u00f3 durante todo el partido y mereci\u00f3 la victoria ante un r\u00e1cano Valencia que se llev\u00f3 el premio de un punto inmerecido. Debuta en la 2\u00aa jornada de la Liga Premier de Tailandia el 9 de marzo de 2016, con victoria por 2-0 frente al Bangkok Glass FC.<\/p>\n<p> Debut\u00f3 en la Premier League el 28 de septiembre en el empate por 2-2 ante el AFC Bournemouth, cuando entr\u00f3 en el minuto 34 en reemplazo del lesionado \u0141ukasz Fabia\u0144ski. Pese a que de peque\u00f1o se inclinaba por jugar a f\u00fatbol, se inici\u00f3 en el balonmano por empe\u00f1o de un sacerdote del colegio marianista de Ciudad Real en el que estudiaba. La gran campa\u00f1a realizada hace que el Club le renueve por una temporada m\u00e1s aunque en febrero de 2017 la directiva decide traspasarlo al Bec Tero Sasana F.C. Subcampe\u00f3n de la Copa IHF en la temporada 1986-1987, con el Atl\u00e9tico de Madrid. Al finalizar la temporada 1991-1992 el presidente del club, Jes\u00fas Gil, anunci\u00f3 la disoluci\u00f3n de la secci\u00f3n de balonmano del Atl\u00e9tico de Madrid. Realiza una gran temporada a nivel particular y tambi\u00e9n colectivo lo que lleva a que varios equipos de primera se fijen en \u00e9l. En las dos temporadas que permaneci\u00f3 en el Barcelona engros\u00f3 su palmar\u00e9s con otra Liga, otra copa del Rey, y una Supercopa de Espa\u00f1a. Bajo su direcci\u00f3n el Atl\u00e9tico de Madrid ha levantado todos los t\u00edtulos posibles (Europa League (2013), Supercopa de Europa (2013), Copa del Rey, Liga (2014), Supercopa de Espa\u00f1a).<\/p>\n<p> En el Atl\u00e9tico de Madrid jug\u00f3 once temporadas consecutivas en las que se revel\u00f3 como el mejor jugador de Espa\u00f1a y uno de los mejores del mundo de su \u00e9poca. Formaliza un contrato por dos temporadas. Mario regresa al f\u00fatbol espa\u00f1ol gracias a la oferta del Real Zaragoza, firmando un contrato por dos temporadas. La necesidad de hacer caja por parte de Jos\u00e9 Mar\u00eda del Nido anticipaba que este verano sus dos grandes estrellas har\u00edan las maletas. El guardameta tiene la ventaja de poder utilizar cualquier parte de su cuerpo para esto, pero solo dentro de su \u00e1rea penal. Buscaba a Emerson en la frontal del \u00e1rea. 3. La temporada del Atl\u00e9tico todav\u00eda no es un fracaso porque falta ver su desarrollo en Liga, en Copa y, ahora, en la Europa League. La segunda temporada comienza con problemas f\u00edsicos, lo cual lleva a plantear un tratamiento m\u00e9dico agresivo y diferente para intentar acabar con ellos.<\/p>\n","protected":false},"excerpt":{"rendered":"<p>El 12 de diciembre de 2017 firma con el club mexicano para jugar el Torneo Clausura del Ascenso MX. Jug\u00f3 hasta los 16 a\u00f1os, edad en la que fue captado para las categor\u00edas inferiores del Atl\u00e9tico de Madrid, tras disputar un torneo de selecciones auton\u00f3micas en tierras peninsulares. El Club Atl\u00e9tico de Madrid \u00abC\u00bb fue [&hellip;]<\/p>\n","protected":false},"author":1,"featured_media":0,"comment_status":"open","ping_status":"open","sticky":false,"template":"","format":"standard","meta":{"footnotes":""},"categories":[1],"tags":[1095,1096,1097],"class_list":["post-2062","post","type-post","status-publish","format-standard","hentry","category-uncategorized","tag-camiseta-entrenamiento-atletico-de-madrid-2019","tag-camiseta-oficial-atletico-de-madrid-nino","tag-cuanto-vale-la-camiseta-del-atletico-de-madrid"],"blocksy_meta":[],"yoast_head":"<!-- This site is optimized with the Yoast SEO plugin v25.8 - https:\/\/yoast.com\/wordpress\/plugins\/seo\/ -->\n<title>tienda atletico de madrid telefono - Camiseta de f\u00fatbol Atletico de Madrid 2024 2025 - SuperVigo<\/title>\n<meta name=\"robots\" content=\"index, follow, max-snippet:-1, max-image-preview:large, max-video-preview:-1\" \/>\n<link rel=\"canonical\" href=\"https:\/\/fpsin.com\/index.php\/2021\/06\/09\/tienda-atletico-de-madrid-telefono\/\" \/>\n<meta property=\"og:locale\" content=\"es_ES\" \/>\n<meta property=\"og:type\" content=\"article\" \/>\n<meta property=\"og:title\" content=\"tienda atletico de madrid telefono - Camiseta de f\u00fatbol Atletico de Madrid 2024 2025 - SuperVigo\" \/>\n<meta property=\"og:description\" content=\"El 12 de diciembre de 2017 firma con el club mexicano para jugar el Torneo Clausura del Ascenso MX. Jug\u00f3 hasta los 16 a\u00f1os, edad en la que fue captado para las categor\u00edas inferiores del Atl\u00e9tico de Madrid, tras disputar un torneo de selecciones auton\u00f3micas en tierras peninsulares. El Club Atl\u00e9tico de Madrid \u00abC\u00bb fue [&hellip;]\" \/>\n<meta property=\"og:url\" content=\"https:\/\/fpsin.com\/index.php\/2021\/06\/09\/tienda-atletico-de-madrid-telefono\/\" \/>\n<meta property=\"og:site_name\" content=\"Camiseta de f\u00fatbol Atletico de Madrid 2024 2025 - SuperVigo\" \/>\n<meta property=\"article:published_time\" content=\"2021-06-09T09:18:21+00:00\" \/>\n<meta property=\"og:image\" content=\"https:\/\/file.mundodeportivo.com\/ext1\/img02\/2013\/08\/21\/ENCUENTRO-DE-IDA-DE-LA-SUPERCO_54379626741_54115221152_960_640.jpg\" \/>\n<meta name=\"author\" content=\"istern\" \/>\n<meta name=\"twitter:card\" content=\"summary_large_image\" \/>\n<meta name=\"twitter:label1\" content=\"Escrito por\" \/>\n\t<meta name=\"twitter:data1\" content=\"istern\" \/>\n\t<meta name=\"twitter:label2\" content=\"Tiempo de lectura\" \/>\n\t<meta name=\"twitter:data2\" content=\"5 minutos\" \/>\n<script type=\"application\/ld+json\" class=\"yoast-schema-graph\">{\"@context\":\"https:\/\/schema.org\",\"@graph\":[{\"@type\":\"WebPage\",\"@id\":\"https:\/\/fpsin.com\/index.php\/2021\/06\/09\/tienda-atletico-de-madrid-telefono\/\",\"url\":\"https:\/\/fpsin.com\/index.php\/2021\/06\/09\/tienda-atletico-de-madrid-telefono\/\",\"name\":\"tienda atletico de madrid telefono - Camiseta de f\u00fatbol Atletico de Madrid 2024 2025 - SuperVigo\",\"isPartOf\":{\"@id\":\"https:\/\/fpsin.com\/#website\"},\"primaryImageOfPage\":{\"@id\":\"https:\/\/fpsin.com\/index.php\/2021\/06\/09\/tienda-atletico-de-madrid-telefono\/#primaryimage\"},\"image\":{\"@id\":\"https:\/\/fpsin.com\/index.php\/2021\/06\/09\/tienda-atletico-de-madrid-telefono\/#primaryimage\"},\"thumbnailUrl\":\"https:\/\/file.mundodeportivo.com\/ext1\/img02\/2013\/08\/21\/ENCUENTRO-DE-IDA-DE-LA-SUPERCO_54379626741_54115221152_960_640.jpg\",\"datePublished\":\"2021-06-09T09:18:21+00:00\",\"author\":{\"@id\":\"https:\/\/fpsin.com\/#\/schema\/person\/5ff6c0f8eeacd83e877f7ff3643206c1\"},\"breadcrumb\":{\"@id\":\"https:\/\/fpsin.com\/index.php\/2021\/06\/09\/tienda-atletico-de-madrid-telefono\/#breadcrumb\"},\"inLanguage\":\"es\",\"potentialAction\":[{\"@type\":\"ReadAction\",\"target\":[\"https:\/\/fpsin.com\/index.php\/2021\/06\/09\/tienda-atletico-de-madrid-telefono\/\"]}]},{\"@type\":\"ImageObject\",\"inLanguage\":\"es\",\"@id\":\"https:\/\/fpsin.com\/index.php\/2021\/06\/09\/tienda-atletico-de-madrid-telefono\/#primaryimage\",\"url\":\"https:\/\/file.mundodeportivo.com\/ext1\/img02\/2013\/08\/21\/ENCUENTRO-DE-IDA-DE-LA-SUPERCO_54379626741_54115221152_960_640.jpg\",\"contentUrl\":\"https:\/\/file.mundodeportivo.com\/ext1\/img02\/2013\/08\/21\/ENCUENTRO-DE-IDA-DE-LA-SUPERCO_54379626741_54115221152_960_640.jpg\"},{\"@type\":\"BreadcrumbList\",\"@id\":\"https:\/\/fpsin.com\/index.php\/2021\/06\/09\/tienda-atletico-de-madrid-telefono\/#breadcrumb\",\"itemListElement\":[{\"@type\":\"ListItem\",\"position\":1,\"name\":\"Portada\",\"item\":\"https:\/\/fpsin.com\/\"},{\"@type\":\"ListItem\",\"position\":2,\"name\":\"tienda atletico de madrid telefono\"}]},{\"@type\":\"WebSite\",\"@id\":\"https:\/\/fpsin.com\/#website\",\"url\":\"https:\/\/fpsin.com\/\",\"name\":\"Camiseta de f\u00fatbol Atletico de Madrid 2024 2025 - SuperVigo\",\"description\":\"Camiseta de Atl\u00e9tico de Madrid - Ofrecemos camiseta del Atl\u00e9tico de Madrid 2024 2025 para adultos y ni\u00f1os. Env\u00edo gratis desde 69\u20ac y personalizar Gratis.\",\"potentialAction\":[{\"@type\":\"SearchAction\",\"target\":{\"@type\":\"EntryPoint\",\"urlTemplate\":\"https:\/\/fpsin.com\/?s={search_term_string}\"},\"query-input\":{\"@type\":\"PropertyValueSpecification\",\"valueRequired\":true,\"valueName\":\"search_term_string\"}}],\"inLanguage\":\"es\"},{\"@type\":\"Person\",\"@id\":\"https:\/\/fpsin.com\/#\/schema\/person\/5ff6c0f8eeacd83e877f7ff3643206c1\",\"name\":\"istern\",\"image\":{\"@type\":\"ImageObject\",\"inLanguage\":\"es\",\"@id\":\"https:\/\/fpsin.com\/#\/schema\/person\/image\/\",\"url\":\"https:\/\/secure.gravatar.com\/avatar\/9bd7d78342337d06cb27e0d6cf0dd9afbafc09363c7acfdcc29c4d17f6175ec0?s=96&d=mm&r=g\",\"contentUrl\":\"https:\/\/secure.gravatar.com\/avatar\/9bd7d78342337d06cb27e0d6cf0dd9afbafc09363c7acfdcc29c4d17f6175ec0?s=96&d=mm&r=g\",\"caption\":\"istern\"},\"sameAs\":[\"https:\/\/fpsin.com\"],\"url\":\"https:\/\/fpsin.com\/index.php\/author\/Quetzalxochitl\/\"}]}<\/script>\n<!-- \/ Yoast SEO plugin. -->","yoast_head_json":{"title":"tienda atletico de madrid telefono - Camiseta de f\u00fatbol Atletico de Madrid 2024 2025 - SuperVigo","robots":{"index":"index","follow":"follow","max-snippet":"max-snippet:-1","max-image-preview":"max-image-preview:large","max-video-preview":"max-video-preview:-1"},"canonical":"https:\/\/fpsin.com\/index.php\/2021\/06\/09\/tienda-atletico-de-madrid-telefono\/","og_locale":"es_ES","og_type":"article","og_title":"tienda atletico de madrid telefono - Camiseta de f\u00fatbol Atletico de Madrid 2024 2025 - SuperVigo","og_description":"El 12 de diciembre de 2017 firma con el club mexicano para jugar el Torneo Clausura del Ascenso MX. Jug\u00f3 hasta los 16 a\u00f1os, edad en la que fue captado para las categor\u00edas inferiores del Atl\u00e9tico de Madrid, tras disputar un torneo de selecciones auton\u00f3micas en tierras peninsulares. El Club Atl\u00e9tico de Madrid \u00abC\u00bb fue [&hellip;]","og_url":"https:\/\/fpsin.com\/index.php\/2021\/06\/09\/tienda-atletico-de-madrid-telefono\/","og_site_name":"Camiseta de f\u00fatbol Atletico de Madrid 2024 2025 - SuperVigo","article_published_time":"2021-06-09T09:18:21+00:00","og_image":[{"url":"https:\/\/file.mundodeportivo.com\/ext1\/img02\/2013\/08\/21\/ENCUENTRO-DE-IDA-DE-LA-SUPERCO_54379626741_54115221152_960_640.jpg","type":"","width":"","height":""}],"author":"istern","twitter_card":"summary_large_image","twitter_misc":{"Escrito por":"istern","Tiempo de lectura":"5 minutos"},"schema":{"@context":"https:\/\/schema.org","@graph":[{"@type":"WebPage","@id":"https:\/\/fpsin.com\/index.php\/2021\/06\/09\/tienda-atletico-de-madrid-telefono\/","url":"https:\/\/fpsin.com\/index.php\/2021\/06\/09\/tienda-atletico-de-madrid-telefono\/","name":"tienda atletico de madrid telefono - Camiseta de f\u00fatbol Atletico de Madrid 2024 2025 - SuperVigo","isPartOf":{"@id":"https:\/\/fpsin.com\/#website"},"primaryImageOfPage":{"@id":"https:\/\/fpsin.com\/index.php\/2021\/06\/09\/tienda-atletico-de-madrid-telefono\/#primaryimage"},"image":{"@id":"https:\/\/fpsin.com\/index.php\/2021\/06\/09\/tienda-atletico-de-madrid-telefono\/#primaryimage"},"thumbnailUrl":"https:\/\/file.mundodeportivo.com\/ext1\/img02\/2013\/08\/21\/ENCUENTRO-DE-IDA-DE-LA-SUPERCO_54379626741_54115221152_960_640.jpg","datePublished":"2021-06-09T09:18:21+00:00","author":{"@id":"https:\/\/fpsin.com\/#\/schema\/person\/5ff6c0f8eeacd83e877f7ff3643206c1"},"breadcrumb":{"@id":"https:\/\/fpsin.com\/index.php\/2021\/06\/09\/tienda-atletico-de-madrid-telefono\/#breadcrumb"},"inLanguage":"es","potentialAction":[{"@type":"ReadAction","target":["https:\/\/fpsin.com\/index.php\/2021\/06\/09\/tienda-atletico-de-madrid-telefono\/"]}]},{"@type":"ImageObject","inLanguage":"es","@id":"https:\/\/fpsin.com\/index.php\/2021\/06\/09\/tienda-atletico-de-madrid-telefono\/#primaryimage","url":"https:\/\/file.mundodeportivo.com\/ext1\/img02\/2013\/08\/21\/ENCUENTRO-DE-IDA-DE-LA-SUPERCO_54379626741_54115221152_960_640.jpg","contentUrl":"https:\/\/file.mundodeportivo.com\/ext1\/img02\/2013\/08\/21\/ENCUENTRO-DE-IDA-DE-LA-SUPERCO_54379626741_54115221152_960_640.jpg"},{"@type":"BreadcrumbList","@id":"https:\/\/fpsin.com\/index.php\/2021\/06\/09\/tienda-atletico-de-madrid-telefono\/#breadcrumb","itemListElement":[{"@type":"ListItem","position":1,"name":"Portada","item":"https:\/\/fpsin.com\/"},{"@type":"ListItem","position":2,"name":"tienda atletico de madrid telefono"}]},{"@type":"WebSite","@id":"https:\/\/fpsin.com\/#website","url":"https:\/\/fpsin.com\/","name":"Camiseta de f\u00fatbol Atletico de Madrid 2024 2025 - SuperVigo","description":"Camiseta de Atl\u00e9tico de Madrid - Ofrecemos camiseta del Atl\u00e9tico de Madrid 2024 2025 para adultos y ni\u00f1os. Env\u00edo gratis desde 69\u20ac y personalizar Gratis.","potentialAction":[{"@type":"SearchAction","target":{"@type":"EntryPoint","urlTemplate":"https:\/\/fpsin.com\/?s={search_term_string}"},"query-input":{"@type":"PropertyValueSpecification","valueRequired":true,"valueName":"search_term_string"}}],"inLanguage":"es"},{"@type":"Person","@id":"https:\/\/fpsin.com\/#\/schema\/person\/5ff6c0f8eeacd83e877f7ff3643206c1","name":"istern","image":{"@type":"ImageObject","inLanguage":"es","@id":"https:\/\/fpsin.com\/#\/schema\/person\/image\/","url":"https:\/\/secure.gravatar.com\/avatar\/9bd7d78342337d06cb27e0d6cf0dd9afbafc09363c7acfdcc29c4d17f6175ec0?s=96&d=mm&r=g","contentUrl":"https:\/\/secure.gravatar.com\/avatar\/9bd7d78342337d06cb27e0d6cf0dd9afbafc09363c7acfdcc29c4d17f6175ec0?s=96&d=mm&r=g","caption":"istern"},"sameAs":["https:\/\/fpsin.com"],"url":"https:\/\/fpsin.com\/index.php\/author\/Quetzalxochitl\/"}]}},"_links":{"self":[{"href":"https:\/\/fpsin.com\/index.php\/wp-json\/wp\/v2\/posts\/2062","targetHints":{"allow":["GET"]}}],"collection":[{"href":"https:\/\/fpsin.com\/index.php\/wp-json\/wp\/v2\/posts"}],"about":[{"href":"https:\/\/fpsin.com\/index.php\/wp-json\/wp\/v2\/types\/post"}],"author":[{"embeddable":true,"href":"https:\/\/fpsin.com\/index.php\/wp-json\/wp\/v2\/users\/1"}],"replies":[{"embeddable":true,"href":"https:\/\/fpsin.com\/index.php\/wp-json\/wp\/v2\/comments?post=2062"}],"version-history":[{"count":1,"href":"https:\/\/fpsin.com\/index.php\/wp-json\/wp\/v2\/posts\/2062\/revisions"}],"predecessor-version":[{"id":2063,"href":"https:\/\/fpsin.com\/index.php\/wp-json\/wp\/v2\/posts\/2062\/revisions\/2063"}],"wp:attachment":[{"href":"https:\/\/fpsin.com\/index.php\/wp-json\/wp\/v2\/media?parent=2062"}],"wp:term":[{"taxonomy":"category","embeddable":true,"href":"https:\/\/fpsin.com\/index.php\/wp-json\/wp\/v2\/categories?post=2062"},{"taxonomy":"post_tag","embeddable":true,"href":"https:\/\/fpsin.com\/index.php\/wp-json\/wp\/v2\/tags?post=2062"}],"curies":[{"name":"wp","href":"https:\/\/api.w.org\/{rel}","templated":true}]}}