{"id":2074,"date":"2021-06-09T10:19:32","date_gmt":"2021-06-09T09:19:32","guid":{"rendered":"http:\/\/fpsin.com\/?p=2074"},"modified":"2021-06-09T10:19:32","modified_gmt":"2021-06-09T09:19:32","slug":"atletico-de-madrid-lleida-marca","status":"publish","type":"post","link":"https:\/\/fpsin.com\/index.php\/2021\/06\/09\/atletico-de-madrid-lleida-marca\/","title":{"rendered":"atletico de madrid lleida marca"},"content":{"rendered":"<p> En la primera jornada de la Liga de Campeones, Adri\u00e1n anot\u00f3 su primer gol con la camiseta del club portugu\u00e9s. \u2191 Espa\u00f1a, Madrid,. \u00abHorarios de la jornada 9 de LaLiga 1l2l3 2017\/18\u00bb. Liga de F\u00fatbol Profesional. 10 de febrero: en Espa\u00f1a, el rey Juan Carlos I encarga a Leopoldo Calvo-Sotelo la formaci\u00f3n de un nuevo gabinete. Ricky Martin: Me amar\u00e1s (su segundo \u00e1lbum de estudio como solista, lanzado al mercado el 25 de mayo producido por el compositor y productor musical espa\u00f1ol Juan Carlos Calder\u00f3n). 24 de febrero: el rey Juan Carlos I desautoriza el golpe de Estado en una alocuci\u00f3n televisiva (a la una y media de la madrugada). Este episodio se dio en llamar 23-F. Es detenido tambi\u00e9n el general Jaime Milans del Bosch y otros colaboradores en el fallido golpe de Estado. Por este motivo les facilitamos la informaci\u00f3n de forma clara y concisa, indicando adem\u00e1s al candidato que podr\u00e1 solicitar una copia de sus datos, los cuales se le ofrecer\u00e1n en un formato estructurado.<\/p>\n<div style=\"clear:both; text-align:center\"><iframe loading=\"lazy\" width=\"640\" height=\"360\" src=\"https:\/\/www.youtube.com\/embed\/xCsJ0tykkt8?showinfo=0&#038;modestbranding=1\" frameborder=\"0\" allowfullscreen title=\"REACCIONES\"><\/iframe><\/div>\n<p> Al igual que en estas pasadas campa\u00f1as, el f\u00fatbol en Espa\u00f1a se puede seguir a trav\u00e9s de la televisi\u00f3n y las cadenas de pago. Declarado \u00abA\u00f1o Internacional de las Personas con Discapacidad\u00bb por la Organizaci\u00f3n de las Naciones Unidas. Los dos han ense\u00f1ado ya las virtudes, y el segundo es el mejor Zamora de la historia liguera. En poco tiempo se ha convertido en la segunda equipaci\u00f3n m\u00e1s vendida de la historia del Bar\u00e7a y con mayor aceptaci\u00f3n entre los catalanes. \u2191 &#8216;Fuentes Documentales Deportivas Aplicadas a la Historia de un Club Deportivo Espa\u00f1ol: Historia del Club Atl\u00e9tico de Madrid. El reencuentro con la categor\u00eda de plata proporciona al Club Atl\u00e9tico de Madrid \u201cB\u201d una segunda etapa dorada y se estrena como decimosegundo clasificado, siendo noveno la siguiente sesi\u00f3n. Tras la desaparici\u00f3n del \u00faltimo equipo campe\u00f3n, el Athletic se vio inmerso en un periodo de declive que comenz\u00f3 en la temporada 1986-87 con Jos\u00e9 \u00c1ngel Iribar como t\u00e9cnico. \u2191 Jos\u00e9 Alberto Villasana M. (ACI Prensa) (julio de 2000). \u00abLa verdad sobre el asesinato del Cardenal Posadas Ocampo\u00bb.<\/p>\n<p> \u2191 Menzel, Jos\u00e9 Carlos (1 de junio de 2013). \u00abEl Bayern gana la Copa y conquista un triplete hist\u00f3rico\u00bb. \u2191 Agencia EFE (11 de junio de 2013). \u00abBBVA renueva su patrocinio con la LFP por tres temporadas\u00bb. \u2191 \u00abSports VS &#8211; Ganadores\u00bb. \u2191 a b c d Diario El Espa\u00f1ol (ed.). El rival para cuartos de final fue el otro equipo espa\u00f1ol que quedaba vivo en la competici\u00f3n: el Valencia CF. Robert Sarver dej\u00f3 claro que \u00e9l tambi\u00e9n disfrut\u00f3 de la fiesta del Mallorca desde el otro lado del Atl\u00e1ntico. En ocasiones, se han organizado partidos de f\u00fatbol informales, con la participaci\u00f3n de reconocidos jugadores del club, a fin de recaudar dinero. 24 de febrero: hacia al norte del golfo de Corinto (en Grecia) un violento sismo causa 16 muertos y 400 heridos. 11 de febrero: En Paraguay, comienzan las transmisiones televisivas de Canal Trece, el primer canal que inicia transmisiones a color. En el Madrid cuentan que obviaron hablar de la mano de Munir en el gol del empate del Sevilla.<\/p>\n<p> \u2191 \u00abAtl\u00e9tico Madrid 15-16 Kits Revealed\u00bb. Athletic 0-0 Real Madrid | 60&#8242; | Miguel vuelve a llegar a l\u00ednea de fondo y hay tiro de esquina. Real Madrid:Centenario. S\u00edlex. pp. Patricio Rey y sus Redonditos de Ricota: Lobo suelto\/Cordero atado. Tambi\u00e9n ese d\u00eda la sociedad gastron\u00f3mica Uni\u00f3n Artesana dio una vuelta al estadio tocando marchas de la tamborrada. Uni\u00f3n Europea, seg\u00fan la fuente, tras la de Par\u00eds, y en algunas fuentes detr\u00e1s tambi\u00e9n de la Regi\u00f3n del Ruhr, as\u00ed como la segunda ciudad m\u00e1s poblada de la Uni\u00f3n Europea, solo por detr\u00e1s de Berl\u00edn. Curiosamente, a pesar de ser el enfrentamiento m\u00e1s repetido en una competici\u00f3n europea, ambos equipos nunca se han enfrentado en una final. De esta manera, y a pesar de la derrota del Zenit frente al Austria Wien, al Porto se le escapaba la clasificaci\u00f3n para octavos, y acced\u00eda a dieciseisavos de final de la Europa League. 20 de febrero: la CEE \u2014a pesar de las presiones del gobierno de Reagan en sentido contrario\u2014 decide seguir ayudando al gobierno democr\u00e1tico de El Salvador. 19 de febrero: en Bilbao, <a href='https:\/\/supervigo.com\/'>camisetas futbol 2022<\/a> ETA secuestra a los c\u00f3nsules honorarios de Austria y El Salvador. 26 de febrero: en Francia, el TGV rompe el r\u00e9cord de velocidad alcanzando los 380 km\/h.<\/p>\n<p> 9 de febrero: en Polonia, el general Wojciech Jaruzelski es nombrado primer ministro en remplazo de Jozef Pinkowski. 11 de enero: en Nueva York, Javier P\u00e9rez de Cu\u00e9llar es elegido secretario general de la ONU. 7 de enero: Libia y Chad se constituyen en una rep\u00fablica popular conjunta. Marc\u00f3 primero Kike Sola en el minuto 31 tras una excelente jugada colectiva. Una caracter\u00edstica que ten\u00eda, era su gran habilidad para realizar barridas muy limpias. Tras una larga negociaci\u00f3n para la rendici\u00f3n de los rebeldes, los diputados retenidos en el congreso fueron liberados a las nueve de la ma\u00f1ana sin que se registrasen heridos. En la Copa de la Reina eliminaron al Rayo Vallecano en las semifinales en la tanda de penaltis. El 13 de febrero de 1943, la directiva del Atl\u00e9tico Aviaci\u00f3n tuvo una reuni\u00f3n con la Federaci\u00f3n Castellana para informarles de la finalizaci\u00f3n de las obras del Estadio Metropolitano. \u2191 \u00abLaia Aleixandri sufre una fractura de c\u00fabito y radio\u00bb.<\/p>\n<p>Si tiene alguna pregunta sobre d\u00f3nde y c\u00f3mo utilizar <a href=\"https:\/\/supervigo.com\/es_ES\/taxons\/atletico-de-madrid-es-05\">equipacion atletico de madrid 2021<\/a> , puede llamarnos a nuestro propio sitio de Internet.<\/p>\n","protected":false},"excerpt":{"rendered":"<p>En la primera jornada de la Liga de Campeones, Adri\u00e1n anot\u00f3 su primer gol con la camiseta del club portugu\u00e9s. \u2191 Espa\u00f1a, Madrid,. \u00abHorarios de la jornada 9 de LaLiga 1l2l3 2017\/18\u00bb. Liga de F\u00fatbol Profesional. 10 de febrero: en Espa\u00f1a, el rey Juan Carlos I encarga a Leopoldo Calvo-Sotelo la formaci\u00f3n de un nuevo [&hellip;]<\/p>\n","protected":false},"author":1,"featured_media":0,"comment_status":"open","ping_status":"open","sticky":false,"template":"","format":"standard","meta":{"footnotes":""},"categories":[1],"tags":[1104,1106,1105],"class_list":["post-2074","post","type-post","status-publish","format-standard","hentry","category-uncategorized","tag-camiseta-atletico-de-madrid-liga","tag-camisetas-atletico-de-madrid-por-anos","tag-entradas-atletico-de-madrid-levante"],"blocksy_meta":[],"yoast_head":"<!-- This site is optimized with the Yoast SEO plugin v25.8 - https:\/\/yoast.com\/wordpress\/plugins\/seo\/ -->\n<title>atletico de madrid lleida marca - Camiseta de f\u00fatbol Atletico de Madrid 2024 2025 - SuperVigo<\/title>\n<meta name=\"robots\" content=\"index, follow, max-snippet:-1, max-image-preview:large, max-video-preview:-1\" \/>\n<link rel=\"canonical\" href=\"https:\/\/fpsin.com\/index.php\/2021\/06\/09\/atletico-de-madrid-lleida-marca\/\" \/>\n<meta property=\"og:locale\" content=\"es_ES\" \/>\n<meta property=\"og:type\" content=\"article\" \/>\n<meta property=\"og:title\" content=\"atletico de madrid lleida marca - Camiseta de f\u00fatbol Atletico de Madrid 2024 2025 - SuperVigo\" \/>\n<meta property=\"og:description\" content=\"En la primera jornada de la Liga de Campeones, Adri\u00e1n anot\u00f3 su primer gol con la camiseta del club portugu\u00e9s. \u2191 Espa\u00f1a, Madrid,. \u00abHorarios de la jornada 9 de LaLiga 1l2l3 2017\/18\u00bb. Liga de F\u00fatbol Profesional. 10 de febrero: en Espa\u00f1a, el rey Juan Carlos I encarga a Leopoldo Calvo-Sotelo la formaci\u00f3n de un nuevo [&hellip;]\" \/>\n<meta property=\"og:url\" content=\"https:\/\/fpsin.com\/index.php\/2021\/06\/09\/atletico-de-madrid-lleida-marca\/\" \/>\n<meta property=\"og:site_name\" content=\"Camiseta de f\u00fatbol Atletico de Madrid 2024 2025 - SuperVigo\" \/>\n<meta property=\"article:published_time\" content=\"2021-06-09T09:19:32+00:00\" \/>\n<meta name=\"author\" content=\"istern\" \/>\n<meta name=\"twitter:card\" content=\"summary_large_image\" \/>\n<meta name=\"twitter:label1\" content=\"Escrito por\" \/>\n\t<meta name=\"twitter:data1\" content=\"istern\" \/>\n\t<meta name=\"twitter:label2\" content=\"Tiempo de lectura\" \/>\n\t<meta name=\"twitter:data2\" content=\"5 minutos\" \/>\n<script type=\"application\/ld+json\" class=\"yoast-schema-graph\">{\"@context\":\"https:\/\/schema.org\",\"@graph\":[{\"@type\":\"WebPage\",\"@id\":\"https:\/\/fpsin.com\/index.php\/2021\/06\/09\/atletico-de-madrid-lleida-marca\/\",\"url\":\"https:\/\/fpsin.com\/index.php\/2021\/06\/09\/atletico-de-madrid-lleida-marca\/\",\"name\":\"atletico de madrid lleida marca - Camiseta de f\u00fatbol Atletico de Madrid 2024 2025 - SuperVigo\",\"isPartOf\":{\"@id\":\"https:\/\/fpsin.com\/#website\"},\"datePublished\":\"2021-06-09T09:19:32+00:00\",\"author\":{\"@id\":\"https:\/\/fpsin.com\/#\/schema\/person\/5ff6c0f8eeacd83e877f7ff3643206c1\"},\"breadcrumb\":{\"@id\":\"https:\/\/fpsin.com\/index.php\/2021\/06\/09\/atletico-de-madrid-lleida-marca\/#breadcrumb\"},\"inLanguage\":\"es\",\"potentialAction\":[{\"@type\":\"ReadAction\",\"target\":[\"https:\/\/fpsin.com\/index.php\/2021\/06\/09\/atletico-de-madrid-lleida-marca\/\"]}]},{\"@type\":\"BreadcrumbList\",\"@id\":\"https:\/\/fpsin.com\/index.php\/2021\/06\/09\/atletico-de-madrid-lleida-marca\/#breadcrumb\",\"itemListElement\":[{\"@type\":\"ListItem\",\"position\":1,\"name\":\"Portada\",\"item\":\"https:\/\/fpsin.com\/\"},{\"@type\":\"ListItem\",\"position\":2,\"name\":\"atletico de madrid lleida marca\"}]},{\"@type\":\"WebSite\",\"@id\":\"https:\/\/fpsin.com\/#website\",\"url\":\"https:\/\/fpsin.com\/\",\"name\":\"Camiseta de f\u00fatbol Atletico de Madrid 2024 2025 - SuperVigo\",\"description\":\"Camiseta de Atl\u00e9tico de Madrid - Ofrecemos camiseta del Atl\u00e9tico de Madrid 2024 2025 para adultos y ni\u00f1os. Env\u00edo gratis desde 69\u20ac y personalizar Gratis.\",\"potentialAction\":[{\"@type\":\"SearchAction\",\"target\":{\"@type\":\"EntryPoint\",\"urlTemplate\":\"https:\/\/fpsin.com\/?s={search_term_string}\"},\"query-input\":{\"@type\":\"PropertyValueSpecification\",\"valueRequired\":true,\"valueName\":\"search_term_string\"}}],\"inLanguage\":\"es\"},{\"@type\":\"Person\",\"@id\":\"https:\/\/fpsin.com\/#\/schema\/person\/5ff6c0f8eeacd83e877f7ff3643206c1\",\"name\":\"istern\",\"image\":{\"@type\":\"ImageObject\",\"inLanguage\":\"es\",\"@id\":\"https:\/\/fpsin.com\/#\/schema\/person\/image\/\",\"url\":\"https:\/\/secure.gravatar.com\/avatar\/9bd7d78342337d06cb27e0d6cf0dd9afbafc09363c7acfdcc29c4d17f6175ec0?s=96&d=mm&r=g\",\"contentUrl\":\"https:\/\/secure.gravatar.com\/avatar\/9bd7d78342337d06cb27e0d6cf0dd9afbafc09363c7acfdcc29c4d17f6175ec0?s=96&d=mm&r=g\",\"caption\":\"istern\"},\"sameAs\":[\"https:\/\/fpsin.com\"],\"url\":\"https:\/\/fpsin.com\/index.php\/author\/Quetzalxochitl\/\"}]}<\/script>\n<!-- \/ Yoast SEO plugin. -->","yoast_head_json":{"title":"atletico de madrid lleida marca - Camiseta de f\u00fatbol Atletico de Madrid 2024 2025 - SuperVigo","robots":{"index":"index","follow":"follow","max-snippet":"max-snippet:-1","max-image-preview":"max-image-preview:large","max-video-preview":"max-video-preview:-1"},"canonical":"https:\/\/fpsin.com\/index.php\/2021\/06\/09\/atletico-de-madrid-lleida-marca\/","og_locale":"es_ES","og_type":"article","og_title":"atletico de madrid lleida marca - Camiseta de f\u00fatbol Atletico de Madrid 2024 2025 - SuperVigo","og_description":"En la primera jornada de la Liga de Campeones, Adri\u00e1n anot\u00f3 su primer gol con la camiseta del club portugu\u00e9s. \u2191 Espa\u00f1a, Madrid,. \u00abHorarios de la jornada 9 de LaLiga 1l2l3 2017\/18\u00bb. Liga de F\u00fatbol Profesional. 10 de febrero: en Espa\u00f1a, el rey Juan Carlos I encarga a Leopoldo Calvo-Sotelo la formaci\u00f3n de un nuevo [&hellip;]","og_url":"https:\/\/fpsin.com\/index.php\/2021\/06\/09\/atletico-de-madrid-lleida-marca\/","og_site_name":"Camiseta de f\u00fatbol Atletico de Madrid 2024 2025 - SuperVigo","article_published_time":"2021-06-09T09:19:32+00:00","author":"istern","twitter_card":"summary_large_image","twitter_misc":{"Escrito por":"istern","Tiempo de lectura":"5 minutos"},"schema":{"@context":"https:\/\/schema.org","@graph":[{"@type":"WebPage","@id":"https:\/\/fpsin.com\/index.php\/2021\/06\/09\/atletico-de-madrid-lleida-marca\/","url":"https:\/\/fpsin.com\/index.php\/2021\/06\/09\/atletico-de-madrid-lleida-marca\/","name":"atletico de madrid lleida marca - Camiseta de f\u00fatbol Atletico de Madrid 2024 2025 - SuperVigo","isPartOf":{"@id":"https:\/\/fpsin.com\/#website"},"datePublished":"2021-06-09T09:19:32+00:00","author":{"@id":"https:\/\/fpsin.com\/#\/schema\/person\/5ff6c0f8eeacd83e877f7ff3643206c1"},"breadcrumb":{"@id":"https:\/\/fpsin.com\/index.php\/2021\/06\/09\/atletico-de-madrid-lleida-marca\/#breadcrumb"},"inLanguage":"es","potentialAction":[{"@type":"ReadAction","target":["https:\/\/fpsin.com\/index.php\/2021\/06\/09\/atletico-de-madrid-lleida-marca\/"]}]},{"@type":"BreadcrumbList","@id":"https:\/\/fpsin.com\/index.php\/2021\/06\/09\/atletico-de-madrid-lleida-marca\/#breadcrumb","itemListElement":[{"@type":"ListItem","position":1,"name":"Portada","item":"https:\/\/fpsin.com\/"},{"@type":"ListItem","position":2,"name":"atletico de madrid lleida marca"}]},{"@type":"WebSite","@id":"https:\/\/fpsin.com\/#website","url":"https:\/\/fpsin.com\/","name":"Camiseta de f\u00fatbol Atletico de Madrid 2024 2025 - SuperVigo","description":"Camiseta de Atl\u00e9tico de Madrid - Ofrecemos camiseta del Atl\u00e9tico de Madrid 2024 2025 para adultos y ni\u00f1os. Env\u00edo gratis desde 69\u20ac y personalizar Gratis.","potentialAction":[{"@type":"SearchAction","target":{"@type":"EntryPoint","urlTemplate":"https:\/\/fpsin.com\/?s={search_term_string}"},"query-input":{"@type":"PropertyValueSpecification","valueRequired":true,"valueName":"search_term_string"}}],"inLanguage":"es"},{"@type":"Person","@id":"https:\/\/fpsin.com\/#\/schema\/person\/5ff6c0f8eeacd83e877f7ff3643206c1","name":"istern","image":{"@type":"ImageObject","inLanguage":"es","@id":"https:\/\/fpsin.com\/#\/schema\/person\/image\/","url":"https:\/\/secure.gravatar.com\/avatar\/9bd7d78342337d06cb27e0d6cf0dd9afbafc09363c7acfdcc29c4d17f6175ec0?s=96&d=mm&r=g","contentUrl":"https:\/\/secure.gravatar.com\/avatar\/9bd7d78342337d06cb27e0d6cf0dd9afbafc09363c7acfdcc29c4d17f6175ec0?s=96&d=mm&r=g","caption":"istern"},"sameAs":["https:\/\/fpsin.com"],"url":"https:\/\/fpsin.com\/index.php\/author\/Quetzalxochitl\/"}]}},"_links":{"self":[{"href":"https:\/\/fpsin.com\/index.php\/wp-json\/wp\/v2\/posts\/2074","targetHints":{"allow":["GET"]}}],"collection":[{"href":"https:\/\/fpsin.com\/index.php\/wp-json\/wp\/v2\/posts"}],"about":[{"href":"https:\/\/fpsin.com\/index.php\/wp-json\/wp\/v2\/types\/post"}],"author":[{"embeddable":true,"href":"https:\/\/fpsin.com\/index.php\/wp-json\/wp\/v2\/users\/1"}],"replies":[{"embeddable":true,"href":"https:\/\/fpsin.com\/index.php\/wp-json\/wp\/v2\/comments?post=2074"}],"version-history":[{"count":1,"href":"https:\/\/fpsin.com\/index.php\/wp-json\/wp\/v2\/posts\/2074\/revisions"}],"predecessor-version":[{"id":2075,"href":"https:\/\/fpsin.com\/index.php\/wp-json\/wp\/v2\/posts\/2074\/revisions\/2075"}],"wp:attachment":[{"href":"https:\/\/fpsin.com\/index.php\/wp-json\/wp\/v2\/media?parent=2074"}],"wp:term":[{"taxonomy":"category","embeddable":true,"href":"https:\/\/fpsin.com\/index.php\/wp-json\/wp\/v2\/categories?post=2074"},{"taxonomy":"post_tag","embeddable":true,"href":"https:\/\/fpsin.com\/index.php\/wp-json\/wp\/v2\/tags?post=2074"}],"curies":[{"name":"wp","href":"https:\/\/api.w.org\/{rel}","templated":true}]}}