{"id":2110,"date":"2021-06-09T10:23:36","date_gmt":"2021-06-09T09:23:36","guid":{"rendered":"http:\/\/fpsin.com\/?p=2110"},"modified":"2021-06-09T10:23:36","modified_gmt":"2021-06-09T09:23:36","slug":"as-roma-club-atletico-de-madrid-sad","status":"publish","type":"post","link":"https:\/\/fpsin.com\/index.php\/2021\/06\/09\/as-roma-club-atletico-de-madrid-sad\/","title":{"rendered":"as roma &#8211; club atl\u00e9tico de madrid sad"},"content":{"rendered":"<p><a href=\"https:\/\/supervigo.com\/\"><a href=\"https:\/\/supervigo.com\/\"><img decoding=\"async\" src=\"https:\/\/c4.wallpaperflare.com\/wallpaper\/372\/338\/574\/estadio-da-luz-uefa-euro-cup-wallpaper-preview.jpg\" alt=\"Estadio 1080P, 2K, 4K, 5K HD wallpapers free download - Wallpaper Flare\" style=\"clear:both; float:left; padding:10px 10px 10px 0px;border:0px; max-width: 340px;\" \/><\/a><\/a> Restan completarse el techado, el pintado completo y otras terminaciones generales, proyectadas a partir de 2017. El estadio fue financiado en su totalidad por el club, sin ayuda de los gobiernos locales. En 2007 comenz\u00f3 a demolerse en su totalidad salvo por la tribuna Herminio Sande, que pasar\u00eda a ser parte del pr\u00f3ximo estadio. Luego de revisar hasta el \u00faltimo resquicio del terreno, el inspector le manifest\u00f3 a Langone y a Degiorgi que el field no estaba en condiciones aptas para ser aceptado en la liga oficial. En la jornada del viernes se notificaron 1.295 casos nuevos de coronavirus, 1.025 de las \u00faltimas 24 horas, y 15 fallecidos m\u00e1s en los hospitales. Este barrio bajo de la Recoleta era conocido como la \u00abTierra del Fuego\u00bb, debido a las fogatas que encend\u00edan de noche los vagabundos que viv\u00edan en ese lugar. Mientras que en el sector derecho est\u00e1n los camarines para los directores t\u00e9cnicos, con despacho privado, una lavander\u00eda y una sala de prensa.<\/p>\n<div style=\"clear:both;\"><\/div>\n<p> En el sector izquierdo de la planta baja se ubica el gimnasio, los vestuarios, el SPA -con sauna y dos piletas-, la habitaci\u00f3n para kinesiolog\u00eda, la utiler\u00eda y el dep\u00f3sito de los diferentes elementos. Por su parte, la planta alta, cuenta con una tribuna para poder ver los entrenamientos, un sal\u00f3n de usos m\u00faltiples y una enorme cafeter\u00eda con vista a las canchas. Cuenta con el r\u00e9cord a\u00fan hoy imbatido de haber sido escenario del partido con mayor concurrencia de p\u00fablico en la historia de la Primera Divisi\u00f3n argentina; m\u00e1s de 70.000 espectadores en 1954 contra Boca Juniors. El jugador del Athletic Club siempre estuvo en la mente de Julen Lopetegui, consciente de que para la posici\u00f3n de zaguero central no dispone de candidatos de sobra. El Atl\u00e9tico destac\u00f3 del extremo, de 27 a\u00f1os, que es un \u00abun futbolista de contrastada experiencia y calidad\u00bb y que \u00abse ha convertido en uno de los jugadores m\u00e1s desequilibrantes de LaLiga en las \u00faltimas temporadas\u00bb. \u00c1ngela Sosa Mart\u00edn (Sevilla, 16 de enero de 1993), es una futbolista espa\u00f1ola. 16 de enero: David Garc\u00eda de la Cruz, futbolista espa\u00f1ol.<\/p>\n<p> Su capacidad m\u00e1xima es de 52.364 espectadores. El 19 de diciembre de 2016 fue la inauguraci\u00f3n final del estadio con todas las ubicaciones proyectadas disponibles, superando la capacidad de 50 000 personas. A d\u00eda de hoy no se sabe como se lleg\u00f3 a ese n\u00famero, puesto que la cancha ten\u00eda capacidad para un m\u00e1ximo de 40.000 hinchas. Un gol, ante Osasuna, y una asistencia, ante el Cardassar, ha sido el balance de un jugador que fue titular ante el Celta a los pocos d\u00edas de llegar. El 27 de mayo inauguran el nuevo field con una victoria ante Mariano Moreno por 3-0. Independiente disput\u00f3 aqu\u00ed de local s\u00f3lo 15 partidos y volvi\u00f3 a mudarse. En 1925 ante la probable venta del terreno donde estaba la sexta cancha, la comisi\u00f3n se dedic\u00f3 a la b\u00fasqueda de un nuevo terreno para construir un nuevo estadio. Tambi\u00e9n cuenta con un buffet, una confiter\u00eda, un patio de comidas, vestuarios y un local comercial dedicado a la venta de indumentaria y art\u00edculos del club. El 30 de diciembre, el portero del Bayern, Fritz Kosar, tuvo que ayudar en el ataque, por lo que Maier realiz\u00f3 su debut con tan solo 18 a\u00f1os de edad. Sab\u00edan que era posible solo con el aporte y esfuerzo de todos los socios de Independiente.<\/p>\n<p> Al mismo tiempo, tenemos que hacer un esfuerzo por la gente. Tambi\u00e9n se alquil\u00f3 otro peque\u00f1o predio en la cuadra de enfrente en el cual se instal\u00f3 la casilla que har\u00eda de vestuario y ba\u00f1os. Cuando los directivos fueron al predio tomaron el desaf\u00edo de adquirirlo, ponerlo en condiciones y construir en \u00e9l el m\u00e1s impresionante estadio de football de toda Am\u00e9rica. La estad\u00eda en este estadio fue \u00fanicamente para rellenar los textos de historia, pues en diciembre del mismo a\u00f1o abandonaron el predio. Este estadio sufri\u00f3 un fuerte incendio la madrugada del 4 de agosto de 1923 que destruy\u00f3 completamente sus instalaciones de madera, las cuales en pocos meses fueron reconstruidas. Aunque, tambi\u00e9n, se sostiene que se comenz\u00f3 a utilizar el color rojo debido a la afinidad que ten\u00edan miembros del club con el Partido Socialista. El club que dirigen Miguel \u00c1ngel Gil Mar\u00edn (consejero delegado) y Enrique Cerezo (presidente) tiene que guardar el equilibrio presupuestario y evitar el incumplimiento del control financiero que exige la UEFA. El equipo se traslad\u00f3 a una zona m\u00e1s alta y a salvo de las inundaciones frecuentes que ocurr\u00edan, ubicado en el barrio de La Paternal, al igual que la primera cancha. Y ya con la camiseta rojiblanca puesta, la misma historia de siempre: Morata no est\u00e1 contento con su rol en el equipo y pide una salida.<\/p>\n<p>Si usted am\u00f3 este poste y usted ciertamente como para recibir detalles adicionales referente <a Href=\"https:\/\/supervigo.com\/\"  rel=\"nofollow\">supervigo<\/a> amablemente visita el Web page.<\/p>\n","protected":false},"excerpt":{"rendered":"<p>Restan completarse el techado, el pintado completo y otras terminaciones generales, proyectadas a partir de 2017. El estadio fue financiado en su totalidad por el club, sin ayuda de los gobiernos locales. En 2007 comenz\u00f3 a demolerse en su totalidad salvo por la tribuna Herminio Sande, que pasar\u00eda a ser parte del pr\u00f3ximo estadio. Luego [&hellip;]<\/p>\n","protected":false},"author":1,"featured_media":0,"comment_status":"open","ping_status":"open","sticky":false,"template":"","format":"standard","meta":{"footnotes":""},"categories":[1],"tags":[304,731,373],"class_list":["post-2110","post","type-post","status-publish","format-standard","hentry","category-uncategorized","tag-como-quedo-el-partido-del-atletico-de-madrid-hoy","tag-comprar-camiseta-atletico-de-madrid-firmada","tag-entradas-atletico-de-madrid-museo"],"blocksy_meta":[],"yoast_head":"<!-- This site is optimized with the Yoast SEO plugin v25.8 - https:\/\/yoast.com\/wordpress\/plugins\/seo\/ -->\n<title>as roma - club atl\u00e9tico de madrid sad - Camiseta de f\u00fatbol Atletico de Madrid 2024 2025 - SuperVigo<\/title>\n<meta name=\"robots\" content=\"index, follow, max-snippet:-1, max-image-preview:large, max-video-preview:-1\" \/>\n<link rel=\"canonical\" href=\"https:\/\/fpsin.com\/index.php\/2021\/06\/09\/as-roma-club-atletico-de-madrid-sad\/\" \/>\n<meta property=\"og:locale\" content=\"es_ES\" \/>\n<meta property=\"og:type\" content=\"article\" \/>\n<meta property=\"og:title\" content=\"as roma - club atl\u00e9tico de madrid sad - Camiseta de f\u00fatbol Atletico de Madrid 2024 2025 - SuperVigo\" \/>\n<meta property=\"og:description\" content=\"Restan completarse el techado, el pintado completo y otras terminaciones generales, proyectadas a partir de 2017. El estadio fue financiado en su totalidad por el club, sin ayuda de los gobiernos locales. En 2007 comenz\u00f3 a demolerse en su totalidad salvo por la tribuna Herminio Sande, que pasar\u00eda a ser parte del pr\u00f3ximo estadio. Luego [&hellip;]\" \/>\n<meta property=\"og:url\" content=\"https:\/\/fpsin.com\/index.php\/2021\/06\/09\/as-roma-club-atletico-de-madrid-sad\/\" \/>\n<meta property=\"og:site_name\" content=\"Camiseta de f\u00fatbol Atletico de Madrid 2024 2025 - SuperVigo\" \/>\n<meta property=\"article:published_time\" content=\"2021-06-09T09:23:36+00:00\" \/>\n<meta property=\"og:image\" content=\"https:\/\/c4.wallpaperflare.com\/wallpaper\/372\/338\/574\/estadio-da-luz-uefa-euro-cup-wallpaper-preview.jpg\" \/>\n<meta name=\"author\" content=\"istern\" \/>\n<meta name=\"twitter:card\" content=\"summary_large_image\" \/>\n<meta name=\"twitter:label1\" content=\"Escrito por\" \/>\n\t<meta name=\"twitter:data1\" content=\"istern\" \/>\n\t<meta name=\"twitter:label2\" content=\"Tiempo de lectura\" \/>\n\t<meta name=\"twitter:data2\" content=\"4 minutos\" \/>\n<script type=\"application\/ld+json\" class=\"yoast-schema-graph\">{\"@context\":\"https:\/\/schema.org\",\"@graph\":[{\"@type\":\"WebPage\",\"@id\":\"https:\/\/fpsin.com\/index.php\/2021\/06\/09\/as-roma-club-atletico-de-madrid-sad\/\",\"url\":\"https:\/\/fpsin.com\/index.php\/2021\/06\/09\/as-roma-club-atletico-de-madrid-sad\/\",\"name\":\"as roma - club atl\u00e9tico de madrid sad - Camiseta de f\u00fatbol Atletico de Madrid 2024 2025 - SuperVigo\",\"isPartOf\":{\"@id\":\"https:\/\/fpsin.com\/#website\"},\"primaryImageOfPage\":{\"@id\":\"https:\/\/fpsin.com\/index.php\/2021\/06\/09\/as-roma-club-atletico-de-madrid-sad\/#primaryimage\"},\"image\":{\"@id\":\"https:\/\/fpsin.com\/index.php\/2021\/06\/09\/as-roma-club-atletico-de-madrid-sad\/#primaryimage\"},\"thumbnailUrl\":\"https:\/\/c4.wallpaperflare.com\/wallpaper\/372\/338\/574\/estadio-da-luz-uefa-euro-cup-wallpaper-preview.jpg\",\"datePublished\":\"2021-06-09T09:23:36+00:00\",\"author\":{\"@id\":\"https:\/\/fpsin.com\/#\/schema\/person\/5ff6c0f8eeacd83e877f7ff3643206c1\"},\"breadcrumb\":{\"@id\":\"https:\/\/fpsin.com\/index.php\/2021\/06\/09\/as-roma-club-atletico-de-madrid-sad\/#breadcrumb\"},\"inLanguage\":\"es\",\"potentialAction\":[{\"@type\":\"ReadAction\",\"target\":[\"https:\/\/fpsin.com\/index.php\/2021\/06\/09\/as-roma-club-atletico-de-madrid-sad\/\"]}]},{\"@type\":\"ImageObject\",\"inLanguage\":\"es\",\"@id\":\"https:\/\/fpsin.com\/index.php\/2021\/06\/09\/as-roma-club-atletico-de-madrid-sad\/#primaryimage\",\"url\":\"https:\/\/c4.wallpaperflare.com\/wallpaper\/372\/338\/574\/estadio-da-luz-uefa-euro-cup-wallpaper-preview.jpg\",\"contentUrl\":\"https:\/\/c4.wallpaperflare.com\/wallpaper\/372\/338\/574\/estadio-da-luz-uefa-euro-cup-wallpaper-preview.jpg\"},{\"@type\":\"BreadcrumbList\",\"@id\":\"https:\/\/fpsin.com\/index.php\/2021\/06\/09\/as-roma-club-atletico-de-madrid-sad\/#breadcrumb\",\"itemListElement\":[{\"@type\":\"ListItem\",\"position\":1,\"name\":\"Portada\",\"item\":\"https:\/\/fpsin.com\/\"},{\"@type\":\"ListItem\",\"position\":2,\"name\":\"as roma &#8211; club atl\u00e9tico de madrid sad\"}]},{\"@type\":\"WebSite\",\"@id\":\"https:\/\/fpsin.com\/#website\",\"url\":\"https:\/\/fpsin.com\/\",\"name\":\"Camiseta de f\u00fatbol Atletico de Madrid 2024 2025 - SuperVigo\",\"description\":\"Camiseta de Atl\u00e9tico de Madrid - Ofrecemos camiseta del Atl\u00e9tico de Madrid 2024 2025 para adultos y ni\u00f1os. Env\u00edo gratis desde 69\u20ac y personalizar Gratis.\",\"potentialAction\":[{\"@type\":\"SearchAction\",\"target\":{\"@type\":\"EntryPoint\",\"urlTemplate\":\"https:\/\/fpsin.com\/?s={search_term_string}\"},\"query-input\":{\"@type\":\"PropertyValueSpecification\",\"valueRequired\":true,\"valueName\":\"search_term_string\"}}],\"inLanguage\":\"es\"},{\"@type\":\"Person\",\"@id\":\"https:\/\/fpsin.com\/#\/schema\/person\/5ff6c0f8eeacd83e877f7ff3643206c1\",\"name\":\"istern\",\"image\":{\"@type\":\"ImageObject\",\"inLanguage\":\"es\",\"@id\":\"https:\/\/fpsin.com\/#\/schema\/person\/image\/\",\"url\":\"https:\/\/secure.gravatar.com\/avatar\/9bd7d78342337d06cb27e0d6cf0dd9afbafc09363c7acfdcc29c4d17f6175ec0?s=96&d=mm&r=g\",\"contentUrl\":\"https:\/\/secure.gravatar.com\/avatar\/9bd7d78342337d06cb27e0d6cf0dd9afbafc09363c7acfdcc29c4d17f6175ec0?s=96&d=mm&r=g\",\"caption\":\"istern\"},\"sameAs\":[\"https:\/\/fpsin.com\"],\"url\":\"https:\/\/fpsin.com\/index.php\/author\/Quetzalxochitl\/\"}]}<\/script>\n<!-- \/ Yoast SEO plugin. -->","yoast_head_json":{"title":"as roma - club atl\u00e9tico de madrid sad - Camiseta de f\u00fatbol Atletico de Madrid 2024 2025 - SuperVigo","robots":{"index":"index","follow":"follow","max-snippet":"max-snippet:-1","max-image-preview":"max-image-preview:large","max-video-preview":"max-video-preview:-1"},"canonical":"https:\/\/fpsin.com\/index.php\/2021\/06\/09\/as-roma-club-atletico-de-madrid-sad\/","og_locale":"es_ES","og_type":"article","og_title":"as roma - club atl\u00e9tico de madrid sad - Camiseta de f\u00fatbol Atletico de Madrid 2024 2025 - SuperVigo","og_description":"Restan completarse el techado, el pintado completo y otras terminaciones generales, proyectadas a partir de 2017. El estadio fue financiado en su totalidad por el club, sin ayuda de los gobiernos locales. En 2007 comenz\u00f3 a demolerse en su totalidad salvo por la tribuna Herminio Sande, que pasar\u00eda a ser parte del pr\u00f3ximo estadio. Luego [&hellip;]","og_url":"https:\/\/fpsin.com\/index.php\/2021\/06\/09\/as-roma-club-atletico-de-madrid-sad\/","og_site_name":"Camiseta de f\u00fatbol Atletico de Madrid 2024 2025 - SuperVigo","article_published_time":"2021-06-09T09:23:36+00:00","og_image":[{"url":"https:\/\/c4.wallpaperflare.com\/wallpaper\/372\/338\/574\/estadio-da-luz-uefa-euro-cup-wallpaper-preview.jpg","type":"","width":"","height":""}],"author":"istern","twitter_card":"summary_large_image","twitter_misc":{"Escrito por":"istern","Tiempo de lectura":"4 minutos"},"schema":{"@context":"https:\/\/schema.org","@graph":[{"@type":"WebPage","@id":"https:\/\/fpsin.com\/index.php\/2021\/06\/09\/as-roma-club-atletico-de-madrid-sad\/","url":"https:\/\/fpsin.com\/index.php\/2021\/06\/09\/as-roma-club-atletico-de-madrid-sad\/","name":"as roma - club atl\u00e9tico de madrid sad - Camiseta de f\u00fatbol Atletico de Madrid 2024 2025 - SuperVigo","isPartOf":{"@id":"https:\/\/fpsin.com\/#website"},"primaryImageOfPage":{"@id":"https:\/\/fpsin.com\/index.php\/2021\/06\/09\/as-roma-club-atletico-de-madrid-sad\/#primaryimage"},"image":{"@id":"https:\/\/fpsin.com\/index.php\/2021\/06\/09\/as-roma-club-atletico-de-madrid-sad\/#primaryimage"},"thumbnailUrl":"https:\/\/c4.wallpaperflare.com\/wallpaper\/372\/338\/574\/estadio-da-luz-uefa-euro-cup-wallpaper-preview.jpg","datePublished":"2021-06-09T09:23:36+00:00","author":{"@id":"https:\/\/fpsin.com\/#\/schema\/person\/5ff6c0f8eeacd83e877f7ff3643206c1"},"breadcrumb":{"@id":"https:\/\/fpsin.com\/index.php\/2021\/06\/09\/as-roma-club-atletico-de-madrid-sad\/#breadcrumb"},"inLanguage":"es","potentialAction":[{"@type":"ReadAction","target":["https:\/\/fpsin.com\/index.php\/2021\/06\/09\/as-roma-club-atletico-de-madrid-sad\/"]}]},{"@type":"ImageObject","inLanguage":"es","@id":"https:\/\/fpsin.com\/index.php\/2021\/06\/09\/as-roma-club-atletico-de-madrid-sad\/#primaryimage","url":"https:\/\/c4.wallpaperflare.com\/wallpaper\/372\/338\/574\/estadio-da-luz-uefa-euro-cup-wallpaper-preview.jpg","contentUrl":"https:\/\/c4.wallpaperflare.com\/wallpaper\/372\/338\/574\/estadio-da-luz-uefa-euro-cup-wallpaper-preview.jpg"},{"@type":"BreadcrumbList","@id":"https:\/\/fpsin.com\/index.php\/2021\/06\/09\/as-roma-club-atletico-de-madrid-sad\/#breadcrumb","itemListElement":[{"@type":"ListItem","position":1,"name":"Portada","item":"https:\/\/fpsin.com\/"},{"@type":"ListItem","position":2,"name":"as roma &#8211; club atl\u00e9tico de madrid sad"}]},{"@type":"WebSite","@id":"https:\/\/fpsin.com\/#website","url":"https:\/\/fpsin.com\/","name":"Camiseta de f\u00fatbol Atletico de Madrid 2024 2025 - SuperVigo","description":"Camiseta de Atl\u00e9tico de Madrid - Ofrecemos camiseta del Atl\u00e9tico de Madrid 2024 2025 para adultos y ni\u00f1os. Env\u00edo gratis desde 69\u20ac y personalizar Gratis.","potentialAction":[{"@type":"SearchAction","target":{"@type":"EntryPoint","urlTemplate":"https:\/\/fpsin.com\/?s={search_term_string}"},"query-input":{"@type":"PropertyValueSpecification","valueRequired":true,"valueName":"search_term_string"}}],"inLanguage":"es"},{"@type":"Person","@id":"https:\/\/fpsin.com\/#\/schema\/person\/5ff6c0f8eeacd83e877f7ff3643206c1","name":"istern","image":{"@type":"ImageObject","inLanguage":"es","@id":"https:\/\/fpsin.com\/#\/schema\/person\/image\/","url":"https:\/\/secure.gravatar.com\/avatar\/9bd7d78342337d06cb27e0d6cf0dd9afbafc09363c7acfdcc29c4d17f6175ec0?s=96&d=mm&r=g","contentUrl":"https:\/\/secure.gravatar.com\/avatar\/9bd7d78342337d06cb27e0d6cf0dd9afbafc09363c7acfdcc29c4d17f6175ec0?s=96&d=mm&r=g","caption":"istern"},"sameAs":["https:\/\/fpsin.com"],"url":"https:\/\/fpsin.com\/index.php\/author\/Quetzalxochitl\/"}]}},"_links":{"self":[{"href":"https:\/\/fpsin.com\/index.php\/wp-json\/wp\/v2\/posts\/2110","targetHints":{"allow":["GET"]}}],"collection":[{"href":"https:\/\/fpsin.com\/index.php\/wp-json\/wp\/v2\/posts"}],"about":[{"href":"https:\/\/fpsin.com\/index.php\/wp-json\/wp\/v2\/types\/post"}],"author":[{"embeddable":true,"href":"https:\/\/fpsin.com\/index.php\/wp-json\/wp\/v2\/users\/1"}],"replies":[{"embeddable":true,"href":"https:\/\/fpsin.com\/index.php\/wp-json\/wp\/v2\/comments?post=2110"}],"version-history":[{"count":1,"href":"https:\/\/fpsin.com\/index.php\/wp-json\/wp\/v2\/posts\/2110\/revisions"}],"predecessor-version":[{"id":2111,"href":"https:\/\/fpsin.com\/index.php\/wp-json\/wp\/v2\/posts\/2110\/revisions\/2111"}],"wp:attachment":[{"href":"https:\/\/fpsin.com\/index.php\/wp-json\/wp\/v2\/media?parent=2110"}],"wp:term":[{"taxonomy":"category","embeddable":true,"href":"https:\/\/fpsin.com\/index.php\/wp-json\/wp\/v2\/categories?post=2110"},{"taxonomy":"post_tag","embeddable":true,"href":"https:\/\/fpsin.com\/index.php\/wp-json\/wp\/v2\/tags?post=2110"}],"curies":[{"name":"wp","href":"https:\/\/api.w.org\/{rel}","templated":true}]}}