{"id":2190,"date":"2021-06-09T10:33:39","date_gmt":"2021-06-09T09:33:39","guid":{"rendered":"http:\/\/fpsin.com\/?p=2190"},"modified":"2021-06-09T10:33:39","modified_gmt":"2021-06-09T09:33:39","slug":"marca-atletico-de-madrid-girona","status":"publish","type":"post","link":"https:\/\/fpsin.com\/index.php\/2021\/06\/09\/marca-atletico-de-madrid-girona\/","title":{"rendered":"marca atletico de madrid girona"},"content":{"rendered":"<p><a href=\"https:\/\/supervigo.com\/es_ES\/taxons\/atletico-de-madrid-es-05\"><a href=\"https:\/\/supervigo.com\/es_ES\/taxons\/atletico-de-madrid-es-05\" ><img decoding=\"async\" style='clear:both; float:left; padding:10px 10px 10px 0px;border:0px; max-width: 355px;' alt=\"InfoAkurat.com\" src=\"https:\/\/1.bp.blogspot.com\/-r6ZZRtsxI3Q\/XW5mtuGK02I\/AAAAAAAAVWE\/5QWYT_S_mrIIJgE9FV4NoD-UZYFJD_gAwCLcBGAs\/w420-h280-p-k-no-nu\/daftar%2Bpemain%2Batletico%2Bmadrid%2B2019-2020.JPG\"><\/a><\/a> \u2191 Mart\u00ednez, Alberto (31 de diciembre de 2011). \u00abEl Levante ficha por Kelme tras ocho a\u00f1os con Luanvi\u00bb. En el Bayern ya lo ha hecho con Javi Mart\u00ednez, de vuelta tras una larga lesi\u00f3n, o Alaba. El delantero croata Mario Mandzukic no tuvo buenas palabras para su exentrenador en la etapa en el Bayern M\u00fanich, Pep Guardiola, del que dijo que le \u00abfalt\u00f3 al respeto\u00bb. El miedo del empate: \u00abMe vino en mente el partido contra el Levante, que tuvimos muchas ocasiones, pero no la pudimos meter\u00bb. Los colchoneros son l\u00edderes y, en caso de victoria, se alejar\u00e1n a nueve puntos de los merengues, con un partido m\u00e1s por disputar, por lo que la distancia podr\u00eda alargarse hasta los doce puntos. En caso de que no se repartan todas las entradas entre estos dos grupos, ser\u00e1n entonces los socios abonados con abono de Liga y los socios no abonados quienes puedan solicitar su pase. De las 4.380 localidades restantes, 1.180 ir\u00e1n tambi\u00e9n a parar al \u00e1rea social \u2014100 para los 100 socios m\u00e1s antiguos, 80 para aquellos con movilidad reducida y 1.000 para las pe\u00f1as\u2014. El Atl\u00e9tico reservar\u00e1 15.325 para los socios no pe\u00f1istas, entre los que tendr\u00e1n prioridad aquellos que posean m\u00e1s de 25 a\u00f1os de antig\u00fcedad.<\/p>\n<p> Dato Invicto. Diego Simeone ha sido campe\u00f3n de Liga con el Atl\u00e9tico de Madrid como jugador (1996) y como DT (2014). Busca su tercera conquista dom\u00e9stica con el club de la capital de Espa\u00f1a. El inolvidable gol de Diego God\u00edn. Minuto 87. No est\u00e1 nada c\u00f3modo el Atleti tras el gol de Zubeld\u00eda. El primer gol vino a los 23 minutos, cuando Mart\u00edn, tras un magn\u00edfico regate, tir\u00f3 a gol. Sin embargo, debido a las convocatorias de los jugadores del Atl\u00e9tico con sus selecciones, y de los festejos de los rojiblancos por haber conseguido la Supercopa de Europa, el partido fue aplazado hasta el 26 de septiembre. En la temporada 56-57 el entrenador Barrios aparta del equipo a Silva por problemas disciplinarios tras haber jugado en el equipo colchonero durante nueve temporadas. Al equipo de gala regresa Raphael Varane para ser la pareja en el centro de la defensa de Sergio Ramos, con Dani Carvajal y Marcelo como la pareja de laterales del momento. A falta del entrenamiento vespertino, el belga s\u00ed apunta al once o, en su defecto, a la convocatoria.<\/p>\n<p><img decoding=\"async\" style='clear:both; float:left; padding:10px 10px 10px 0px;border:0px; max-width: 355px;' src=\"https:\/\/i.pinimg.com\/originals\/57\/6c\/4e\/576c4ed523bff6d03cf60132584723f9.jpg\" alt=\"Federico Valverde Casemiro, Federico Valverde Bio Parents St\" \/> Tabales despej\u00f3 muy forzado y Ruiz, atento, supo llegar al rechace y mandarla dentro del arco cuando solo hab\u00edan transcurrido once minutos de juego. Estaba en fuera de juego? Este partido tambi\u00e9n tendr\u00e1 en juego la racha invicta de Simeone. El croata, mientras, es duda en el lateral derecho; una posici\u00f3n en la que no est\u00e1n disponibles ni Juanfran Torres ni Jos\u00e9 Mar\u00eda Gim\u00e9nez, <a href=\"https:\/\/supervigo.com\/es_ES\/taxons\/atletico-de-madrid-es-05\">camiseta del atletico de madrid 2021<\/a> la soluci\u00f3n que hab\u00eda empleado Simeone los \u00faltimos tres duelos. Gonz\u00e1lez Gonz\u00e1lez ya ha advertido a Simeone por las protestas. Real Madrid y Atl\u00e9tico de Madrid se ven las caras por cuarto a\u00f1o consecutivo en la Champions League. Athletic 0-0 Real Madrid | 42&#8242; | \u00a1 A partir de diciembre, se mantuvo la regularidad el Liga, lo que hizo que el Athletic se mantuviera en el 7\u00ba y 8\u00ba puesto durante varios meses. El \u00faltimo en usarlo ha sido Jeison Murillo, que diput\u00f3 solo cuatro partidos en los meses que estuvo a las \u00f3rdenes de Ernesto Valverde. El equipo de las mujeres est\u00e1 jugando actualmente en la Landesliga S\u00fcd\/Ost, mientras que el primer equipo de hombres disputa la 3. Bundesliga S\u00fcd.<\/p>\n<p> Con mucho sufrimiento tras los cambios, el equipo rojiblanco logra vencer a la Real Sociedad (2-1) con los goles de Yannick Carrasco y de \u00c1ngel Correa. Atl\u00e9tico de Madrid, Real Madrid y Barcelona tiene el campeonato en un pu\u00f1o. El Atl\u00e9tico de Madrid, al igual que su gran rival de la capital de Espa\u00f1a, certific\u00f3 su pase a octavos de final en la \u00faltima jornada de la Champions League. \u27a4 Jornada 38: vs Deportivo Alav\u00e9s en el S\u00e1nchez Pizju\u00e1n (22-23 de mayo). \u27a4 Jornada 38: vs Villarreal en Alfredo Di St\u00e9fano (22-23 de mayo). \u27a4 Jornada 35: vs Real Madrid en el Alfredo Di St\u00e9fano (09 de mayo). Real Madrid puso un pie en la final de la Champions League este martes al ganar 3-0 al Atl\u00e9tico de Madrid con un triplete de Cristiano Ronaldo en la ida de las semifinales del torneo continental. Al comienzo de la temporada 2012-13 y ante las salidas de Antonio L\u00f3pez, Perea y Dom\u00ednguez, Gabi fue elegido primer capit\u00e1n del Atl\u00e9tico de Madrid. Necesitaba una temporada de descanso as\u00ed que, en abril de 1919, anunci\u00f3 que dejaba el club.<\/p>\n","protected":false},"excerpt":{"rendered":"<p>\u2191 Mart\u00ednez, Alberto (31 de diciembre de 2011). \u00abEl Levante ficha por Kelme tras ocho a\u00f1os con Luanvi\u00bb. En el Bayern ya lo ha hecho con Javi Mart\u00ednez, de vuelta tras una larga lesi\u00f3n, o Alaba. El delantero croata Mario Mandzukic no tuvo buenas palabras para su exentrenador en la etapa en el Bayern M\u00fanich, [&hellip;]<\/p>\n","protected":false},"author":1,"featured_media":0,"comment_status":"open","ping_status":"open","sticky":false,"template":"","format":"standard","meta":{"footnotes":""},"categories":[1],"tags":[758,708,1036],"class_list":["post-2190","post","type-post","status-publish","format-standard","hentry","category-uncategorized","tag-camiseta-atletico-de-madrid-algodon","tag-camiseta-koke-atletico-madrid","tag-club-atletico-de-madrid-formacion-2020"],"blocksy_meta":[],"yoast_head":"<!-- This site is optimized with the Yoast SEO plugin v25.8 - https:\/\/yoast.com\/wordpress\/plugins\/seo\/ -->\n<title>marca atletico de madrid girona - Camiseta de f\u00fatbol Atletico de Madrid 2024 2025 - SuperVigo<\/title>\n<meta name=\"robots\" content=\"index, follow, max-snippet:-1, max-image-preview:large, max-video-preview:-1\" \/>\n<link rel=\"canonical\" href=\"https:\/\/fpsin.com\/index.php\/2021\/06\/09\/marca-atletico-de-madrid-girona\/\" \/>\n<meta property=\"og:locale\" content=\"es_ES\" \/>\n<meta property=\"og:type\" content=\"article\" \/>\n<meta property=\"og:title\" content=\"marca atletico de madrid girona - Camiseta de f\u00fatbol Atletico de Madrid 2024 2025 - SuperVigo\" \/>\n<meta property=\"og:description\" content=\"\u2191 Mart\u00ednez, Alberto (31 de diciembre de 2011). \u00abEl Levante ficha por Kelme tras ocho a\u00f1os con Luanvi\u00bb. En el Bayern ya lo ha hecho con Javi Mart\u00ednez, de vuelta tras una larga lesi\u00f3n, o Alaba. El delantero croata Mario Mandzukic no tuvo buenas palabras para su exentrenador en la etapa en el Bayern M\u00fanich, [&hellip;]\" \/>\n<meta property=\"og:url\" content=\"https:\/\/fpsin.com\/index.php\/2021\/06\/09\/marca-atletico-de-madrid-girona\/\" \/>\n<meta property=\"og:site_name\" content=\"Camiseta de f\u00fatbol Atletico de Madrid 2024 2025 - SuperVigo\" \/>\n<meta property=\"article:published_time\" content=\"2021-06-09T09:33:39+00:00\" \/>\n<meta property=\"og:image\" content=\"https:\/\/1.bp.blogspot.com\/-r6ZZRtsxI3Q\/XW5mtuGK02I\/AAAAAAAAVWE\/5QWYT_S_mrIIJgE9FV4NoD-UZYFJD_gAwCLcBGAs\/w420-h280-p-k-no-nu\/daftar%2Bpemain%2Batletico%2Bmadrid%2B2019-2020.JPG\" \/>\n<meta name=\"author\" content=\"istern\" \/>\n<meta name=\"twitter:card\" content=\"summary_large_image\" \/>\n<meta name=\"twitter:label1\" content=\"Escrito por\" \/>\n\t<meta name=\"twitter:data1\" content=\"istern\" \/>\n\t<meta name=\"twitter:label2\" content=\"Tiempo de lectura\" \/>\n\t<meta name=\"twitter:data2\" content=\"4 minutos\" \/>\n<script type=\"application\/ld+json\" class=\"yoast-schema-graph\">{\"@context\":\"https:\/\/schema.org\",\"@graph\":[{\"@type\":\"WebPage\",\"@id\":\"https:\/\/fpsin.com\/index.php\/2021\/06\/09\/marca-atletico-de-madrid-girona\/\",\"url\":\"https:\/\/fpsin.com\/index.php\/2021\/06\/09\/marca-atletico-de-madrid-girona\/\",\"name\":\"marca atletico de madrid girona - Camiseta de f\u00fatbol Atletico de Madrid 2024 2025 - SuperVigo\",\"isPartOf\":{\"@id\":\"https:\/\/fpsin.com\/#website\"},\"primaryImageOfPage\":{\"@id\":\"https:\/\/fpsin.com\/index.php\/2021\/06\/09\/marca-atletico-de-madrid-girona\/#primaryimage\"},\"image\":{\"@id\":\"https:\/\/fpsin.com\/index.php\/2021\/06\/09\/marca-atletico-de-madrid-girona\/#primaryimage\"},\"thumbnailUrl\":\"https:\/\/1.bp.blogspot.com\/-r6ZZRtsxI3Q\/XW5mtuGK02I\/AAAAAAAAVWE\/5QWYT_S_mrIIJgE9FV4NoD-UZYFJD_gAwCLcBGAs\/w420-h280-p-k-no-nu\/daftar%2Bpemain%2Batletico%2Bmadrid%2B2019-2020.JPG\",\"datePublished\":\"2021-06-09T09:33:39+00:00\",\"author\":{\"@id\":\"https:\/\/fpsin.com\/#\/schema\/person\/5ff6c0f8eeacd83e877f7ff3643206c1\"},\"breadcrumb\":{\"@id\":\"https:\/\/fpsin.com\/index.php\/2021\/06\/09\/marca-atletico-de-madrid-girona\/#breadcrumb\"},\"inLanguage\":\"es\",\"potentialAction\":[{\"@type\":\"ReadAction\",\"target\":[\"https:\/\/fpsin.com\/index.php\/2021\/06\/09\/marca-atletico-de-madrid-girona\/\"]}]},{\"@type\":\"ImageObject\",\"inLanguage\":\"es\",\"@id\":\"https:\/\/fpsin.com\/index.php\/2021\/06\/09\/marca-atletico-de-madrid-girona\/#primaryimage\",\"url\":\"https:\/\/1.bp.blogspot.com\/-r6ZZRtsxI3Q\/XW5mtuGK02I\/AAAAAAAAVWE\/5QWYT_S_mrIIJgE9FV4NoD-UZYFJD_gAwCLcBGAs\/w420-h280-p-k-no-nu\/daftar%2Bpemain%2Batletico%2Bmadrid%2B2019-2020.JPG\",\"contentUrl\":\"https:\/\/1.bp.blogspot.com\/-r6ZZRtsxI3Q\/XW5mtuGK02I\/AAAAAAAAVWE\/5QWYT_S_mrIIJgE9FV4NoD-UZYFJD_gAwCLcBGAs\/w420-h280-p-k-no-nu\/daftar%2Bpemain%2Batletico%2Bmadrid%2B2019-2020.JPG\"},{\"@type\":\"BreadcrumbList\",\"@id\":\"https:\/\/fpsin.com\/index.php\/2021\/06\/09\/marca-atletico-de-madrid-girona\/#breadcrumb\",\"itemListElement\":[{\"@type\":\"ListItem\",\"position\":1,\"name\":\"Portada\",\"item\":\"https:\/\/fpsin.com\/\"},{\"@type\":\"ListItem\",\"position\":2,\"name\":\"marca atletico de madrid girona\"}]},{\"@type\":\"WebSite\",\"@id\":\"https:\/\/fpsin.com\/#website\",\"url\":\"https:\/\/fpsin.com\/\",\"name\":\"Camiseta de f\u00fatbol Atletico de Madrid 2024 2025 - SuperVigo\",\"description\":\"Camiseta de Atl\u00e9tico de Madrid - Ofrecemos camiseta del Atl\u00e9tico de Madrid 2024 2025 para adultos y ni\u00f1os. Env\u00edo gratis desde 69\u20ac y personalizar Gratis.\",\"potentialAction\":[{\"@type\":\"SearchAction\",\"target\":{\"@type\":\"EntryPoint\",\"urlTemplate\":\"https:\/\/fpsin.com\/?s={search_term_string}\"},\"query-input\":{\"@type\":\"PropertyValueSpecification\",\"valueRequired\":true,\"valueName\":\"search_term_string\"}}],\"inLanguage\":\"es\"},{\"@type\":\"Person\",\"@id\":\"https:\/\/fpsin.com\/#\/schema\/person\/5ff6c0f8eeacd83e877f7ff3643206c1\",\"name\":\"istern\",\"image\":{\"@type\":\"ImageObject\",\"inLanguage\":\"es\",\"@id\":\"https:\/\/fpsin.com\/#\/schema\/person\/image\/\",\"url\":\"https:\/\/secure.gravatar.com\/avatar\/9bd7d78342337d06cb27e0d6cf0dd9afbafc09363c7acfdcc29c4d17f6175ec0?s=96&d=mm&r=g\",\"contentUrl\":\"https:\/\/secure.gravatar.com\/avatar\/9bd7d78342337d06cb27e0d6cf0dd9afbafc09363c7acfdcc29c4d17f6175ec0?s=96&d=mm&r=g\",\"caption\":\"istern\"},\"sameAs\":[\"https:\/\/fpsin.com\"],\"url\":\"https:\/\/fpsin.com\/index.php\/author\/Quetzalxochitl\/\"}]}<\/script>\n<!-- \/ Yoast SEO plugin. -->","yoast_head_json":{"title":"marca atletico de madrid girona - Camiseta de f\u00fatbol Atletico de Madrid 2024 2025 - SuperVigo","robots":{"index":"index","follow":"follow","max-snippet":"max-snippet:-1","max-image-preview":"max-image-preview:large","max-video-preview":"max-video-preview:-1"},"canonical":"https:\/\/fpsin.com\/index.php\/2021\/06\/09\/marca-atletico-de-madrid-girona\/","og_locale":"es_ES","og_type":"article","og_title":"marca atletico de madrid girona - Camiseta de f\u00fatbol Atletico de Madrid 2024 2025 - SuperVigo","og_description":"\u2191 Mart\u00ednez, Alberto (31 de diciembre de 2011). \u00abEl Levante ficha por Kelme tras ocho a\u00f1os con Luanvi\u00bb. En el Bayern ya lo ha hecho con Javi Mart\u00ednez, de vuelta tras una larga lesi\u00f3n, o Alaba. El delantero croata Mario Mandzukic no tuvo buenas palabras para su exentrenador en la etapa en el Bayern M\u00fanich, [&hellip;]","og_url":"https:\/\/fpsin.com\/index.php\/2021\/06\/09\/marca-atletico-de-madrid-girona\/","og_site_name":"Camiseta de f\u00fatbol Atletico de Madrid 2024 2025 - SuperVigo","article_published_time":"2021-06-09T09:33:39+00:00","og_image":[{"url":"https:\/\/1.bp.blogspot.com\/-r6ZZRtsxI3Q\/XW5mtuGK02I\/AAAAAAAAVWE\/5QWYT_S_mrIIJgE9FV4NoD-UZYFJD_gAwCLcBGAs\/w420-h280-p-k-no-nu\/daftar%2Bpemain%2Batletico%2Bmadrid%2B2019-2020.JPG","type":"","width":"","height":""}],"author":"istern","twitter_card":"summary_large_image","twitter_misc":{"Escrito por":"istern","Tiempo de lectura":"4 minutos"},"schema":{"@context":"https:\/\/schema.org","@graph":[{"@type":"WebPage","@id":"https:\/\/fpsin.com\/index.php\/2021\/06\/09\/marca-atletico-de-madrid-girona\/","url":"https:\/\/fpsin.com\/index.php\/2021\/06\/09\/marca-atletico-de-madrid-girona\/","name":"marca atletico de madrid girona - Camiseta de f\u00fatbol Atletico de Madrid 2024 2025 - SuperVigo","isPartOf":{"@id":"https:\/\/fpsin.com\/#website"},"primaryImageOfPage":{"@id":"https:\/\/fpsin.com\/index.php\/2021\/06\/09\/marca-atletico-de-madrid-girona\/#primaryimage"},"image":{"@id":"https:\/\/fpsin.com\/index.php\/2021\/06\/09\/marca-atletico-de-madrid-girona\/#primaryimage"},"thumbnailUrl":"https:\/\/1.bp.blogspot.com\/-r6ZZRtsxI3Q\/XW5mtuGK02I\/AAAAAAAAVWE\/5QWYT_S_mrIIJgE9FV4NoD-UZYFJD_gAwCLcBGAs\/w420-h280-p-k-no-nu\/daftar%2Bpemain%2Batletico%2Bmadrid%2B2019-2020.JPG","datePublished":"2021-06-09T09:33:39+00:00","author":{"@id":"https:\/\/fpsin.com\/#\/schema\/person\/5ff6c0f8eeacd83e877f7ff3643206c1"},"breadcrumb":{"@id":"https:\/\/fpsin.com\/index.php\/2021\/06\/09\/marca-atletico-de-madrid-girona\/#breadcrumb"},"inLanguage":"es","potentialAction":[{"@type":"ReadAction","target":["https:\/\/fpsin.com\/index.php\/2021\/06\/09\/marca-atletico-de-madrid-girona\/"]}]},{"@type":"ImageObject","inLanguage":"es","@id":"https:\/\/fpsin.com\/index.php\/2021\/06\/09\/marca-atletico-de-madrid-girona\/#primaryimage","url":"https:\/\/1.bp.blogspot.com\/-r6ZZRtsxI3Q\/XW5mtuGK02I\/AAAAAAAAVWE\/5QWYT_S_mrIIJgE9FV4NoD-UZYFJD_gAwCLcBGAs\/w420-h280-p-k-no-nu\/daftar%2Bpemain%2Batletico%2Bmadrid%2B2019-2020.JPG","contentUrl":"https:\/\/1.bp.blogspot.com\/-r6ZZRtsxI3Q\/XW5mtuGK02I\/AAAAAAAAVWE\/5QWYT_S_mrIIJgE9FV4NoD-UZYFJD_gAwCLcBGAs\/w420-h280-p-k-no-nu\/daftar%2Bpemain%2Batletico%2Bmadrid%2B2019-2020.JPG"},{"@type":"BreadcrumbList","@id":"https:\/\/fpsin.com\/index.php\/2021\/06\/09\/marca-atletico-de-madrid-girona\/#breadcrumb","itemListElement":[{"@type":"ListItem","position":1,"name":"Portada","item":"https:\/\/fpsin.com\/"},{"@type":"ListItem","position":2,"name":"marca atletico de madrid girona"}]},{"@type":"WebSite","@id":"https:\/\/fpsin.com\/#website","url":"https:\/\/fpsin.com\/","name":"Camiseta de f\u00fatbol Atletico de Madrid 2024 2025 - SuperVigo","description":"Camiseta de Atl\u00e9tico de Madrid - Ofrecemos camiseta del Atl\u00e9tico de Madrid 2024 2025 para adultos y ni\u00f1os. Env\u00edo gratis desde 69\u20ac y personalizar Gratis.","potentialAction":[{"@type":"SearchAction","target":{"@type":"EntryPoint","urlTemplate":"https:\/\/fpsin.com\/?s={search_term_string}"},"query-input":{"@type":"PropertyValueSpecification","valueRequired":true,"valueName":"search_term_string"}}],"inLanguage":"es"},{"@type":"Person","@id":"https:\/\/fpsin.com\/#\/schema\/person\/5ff6c0f8eeacd83e877f7ff3643206c1","name":"istern","image":{"@type":"ImageObject","inLanguage":"es","@id":"https:\/\/fpsin.com\/#\/schema\/person\/image\/","url":"https:\/\/secure.gravatar.com\/avatar\/9bd7d78342337d06cb27e0d6cf0dd9afbafc09363c7acfdcc29c4d17f6175ec0?s=96&d=mm&r=g","contentUrl":"https:\/\/secure.gravatar.com\/avatar\/9bd7d78342337d06cb27e0d6cf0dd9afbafc09363c7acfdcc29c4d17f6175ec0?s=96&d=mm&r=g","caption":"istern"},"sameAs":["https:\/\/fpsin.com"],"url":"https:\/\/fpsin.com\/index.php\/author\/Quetzalxochitl\/"}]}},"_links":{"self":[{"href":"https:\/\/fpsin.com\/index.php\/wp-json\/wp\/v2\/posts\/2190","targetHints":{"allow":["GET"]}}],"collection":[{"href":"https:\/\/fpsin.com\/index.php\/wp-json\/wp\/v2\/posts"}],"about":[{"href":"https:\/\/fpsin.com\/index.php\/wp-json\/wp\/v2\/types\/post"}],"author":[{"embeddable":true,"href":"https:\/\/fpsin.com\/index.php\/wp-json\/wp\/v2\/users\/1"}],"replies":[{"embeddable":true,"href":"https:\/\/fpsin.com\/index.php\/wp-json\/wp\/v2\/comments?post=2190"}],"version-history":[{"count":1,"href":"https:\/\/fpsin.com\/index.php\/wp-json\/wp\/v2\/posts\/2190\/revisions"}],"predecessor-version":[{"id":2191,"href":"https:\/\/fpsin.com\/index.php\/wp-json\/wp\/v2\/posts\/2190\/revisions\/2191"}],"wp:attachment":[{"href":"https:\/\/fpsin.com\/index.php\/wp-json\/wp\/v2\/media?parent=2190"}],"wp:term":[{"taxonomy":"category","embeddable":true,"href":"https:\/\/fpsin.com\/index.php\/wp-json\/wp\/v2\/categories?post=2190"},{"taxonomy":"post_tag","embeddable":true,"href":"https:\/\/fpsin.com\/index.php\/wp-json\/wp\/v2\/tags?post=2190"}],"curies":[{"name":"wp","href":"https:\/\/api.w.org\/{rel}","templated":true}]}}