{"id":2301,"date":"2021-06-09T11:52:59","date_gmt":"2021-06-09T10:52:59","guid":{"rendered":"http:\/\/fpsin.com\/?p=2301"},"modified":"2021-07-22T08:27:08","modified_gmt":"2021-07-22T07:27:08","slug":"tercera-camiseta-atletico-de-madrid-2020","status":"publish","type":"post","link":"https:\/\/fpsin.com\/index.php\/2021\/06\/09\/tercera-camiseta-atletico-de-madrid-2020\/","title":{"rendered":"tercera camiseta atletico de madrid 2020"},"content":{"rendered":"<p>\u2191 Espa\u00f1a, Madrid,. \u00abHorarios de la jornada 27 de LaLiga Santander 2017\/18\u00bb. Liga de F\u00fatbol Profesional. Un cuarto de siglo despu\u00e9s, su legado en el f\u00fatbol profesional sigue muy vivo en sus hijos, Luis Milla Manzanares y Adri\u00e1n Gonz\u00e1lez, respectivamente. Catorce meses despu\u00e9s, Wanda ya no est\u00e1 en el Atleti. Un paso importante, de profundo valor simb\u00f3lico, que mostraba el s\u00f3lido compromiso de futuro de la compa\u00f1\u00eda Wanda con el club, unidos de esta manera en la casa de todos los atl\u00e9ticos. Como consecuencia, el Milan perdi\u00f3 8 puntos y tuvo que disputar la ronda preliminar de la UEFA Champions League 2006-07, a pesar de que en un principio hab\u00edan <a href=\"https:\/\/supervigo.com\/es_ES\/taxons\/psg-es-010\">camiseta psg 2021<\/a> conseguido clasificarse directamente para la fase final de grupos. En aquellos primeros a\u00f1os se sol\u00eda comparar a Torres con otros canteranos emblemas de otros clubes, como Ra\u00fal en el Madrid, pero este &#8216;chaval&#8217; de Fuenlabrada se ganaba por derecho propio no ser equoparable a nadie.<\/p>\n<p>Desde que Luis Enrique anunci\u00f3 que no iba a continuar en el Bar\u00e7a la pr\u00f3xima temporada empezaron las especulaciones sobre quien iba a ser su sustituto. Si el proyecto se suspende, tanto la constructora como el club de Cerezo deber\u00e1n ser indemnizados tambi\u00e9n por los trabajos que ya est\u00e1n hechos, lo que supondr\u00eda para las arcas municipales el desembolso de otros 100 millones de euros aproximadamente. Fue la mano derecha del expresidente Santiago Bernab\u00e9u, bajo cuya gesti\u00f3n se vivieron los mejores a\u00f1os de la entidad tanto a nivel deportivo como institucional de la historia reciente de la entidad. La Comunidad de Madrid, gobernada por Cristina Cifuentes (PP), estaba a la espera de conocer la propuesta del Ayuntamiento sobre la modificaci\u00f3n de usos de la Peineta para estudiarla y poder proceder a su autorizaci\u00f3n. El club espera tener pr\u00e1cticamente perfilada la plantilla a lo largo de esta semana. El central brasile\u00f1o ten\u00eda claro, cuando acab\u00f3 la pasada temporada que su etapa como rojiblanco hab\u00eda terminado -igual que Arda Turan-, pero por el momento ning\u00fan club paga los 30 millones reflejados en su cl\u00e1usula de rescisi\u00f3n.<\/p>\n<p>Al no cumplir todos los requisitos legales establecidos, el Gobierno regional solicit\u00f3 al Ayuntamiento una subsanaci\u00f3n de errores, momento en el que el Consistorio decidi\u00f3 retirar la propuesta. La cubierta del estadio ya fue instalada hace tiempo, aunque desde el interior del club explican que lo sucedido este lunes es normal, pues dicha cubierta no ha sido sellada totalmente por el momento. En cambio nadie duda de que un equipo que mete decenas de miles de aficionados en el campo es un organismo vivo y real, aunque juegue en Tercera Divisi\u00f3n. Por su parte, los cuatro \u00faltimos clasificados de Segunda Divisi\u00f3n al t\u00e9rmino de la temporada son relegados a Segunda Divisi\u00f3n B, siendo sustituidos por los ganadores de las promociones de ascenso de esta categor\u00eda. Otros, por su parte, pueden aparecer en el mercado en cualquier momento, caso de Miranda. En caso de ganar, el Real Madrid ser\u00e1 l\u00edder porque tiene mejor registro en el duelo directo entre ambos. Lo estamos viendo ya: el l\u00edder de la Liga, el equipo que da m\u00e1s espect\u00e1culo y tiene al mejor jugador del mundo est\u00e1 viviendo la peor asistencia a su estadio en una d\u00e9cada. Es decir, desde pasillos de acceso del metro al estadio hasta aparcamientos a la entrada para los coches individuales.<\/p>\n<p>M\u00e1s all\u00e1 del estadio de La Peineta, est\u00e1 en cuarentena el resto de laoperaci\u00f3n Calder\u00f3n-Mahou, sobre la que tambi\u00e9n existen discrepancias en el consistorio. PD:El d\u00eda que se inaugur\u00f3 el estadio del Manzanares, un grupo de atl\u00e9ticos acudi\u00f3 con su propia pancarta artesanal, en los tiempos en los que a\u00fan se hac\u00edan pancartas en verso. El primer anuncio eclips\u00f3 en cierta medida al segundo: no en vano era una gran novedad llevar el nombre de una empresa en el estadio. Un cliente elige una marca porque le ofrece un buen producto, pero un aficionado de un club lo es siempre, independientemente de que el equipo le ofrezca buen o mal juego, <a href=\"https:\/\/supervigo.com\/\">camisetas de futbol 2022<\/a> victorias o derrotas. Un cliente tendr\u00e1 siempre la raz\u00f3n y podr\u00e1 exigir resultados \u00f3ptimos, porque el que paga manda; pero un aficionado no va al campo a exigir nada, va a entregarse. El Ayuntamiento de Madrid se enfrenta a tener que convocar un pleno contrarreloj, antes de terminar el a\u00f1o, para salvar los muebles de La Peineta, el nuevo campo del Atl\u00e9tico de Madrid.<\/p>\n<div style=\"clear: both; text-align: center;\"><iframe loading=\"lazy\" title=\"2 weeks ago (c) by laliga\" src=\"https:\/\/www.youtube.com\/embed\/hYLVXcT30UU?rel=0&amp;modestbranding=1\" width=\"640\" height=\"360\" frameborder=\"0\" allowfullscreen=\"allowfullscreen\"><\/iframe><\/div>\n<p>29&#8242;: Toca el Chelsea en campo propio, presiona el Atl\u00e9tico de Madrid. Especial repercusi\u00f3n tuvo un completo an\u00e1lisis publicado en Brandemia: &#8217;12 razones para entender y aceptar el nuevo logo del Atl\u00e9tico de Madrid&#8217;. Pero en cuanto a f\u00fatbol se refiere, <a href=\"https:\/\/supervigo.com\/\">camisetas de futbol replicas<\/a> el argentino tiene intenci\u00f3n de variar el estilo del equipo. En estas primeras charlas de temporada, el argentino ha estado dando a los suyos las primeras consignas para que el equipo vaya comenzando a asimilar las novedades que se avecinan. A principios de 2015, el anterior equipo de Gobierno presidido por Ana Botella (PP) present\u00f3 una modificaci\u00f3n puntual solicitando este cambio de calificaci\u00f3n a la Comunidad de Madrid. El equipo que lidera Manuela Carmena (Ahora Madrid) ten\u00eda dos opciones: la que ha decidido, presentar esa misma modificaci\u00f3n ya subsanada, o por el contrario elaborar su propia propuesta. Adem\u00e1s, el Atl\u00e9tico de Madrid cuenta, a trav\u00e9s de la Fundaci\u00f3n Atl\u00e9tico de Madrid, con escuelas de f\u00fatbol base sitas geogr\u00e1ficamente de forma estrat\u00e9gica, la mayor\u00eda, en la Comunidad de Madrid. Los movimientos en forma de entradas y salidas han sido constantes -lo seguir\u00e1n siendo en los pr\u00f3ximos d\u00edas- en el campe\u00f3n de Liga y el t\u00e9cnico considera que deber\u00e1 hacer retoques en cuanto a la forma de jugar.<\/p>\n<p>Si tiene alguna pregunta relacionada con exactamente d\u00f3nde y c\u00f3mo usar <a href=\"https:\/\/supervigo.com\/es_ES\/taxons\/atletico-de-madrid-es-05\">equipacion atletico de madrid 2021<\/a> , puede hacerse con nosotros en nuestra propia p\u00e1gina web.<\/p>\n","protected":false},"excerpt":{"rendered":"<p>\u2191 Espa\u00f1a, Madrid,. \u00abHorarios de la jornada 27 de LaLiga Santander 2017\/18\u00bb. Liga de F\u00fatbol Profesional. Un cuarto de siglo despu\u00e9s, su legado en el f\u00fatbol profesional sigue muy vivo en sus hijos, Luis Milla Manzanares y Adri\u00e1n Gonz\u00e1lez, respectivamente. Catorce meses despu\u00e9s, Wanda ya no est\u00e1 en el Atleti. Un paso importante, de profundo [&hellip;]<\/p>\n","protected":false},"author":1,"featured_media":0,"comment_status":"open","ping_status":"open","sticky":false,"template":"","format":"standard","meta":{"footnotes":""},"categories":[1],"tags":[706,53,1192],"class_list":["post-2301","post","type-post","status-publish","format-standard","hentry","category-uncategorized","tag-camiseta-atletico-madrid-2009","tag-chandal-oficial-atletico-de-madrid","tag-jersey-atletico-de-madrid-2019"],"blocksy_meta":[],"yoast_head":"<!-- This site is optimized with the Yoast SEO plugin v25.8 - https:\/\/yoast.com\/wordpress\/plugins\/seo\/ -->\n<title>tercera camiseta atletico de madrid 2020 - Camiseta de f\u00fatbol Atletico de Madrid 2024 2025 - SuperVigo<\/title>\n<meta name=\"robots\" content=\"index, follow, max-snippet:-1, max-image-preview:large, max-video-preview:-1\" \/>\n<link rel=\"canonical\" href=\"https:\/\/fpsin.com\/index.php\/2021\/06\/09\/tercera-camiseta-atletico-de-madrid-2020\/\" \/>\n<meta property=\"og:locale\" content=\"es_ES\" \/>\n<meta property=\"og:type\" content=\"article\" \/>\n<meta property=\"og:title\" content=\"tercera camiseta atletico de madrid 2020 - Camiseta de f\u00fatbol Atletico de Madrid 2024 2025 - SuperVigo\" \/>\n<meta property=\"og:description\" content=\"\u2191 Espa\u00f1a, Madrid,. \u00abHorarios de la jornada 27 de LaLiga Santander 2017\/18\u00bb. Liga de F\u00fatbol Profesional. Un cuarto de siglo despu\u00e9s, su legado en el f\u00fatbol profesional sigue muy vivo en sus hijos, Luis Milla Manzanares y Adri\u00e1n Gonz\u00e1lez, respectivamente. Catorce meses despu\u00e9s, Wanda ya no est\u00e1 en el Atleti. Un paso importante, de profundo [&hellip;]\" \/>\n<meta property=\"og:url\" content=\"https:\/\/fpsin.com\/index.php\/2021\/06\/09\/tercera-camiseta-atletico-de-madrid-2020\/\" \/>\n<meta property=\"og:site_name\" content=\"Camiseta de f\u00fatbol Atletico de Madrid 2024 2025 - SuperVigo\" \/>\n<meta property=\"article:published_time\" content=\"2021-06-09T10:52:59+00:00\" \/>\n<meta property=\"article:modified_time\" content=\"2021-07-22T07:27:08+00:00\" \/>\n<meta name=\"author\" content=\"istern\" \/>\n<meta name=\"twitter:card\" content=\"summary_large_image\" \/>\n<meta name=\"twitter:label1\" content=\"Escrito por\" \/>\n\t<meta name=\"twitter:data1\" content=\"istern\" \/>\n\t<meta name=\"twitter:label2\" content=\"Tiempo de lectura\" \/>\n\t<meta name=\"twitter:data2\" content=\"5 minutos\" \/>\n<script type=\"application\/ld+json\" class=\"yoast-schema-graph\">{\"@context\":\"https:\/\/schema.org\",\"@graph\":[{\"@type\":\"WebPage\",\"@id\":\"https:\/\/fpsin.com\/index.php\/2021\/06\/09\/tercera-camiseta-atletico-de-madrid-2020\/\",\"url\":\"https:\/\/fpsin.com\/index.php\/2021\/06\/09\/tercera-camiseta-atletico-de-madrid-2020\/\",\"name\":\"tercera camiseta atletico de madrid 2020 - Camiseta de f\u00fatbol Atletico de Madrid 2024 2025 - SuperVigo\",\"isPartOf\":{\"@id\":\"https:\/\/fpsin.com\/#website\"},\"datePublished\":\"2021-06-09T10:52:59+00:00\",\"dateModified\":\"2021-07-22T07:27:08+00:00\",\"author\":{\"@id\":\"https:\/\/fpsin.com\/#\/schema\/person\/5ff6c0f8eeacd83e877f7ff3643206c1\"},\"breadcrumb\":{\"@id\":\"https:\/\/fpsin.com\/index.php\/2021\/06\/09\/tercera-camiseta-atletico-de-madrid-2020\/#breadcrumb\"},\"inLanguage\":\"es\",\"potentialAction\":[{\"@type\":\"ReadAction\",\"target\":[\"https:\/\/fpsin.com\/index.php\/2021\/06\/09\/tercera-camiseta-atletico-de-madrid-2020\/\"]}]},{\"@type\":\"BreadcrumbList\",\"@id\":\"https:\/\/fpsin.com\/index.php\/2021\/06\/09\/tercera-camiseta-atletico-de-madrid-2020\/#breadcrumb\",\"itemListElement\":[{\"@type\":\"ListItem\",\"position\":1,\"name\":\"Portada\",\"item\":\"https:\/\/fpsin.com\/\"},{\"@type\":\"ListItem\",\"position\":2,\"name\":\"tercera camiseta atletico de madrid 2020\"}]},{\"@type\":\"WebSite\",\"@id\":\"https:\/\/fpsin.com\/#website\",\"url\":\"https:\/\/fpsin.com\/\",\"name\":\"Camiseta de f\u00fatbol Atletico de Madrid 2024 2025 - SuperVigo\",\"description\":\"Camiseta de Atl\u00e9tico de Madrid - Ofrecemos camiseta del Atl\u00e9tico de Madrid 2024 2025 para adultos y ni\u00f1os. Env\u00edo gratis desde 69\u20ac y personalizar Gratis.\",\"potentialAction\":[{\"@type\":\"SearchAction\",\"target\":{\"@type\":\"EntryPoint\",\"urlTemplate\":\"https:\/\/fpsin.com\/?s={search_term_string}\"},\"query-input\":{\"@type\":\"PropertyValueSpecification\",\"valueRequired\":true,\"valueName\":\"search_term_string\"}}],\"inLanguage\":\"es\"},{\"@type\":\"Person\",\"@id\":\"https:\/\/fpsin.com\/#\/schema\/person\/5ff6c0f8eeacd83e877f7ff3643206c1\",\"name\":\"istern\",\"image\":{\"@type\":\"ImageObject\",\"inLanguage\":\"es\",\"@id\":\"https:\/\/fpsin.com\/#\/schema\/person\/image\/\",\"url\":\"https:\/\/secure.gravatar.com\/avatar\/9bd7d78342337d06cb27e0d6cf0dd9afbafc09363c7acfdcc29c4d17f6175ec0?s=96&d=mm&r=g\",\"contentUrl\":\"https:\/\/secure.gravatar.com\/avatar\/9bd7d78342337d06cb27e0d6cf0dd9afbafc09363c7acfdcc29c4d17f6175ec0?s=96&d=mm&r=g\",\"caption\":\"istern\"},\"sameAs\":[\"https:\/\/fpsin.com\"],\"url\":\"https:\/\/fpsin.com\/index.php\/author\/Quetzalxochitl\/\"}]}<\/script>\n<!-- \/ Yoast SEO plugin. -->","yoast_head_json":{"title":"tercera camiseta atletico de madrid 2020 - Camiseta de f\u00fatbol Atletico de Madrid 2024 2025 - SuperVigo","robots":{"index":"index","follow":"follow","max-snippet":"max-snippet:-1","max-image-preview":"max-image-preview:large","max-video-preview":"max-video-preview:-1"},"canonical":"https:\/\/fpsin.com\/index.php\/2021\/06\/09\/tercera-camiseta-atletico-de-madrid-2020\/","og_locale":"es_ES","og_type":"article","og_title":"tercera camiseta atletico de madrid 2020 - Camiseta de f\u00fatbol Atletico de Madrid 2024 2025 - SuperVigo","og_description":"\u2191 Espa\u00f1a, Madrid,. \u00abHorarios de la jornada 27 de LaLiga Santander 2017\/18\u00bb. Liga de F\u00fatbol Profesional. Un cuarto de siglo despu\u00e9s, su legado en el f\u00fatbol profesional sigue muy vivo en sus hijos, Luis Milla Manzanares y Adri\u00e1n Gonz\u00e1lez, respectivamente. Catorce meses despu\u00e9s, Wanda ya no est\u00e1 en el Atleti. Un paso importante, de profundo [&hellip;]","og_url":"https:\/\/fpsin.com\/index.php\/2021\/06\/09\/tercera-camiseta-atletico-de-madrid-2020\/","og_site_name":"Camiseta de f\u00fatbol Atletico de Madrid 2024 2025 - SuperVigo","article_published_time":"2021-06-09T10:52:59+00:00","article_modified_time":"2021-07-22T07:27:08+00:00","author":"istern","twitter_card":"summary_large_image","twitter_misc":{"Escrito por":"istern","Tiempo de lectura":"5 minutos"},"schema":{"@context":"https:\/\/schema.org","@graph":[{"@type":"WebPage","@id":"https:\/\/fpsin.com\/index.php\/2021\/06\/09\/tercera-camiseta-atletico-de-madrid-2020\/","url":"https:\/\/fpsin.com\/index.php\/2021\/06\/09\/tercera-camiseta-atletico-de-madrid-2020\/","name":"tercera camiseta atletico de madrid 2020 - Camiseta de f\u00fatbol Atletico de Madrid 2024 2025 - SuperVigo","isPartOf":{"@id":"https:\/\/fpsin.com\/#website"},"datePublished":"2021-06-09T10:52:59+00:00","dateModified":"2021-07-22T07:27:08+00:00","author":{"@id":"https:\/\/fpsin.com\/#\/schema\/person\/5ff6c0f8eeacd83e877f7ff3643206c1"},"breadcrumb":{"@id":"https:\/\/fpsin.com\/index.php\/2021\/06\/09\/tercera-camiseta-atletico-de-madrid-2020\/#breadcrumb"},"inLanguage":"es","potentialAction":[{"@type":"ReadAction","target":["https:\/\/fpsin.com\/index.php\/2021\/06\/09\/tercera-camiseta-atletico-de-madrid-2020\/"]}]},{"@type":"BreadcrumbList","@id":"https:\/\/fpsin.com\/index.php\/2021\/06\/09\/tercera-camiseta-atletico-de-madrid-2020\/#breadcrumb","itemListElement":[{"@type":"ListItem","position":1,"name":"Portada","item":"https:\/\/fpsin.com\/"},{"@type":"ListItem","position":2,"name":"tercera camiseta atletico de madrid 2020"}]},{"@type":"WebSite","@id":"https:\/\/fpsin.com\/#website","url":"https:\/\/fpsin.com\/","name":"Camiseta de f\u00fatbol Atletico de Madrid 2024 2025 - SuperVigo","description":"Camiseta de Atl\u00e9tico de Madrid - Ofrecemos camiseta del Atl\u00e9tico de Madrid 2024 2025 para adultos y ni\u00f1os. Env\u00edo gratis desde 69\u20ac y personalizar Gratis.","potentialAction":[{"@type":"SearchAction","target":{"@type":"EntryPoint","urlTemplate":"https:\/\/fpsin.com\/?s={search_term_string}"},"query-input":{"@type":"PropertyValueSpecification","valueRequired":true,"valueName":"search_term_string"}}],"inLanguage":"es"},{"@type":"Person","@id":"https:\/\/fpsin.com\/#\/schema\/person\/5ff6c0f8eeacd83e877f7ff3643206c1","name":"istern","image":{"@type":"ImageObject","inLanguage":"es","@id":"https:\/\/fpsin.com\/#\/schema\/person\/image\/","url":"https:\/\/secure.gravatar.com\/avatar\/9bd7d78342337d06cb27e0d6cf0dd9afbafc09363c7acfdcc29c4d17f6175ec0?s=96&d=mm&r=g","contentUrl":"https:\/\/secure.gravatar.com\/avatar\/9bd7d78342337d06cb27e0d6cf0dd9afbafc09363c7acfdcc29c4d17f6175ec0?s=96&d=mm&r=g","caption":"istern"},"sameAs":["https:\/\/fpsin.com"],"url":"https:\/\/fpsin.com\/index.php\/author\/Quetzalxochitl\/"}]}},"_links":{"self":[{"href":"https:\/\/fpsin.com\/index.php\/wp-json\/wp\/v2\/posts\/2301","targetHints":{"allow":["GET"]}}],"collection":[{"href":"https:\/\/fpsin.com\/index.php\/wp-json\/wp\/v2\/posts"}],"about":[{"href":"https:\/\/fpsin.com\/index.php\/wp-json\/wp\/v2\/types\/post"}],"author":[{"embeddable":true,"href":"https:\/\/fpsin.com\/index.php\/wp-json\/wp\/v2\/users\/1"}],"replies":[{"embeddable":true,"href":"https:\/\/fpsin.com\/index.php\/wp-json\/wp\/v2\/comments?post=2301"}],"version-history":[{"count":2,"href":"https:\/\/fpsin.com\/index.php\/wp-json\/wp\/v2\/posts\/2301\/revisions"}],"predecessor-version":[{"id":2648,"href":"https:\/\/fpsin.com\/index.php\/wp-json\/wp\/v2\/posts\/2301\/revisions\/2648"}],"wp:attachment":[{"href":"https:\/\/fpsin.com\/index.php\/wp-json\/wp\/v2\/media?parent=2301"}],"wp:term":[{"taxonomy":"category","embeddable":true,"href":"https:\/\/fpsin.com\/index.php\/wp-json\/wp\/v2\/categories?post=2301"},{"taxonomy":"post_tag","embeddable":true,"href":"https:\/\/fpsin.com\/index.php\/wp-json\/wp\/v2\/tags?post=2301"}],"curies":[{"name":"wp","href":"https:\/\/api.w.org\/{rel}","templated":true}]}}