{"id":2444,"date":"2021-06-09T13:17:23","date_gmt":"2021-06-09T12:17:23","guid":{"rendered":"http:\/\/fpsin.com\/?p=2444"},"modified":"2021-07-26T10:12:41","modified_gmt":"2021-07-26T09:12:41","slug":"atletico-de-madrid-real-madrid-marca","status":"publish","type":"post","link":"https:\/\/fpsin.com\/index.php\/2021\/06\/09\/atletico-de-madrid-real-madrid-marca\/","title":{"rendered":"atletico de madrid real madrid marca"},"content":{"rendered":"<p>La duda parece provenir porque es el \u00fanico nombre de equipo de f\u00fatbol en euskera, por lo que ya lleva impl\u00edcito el art\u00edculo, pero existe una publicaci\u00f3n que explica perfectamente c\u00f3mo deber\u00eda denominarse: Osasuna. Ra\u00fal Garc\u00eda quer\u00eda ver c\u00f3mo se desarrollaban las cosas en los dos <a href=\"https:\/\/supervigo.com\/es_ES\/taxons\/espana-es-043-107\">camiseta de espa\u00f1a<\/a> partidos del Trofeo Carranza y en las dos primeras jornadas de Liga. Temporada 2017\/2018\u00bb. Liga de F\u00fatbol Profesional. \u00bb. Selecci\u00f3n Espa\u00f1ola de F\u00fatbol. En su primera participaci\u00f3n en una Copa del Mundo, Villa termin\u00f3 como m\u00e1ximo goleador de la selecci\u00f3n espa\u00f1ola, con tres tantos, empatado con Fernando Torres. En Copa le elimin\u00f3 el F\u00fatbol Club Barcelona en <a href=\"https:\/\/colormadrid.com\/es_ES\/taxons\/portugal-es-049\">camiseta portugal mundial 2022<\/a> cuartos. Barcelona 0-0 Atl\u00e9tico de Madrid | 13&#8242; | Se acab\u00f3 el partido de Lemar. Madrid Femenino en directo, en vivo. Despu\u00e9s de una semana de entrenamientos en Madrid, el 24 de julio, el Atl\u00e9tico de Madrid se desplaz\u00f3 al Club N\u00e1utico N\u00e1yade de Los \u00c1ngeles de San Rafael (Segovia) donde realiz\u00f3 la concentraci\u00f3n de pretemporada hasta el 29 de julio.<\/p>\n<div style=\"clear: both; text-align: center;\"><iframe loading=\"lazy\" title=\"camiseta atletico de madrid 2020 precio\" src=\"https:\/\/www.youtube.com\/embed\/gsjpLrIGO-c?cc_load_policy=1\" width=\"640\" height=\"360\" frameborder=\"0\" allowfullscreen=\"allowfullscreen\"><\/iframe><\/div>\n<p>Cambio en Atl\u00e9tico de Madrid, entra al campo Lucas Torreira sustituyendo a \u00c1ngel Correa. \u2191 \u00abEl Atl\u00e9tico perdona setenta veces siete\u00bb. \u2191 \u00abLista de la Sub-19 femenina para el pr\u00f3ximo Campeonato de Europa\u00bb. \u2191 \u00abOFICIAL: Estas son las elegidas para luchar por el Campeonato de Europa en Israel\u00bb. \u2191 \u00ab\u00a1A LA FINAL! El sorteo de la ronda de dieciseisavos de final se llev\u00f3 a cabo en septiembre de 2017, <a href=\"https:\/\/supervigo.com\/\">www.supervigo.com<\/a> en la Ciudad del F\u00fatbol de Las Rozas. El ganador de la Final Canaria se clasificar\u00e1 a la promoci\u00f3n de ascenso a Primera Divisi\u00f3n. 1979-80 logr\u00f3 subir a Segunda Divisi\u00f3n. \u2191 \u00abAndrea Falc\u00f3n y Laura Fern\u00e1ndez, operadas con \u00e9xito\u00bb. \u2191 \u00abEsther Gonz\u00e1lez, Andrea Falc\u00f3n, Mar\u00eda Isabel, Kaci, Viola y Jennifer Hermoso no seguir\u00e1n la pr\u00f3xima temporada\u00bb. \u2191 \u00abCarles Ale\u00f1\u00e1, Bryan Gil, Ferran Torres, Marc Cucurella, Patricia Guijarro, Andrea Falc\u00f3n y Nahikari Garc\u00eda, en los Onces de Oro de Futbol Draft\u00bb. \u2191 \u00abAcuerdo para la incorporaci\u00f3n de Andrea Falc\u00f3n hasta el 2021\u00bb. F\u00fatbol Club Barcelona. \u2191 \u00abWomen&#8217;s Under-17 2013 &#8211; Belgium-Spain\u00bb. \u2191 \u00abWomen&#8217;s Under-17 &#8211; Spain-Germany\u00bb.<\/p>\n<p>\u2191 \u00abItalia: el racismo vive en la tribuna\u00bb. \u2191 \u00abFIFA U-17 Women\u2019s World Cup Costa Rica 2014 &#8211; Matches &#8211; Paraguay-Spain\u00bb. \u2191 \u00abFIFA U-17 Women&#8217;s World Cup: Nigeria 0:3 (0:1) Spain &#8211; Strong Spain outlast Nigeria for semi berth\u00bb. \u2191 \u00abFIFA U-20 Women\u2019s World Cup Papua New Guinea 2016 TECHNICAL REPORT AND STATISTICS 13 November &#8211; 3 December 2016\u00bb. FIFA (en ingl\u00e9s). Adem\u00e1s, en la gala de la FIFA del Bal\u00f3n de Oro de la edici\u00f3n de 2012 fue incluido en el Once Ideal, un equipo hist\u00f3rico por estar formado \u00edntegramente de jugadores de la liga espa\u00f1ola. Colaboraba en esa impresi\u00f3n que el nuevo delantero del Atleti utilizara la primera persona del plural, nosotros, no para referirse a los jugadores rojiblancos, sino para mencionar a los madridistas. La estad\u00edstica dec\u00eda que no hay rival m\u00e1s propicio que el Atleti para los azulgranas en su estadio. La adjudicaci\u00f3n de la Copa Mundial de f\u00fatbol de 2006 en Alemania estimul\u00f3 el debate cuando el estadio Ol\u00edmpico de M\u00fanich no pudo responsabilizarse por los criterios de la FIFA para patrocinar un partido en la copa mundial. \u2191 \u00abTorneos FIFA &#8211; Estad\u00edsticas &#8211; Copa Mundial de Clubes de la FIFA\u00bb. \u2191 a b c Mi vida.<\/p>\n<p>\u2191 \u00ab5 impresionantes r\u00e9cords de las subcampeonas de Europa\u00bb. Nota: La media por jornada no incluye las jornadas de Playoff, pero s\u00ed que se incluyen en el total de la temporada. La crisis de la covid llego a Suiza y a Lausana algo m\u00e1s tarde que al resto de Europa. \u2191 \u00abOFICIAL: Convocatoria del Campeonato de Europa Sub-19\u00bb. \u2191 \u00abAndrea Falc\u00f3n sufre una lesi\u00f3n en la rodilla derecha\u00bb. \u2191 \u00abAndrea Falc\u00f3n se ha sometido a una revisi\u00f3n artrosc\u00f3pica\u00bb. \u2191 \u00abConvocatoria definitiva para el Campeonato del Mundo Sub-20 de Pap\u00faa Nueva Guinea\u00bb. El argentino se ha llevado a todos, sabiendo de la importancia y la trascendencia del choque. As\u00ed declar\u00f3 el director ejecutivo del Borussia Dortmund, Hans-Joachim Watzke, qui\u00e9n hab\u00eda acusado al Bayern en otras oportunidades de querer \u00abdestruir\u00bb \u2014\u00abzerst\u00f6ren\u00bb, en alem\u00e1n\u2014 al Borussia Dortmund. \u2191 a b \u00abCalder\u00f3n quiere un cr\u00e9dito para saldar los 10.000 millones de deuda del f\u00fatbol espa\u00f1ol\u00bb. \u2191 \u00abFalc\u00f3n ya cuenta con el alta m\u00e9dica\u00bb. \u2191 \u00abFalc\u00f3n sufre una distensi\u00f3n del tercio medio de la fascia plantar\u00bb.<\/p>\n<p>\u2191 \u00abSpain off to perfect start with Canada win\u00bb. \u2191 \u00abWomen&#8217;s Under-19 &#8211; Spain-Turkey\u00bb. \u2191 \u00abWomen&#8217;s Under-19 &#8211; France-Spain\u00bb. \u2191 a b Diario Marca, ed. \u2191 \u00abUn punto que sabe a poco\u00bb. Estoy convencido del paso que estamos dando. \u2191 \u00abM\u00e1ximo inter\u00e9s del F.C. \u2191 \u00abS\u00famula\u00bb. CBF &#8211; CONFEDERA\u00c7\u00c3O BRASILEIRA DE FUTEBOL (en portugu\u00e9s). \u2191 \u00abCR\u00d3NICA: \u00a1A POR LA FINAL! \u2191 \u00abCR\u00d3NICA: Espa\u00f1a derrota a Turqu\u00eda (5-0) y consigue el pase para el Europeo de Israel\u00bb. \u2191 Estepa, <a href=\"https:\/\/supervigo.com\/es_ES\/taxons\/atletico-de-madrid-es-05\">tercera equipacion atletico de madrid 2021<\/a> Javier (19 de abril de 2012). \u00abEl Schalke 04 retira el dorsal &#8216;7&#8217; y hace eterno a Ra\u00fal\u00bb. Per\u00fa: Depor. 4 de abril de 2013. Consultado el 7 de abril de 2013. (enlace roto disponible en Internet Archive; v\u00e9ase el historial, la primera versi\u00f3n y la \u00faltima). \u2191 Woloszyn, Paul (28 de junio de 2013). \u00abSpain seal third with victory over Belgium\u00bb. \u2191 Hart, Simon (8 de diciembre de 2013). \u00abGermany edge Spain from the spot to clinch title\u00bb.<\/p>\n","protected":false},"excerpt":{"rendered":"<p>La duda parece provenir porque es el \u00fanico nombre de equipo de f\u00fatbol en euskera, por lo que ya lleva impl\u00edcito el art\u00edculo, pero existe una publicaci\u00f3n que explica perfectamente c\u00f3mo deber\u00eda denominarse: Osasuna. Ra\u00fal Garc\u00eda quer\u00eda ver c\u00f3mo se desarrollaban las cosas en los dos camiseta de espa\u00f1a partidos del Trofeo Carranza y en [&hellip;]<\/p>\n","protected":false},"author":1,"featured_media":0,"comment_status":"open","ping_status":"open","sticky":false,"template":"","format":"standard","meta":{"footnotes":""},"categories":[1],"tags":[909,1233,1060],"class_list":["post-2444","post","type-post","status-publish","format-standard","hentry","category-uncategorized","tag-atletico-de-madrid-2019-camiseta","tag-camiseta-atletico-madrid-replica","tag-funda-camiseta-atletico-de-madrid"],"blocksy_meta":[],"yoast_head":"<!-- This site is optimized with the Yoast SEO plugin v25.8 - https:\/\/yoast.com\/wordpress\/plugins\/seo\/ -->\n<title>atletico de madrid real madrid marca - Camiseta de f\u00fatbol Atletico de Madrid 2024 2025 - SuperVigo<\/title>\n<meta name=\"robots\" content=\"index, follow, max-snippet:-1, max-image-preview:large, max-video-preview:-1\" \/>\n<link rel=\"canonical\" href=\"https:\/\/fpsin.com\/index.php\/2021\/06\/09\/atletico-de-madrid-real-madrid-marca\/\" \/>\n<meta property=\"og:locale\" content=\"es_ES\" \/>\n<meta property=\"og:type\" content=\"article\" \/>\n<meta property=\"og:title\" content=\"atletico de madrid real madrid marca - Camiseta de f\u00fatbol Atletico de Madrid 2024 2025 - SuperVigo\" \/>\n<meta property=\"og:description\" content=\"La duda parece provenir porque es el \u00fanico nombre de equipo de f\u00fatbol en euskera, por lo que ya lleva impl\u00edcito el art\u00edculo, pero existe una publicaci\u00f3n que explica perfectamente c\u00f3mo deber\u00eda denominarse: Osasuna. Ra\u00fal Garc\u00eda quer\u00eda ver c\u00f3mo se desarrollaban las cosas en los dos camiseta de espa\u00f1a partidos del Trofeo Carranza y en [&hellip;]\" \/>\n<meta property=\"og:url\" content=\"https:\/\/fpsin.com\/index.php\/2021\/06\/09\/atletico-de-madrid-real-madrid-marca\/\" \/>\n<meta property=\"og:site_name\" content=\"Camiseta de f\u00fatbol Atletico de Madrid 2024 2025 - SuperVigo\" \/>\n<meta property=\"article:published_time\" content=\"2021-06-09T12:17:23+00:00\" \/>\n<meta property=\"article:modified_time\" content=\"2021-07-26T09:12:41+00:00\" \/>\n<meta name=\"author\" content=\"istern\" \/>\n<meta name=\"twitter:card\" content=\"summary_large_image\" \/>\n<meta name=\"twitter:label1\" content=\"Escrito por\" \/>\n\t<meta name=\"twitter:data1\" content=\"istern\" \/>\n\t<meta name=\"twitter:label2\" content=\"Tiempo de lectura\" \/>\n\t<meta name=\"twitter:data2\" content=\"5 minutos\" \/>\n<script type=\"application\/ld+json\" class=\"yoast-schema-graph\">{\"@context\":\"https:\/\/schema.org\",\"@graph\":[{\"@type\":\"WebPage\",\"@id\":\"https:\/\/fpsin.com\/index.php\/2021\/06\/09\/atletico-de-madrid-real-madrid-marca\/\",\"url\":\"https:\/\/fpsin.com\/index.php\/2021\/06\/09\/atletico-de-madrid-real-madrid-marca\/\",\"name\":\"atletico de madrid real madrid marca - Camiseta de f\u00fatbol Atletico de Madrid 2024 2025 - SuperVigo\",\"isPartOf\":{\"@id\":\"https:\/\/fpsin.com\/#website\"},\"datePublished\":\"2021-06-09T12:17:23+00:00\",\"dateModified\":\"2021-07-26T09:12:41+00:00\",\"author\":{\"@id\":\"https:\/\/fpsin.com\/#\/schema\/person\/5ff6c0f8eeacd83e877f7ff3643206c1\"},\"breadcrumb\":{\"@id\":\"https:\/\/fpsin.com\/index.php\/2021\/06\/09\/atletico-de-madrid-real-madrid-marca\/#breadcrumb\"},\"inLanguage\":\"es\",\"potentialAction\":[{\"@type\":\"ReadAction\",\"target\":[\"https:\/\/fpsin.com\/index.php\/2021\/06\/09\/atletico-de-madrid-real-madrid-marca\/\"]}]},{\"@type\":\"BreadcrumbList\",\"@id\":\"https:\/\/fpsin.com\/index.php\/2021\/06\/09\/atletico-de-madrid-real-madrid-marca\/#breadcrumb\",\"itemListElement\":[{\"@type\":\"ListItem\",\"position\":1,\"name\":\"Portada\",\"item\":\"https:\/\/fpsin.com\/\"},{\"@type\":\"ListItem\",\"position\":2,\"name\":\"atletico de madrid real madrid marca\"}]},{\"@type\":\"WebSite\",\"@id\":\"https:\/\/fpsin.com\/#website\",\"url\":\"https:\/\/fpsin.com\/\",\"name\":\"Camiseta de f\u00fatbol Atletico de Madrid 2024 2025 - SuperVigo\",\"description\":\"Camiseta de Atl\u00e9tico de Madrid - Ofrecemos camiseta del Atl\u00e9tico de Madrid 2024 2025 para adultos y ni\u00f1os. Env\u00edo gratis desde 69\u20ac y personalizar Gratis.\",\"potentialAction\":[{\"@type\":\"SearchAction\",\"target\":{\"@type\":\"EntryPoint\",\"urlTemplate\":\"https:\/\/fpsin.com\/?s={search_term_string}\"},\"query-input\":{\"@type\":\"PropertyValueSpecification\",\"valueRequired\":true,\"valueName\":\"search_term_string\"}}],\"inLanguage\":\"es\"},{\"@type\":\"Person\",\"@id\":\"https:\/\/fpsin.com\/#\/schema\/person\/5ff6c0f8eeacd83e877f7ff3643206c1\",\"name\":\"istern\",\"image\":{\"@type\":\"ImageObject\",\"inLanguage\":\"es\",\"@id\":\"https:\/\/fpsin.com\/#\/schema\/person\/image\/\",\"url\":\"https:\/\/secure.gravatar.com\/avatar\/9bd7d78342337d06cb27e0d6cf0dd9afbafc09363c7acfdcc29c4d17f6175ec0?s=96&d=mm&r=g\",\"contentUrl\":\"https:\/\/secure.gravatar.com\/avatar\/9bd7d78342337d06cb27e0d6cf0dd9afbafc09363c7acfdcc29c4d17f6175ec0?s=96&d=mm&r=g\",\"caption\":\"istern\"},\"sameAs\":[\"https:\/\/fpsin.com\"],\"url\":\"https:\/\/fpsin.com\/index.php\/author\/Quetzalxochitl\/\"}]}<\/script>\n<!-- \/ Yoast SEO plugin. -->","yoast_head_json":{"title":"atletico de madrid real madrid marca - Camiseta de f\u00fatbol Atletico de Madrid 2024 2025 - SuperVigo","robots":{"index":"index","follow":"follow","max-snippet":"max-snippet:-1","max-image-preview":"max-image-preview:large","max-video-preview":"max-video-preview:-1"},"canonical":"https:\/\/fpsin.com\/index.php\/2021\/06\/09\/atletico-de-madrid-real-madrid-marca\/","og_locale":"es_ES","og_type":"article","og_title":"atletico de madrid real madrid marca - Camiseta de f\u00fatbol Atletico de Madrid 2024 2025 - SuperVigo","og_description":"La duda parece provenir porque es el \u00fanico nombre de equipo de f\u00fatbol en euskera, por lo que ya lleva impl\u00edcito el art\u00edculo, pero existe una publicaci\u00f3n que explica perfectamente c\u00f3mo deber\u00eda denominarse: Osasuna. Ra\u00fal Garc\u00eda quer\u00eda ver c\u00f3mo se desarrollaban las cosas en los dos camiseta de espa\u00f1a partidos del Trofeo Carranza y en [&hellip;]","og_url":"https:\/\/fpsin.com\/index.php\/2021\/06\/09\/atletico-de-madrid-real-madrid-marca\/","og_site_name":"Camiseta de f\u00fatbol Atletico de Madrid 2024 2025 - SuperVigo","article_published_time":"2021-06-09T12:17:23+00:00","article_modified_time":"2021-07-26T09:12:41+00:00","author":"istern","twitter_card":"summary_large_image","twitter_misc":{"Escrito por":"istern","Tiempo de lectura":"5 minutos"},"schema":{"@context":"https:\/\/schema.org","@graph":[{"@type":"WebPage","@id":"https:\/\/fpsin.com\/index.php\/2021\/06\/09\/atletico-de-madrid-real-madrid-marca\/","url":"https:\/\/fpsin.com\/index.php\/2021\/06\/09\/atletico-de-madrid-real-madrid-marca\/","name":"atletico de madrid real madrid marca - Camiseta de f\u00fatbol Atletico de Madrid 2024 2025 - SuperVigo","isPartOf":{"@id":"https:\/\/fpsin.com\/#website"},"datePublished":"2021-06-09T12:17:23+00:00","dateModified":"2021-07-26T09:12:41+00:00","author":{"@id":"https:\/\/fpsin.com\/#\/schema\/person\/5ff6c0f8eeacd83e877f7ff3643206c1"},"breadcrumb":{"@id":"https:\/\/fpsin.com\/index.php\/2021\/06\/09\/atletico-de-madrid-real-madrid-marca\/#breadcrumb"},"inLanguage":"es","potentialAction":[{"@type":"ReadAction","target":["https:\/\/fpsin.com\/index.php\/2021\/06\/09\/atletico-de-madrid-real-madrid-marca\/"]}]},{"@type":"BreadcrumbList","@id":"https:\/\/fpsin.com\/index.php\/2021\/06\/09\/atletico-de-madrid-real-madrid-marca\/#breadcrumb","itemListElement":[{"@type":"ListItem","position":1,"name":"Portada","item":"https:\/\/fpsin.com\/"},{"@type":"ListItem","position":2,"name":"atletico de madrid real madrid marca"}]},{"@type":"WebSite","@id":"https:\/\/fpsin.com\/#website","url":"https:\/\/fpsin.com\/","name":"Camiseta de f\u00fatbol Atletico de Madrid 2024 2025 - SuperVigo","description":"Camiseta de Atl\u00e9tico de Madrid - Ofrecemos camiseta del Atl\u00e9tico de Madrid 2024 2025 para adultos y ni\u00f1os. Env\u00edo gratis desde 69\u20ac y personalizar Gratis.","potentialAction":[{"@type":"SearchAction","target":{"@type":"EntryPoint","urlTemplate":"https:\/\/fpsin.com\/?s={search_term_string}"},"query-input":{"@type":"PropertyValueSpecification","valueRequired":true,"valueName":"search_term_string"}}],"inLanguage":"es"},{"@type":"Person","@id":"https:\/\/fpsin.com\/#\/schema\/person\/5ff6c0f8eeacd83e877f7ff3643206c1","name":"istern","image":{"@type":"ImageObject","inLanguage":"es","@id":"https:\/\/fpsin.com\/#\/schema\/person\/image\/","url":"https:\/\/secure.gravatar.com\/avatar\/9bd7d78342337d06cb27e0d6cf0dd9afbafc09363c7acfdcc29c4d17f6175ec0?s=96&d=mm&r=g","contentUrl":"https:\/\/secure.gravatar.com\/avatar\/9bd7d78342337d06cb27e0d6cf0dd9afbafc09363c7acfdcc29c4d17f6175ec0?s=96&d=mm&r=g","caption":"istern"},"sameAs":["https:\/\/fpsin.com"],"url":"https:\/\/fpsin.com\/index.php\/author\/Quetzalxochitl\/"}]}},"_links":{"self":[{"href":"https:\/\/fpsin.com\/index.php\/wp-json\/wp\/v2\/posts\/2444","targetHints":{"allow":["GET"]}}],"collection":[{"href":"https:\/\/fpsin.com\/index.php\/wp-json\/wp\/v2\/posts"}],"about":[{"href":"https:\/\/fpsin.com\/index.php\/wp-json\/wp\/v2\/types\/post"}],"author":[{"embeddable":true,"href":"https:\/\/fpsin.com\/index.php\/wp-json\/wp\/v2\/users\/1"}],"replies":[{"embeddable":true,"href":"https:\/\/fpsin.com\/index.php\/wp-json\/wp\/v2\/comments?post=2444"}],"version-history":[{"count":3,"href":"https:\/\/fpsin.com\/index.php\/wp-json\/wp\/v2\/posts\/2444\/revisions"}],"predecessor-version":[{"id":2715,"href":"https:\/\/fpsin.com\/index.php\/wp-json\/wp\/v2\/posts\/2444\/revisions\/2715"}],"wp:attachment":[{"href":"https:\/\/fpsin.com\/index.php\/wp-json\/wp\/v2\/media?parent=2444"}],"wp:term":[{"taxonomy":"category","embeddable":true,"href":"https:\/\/fpsin.com\/index.php\/wp-json\/wp\/v2\/categories?post=2444"},{"taxonomy":"post_tag","embeddable":true,"href":"https:\/\/fpsin.com\/index.php\/wp-json\/wp\/v2\/tags?post=2444"}],"curies":[{"name":"wp","href":"https:\/\/api.w.org\/{rel}","templated":true}]}}