{"id":2501,"date":"2021-06-09T13:52:33","date_gmt":"2021-06-09T12:52:33","guid":{"rendered":"http:\/\/fpsin.com\/?p=2501"},"modified":"2021-07-28T02:58:38","modified_gmt":"2021-07-28T01:58:38","slug":"marca-futbol-real-madrid-atletico-de-madrid","status":"publish","type":"post","link":"https:\/\/fpsin.com\/index.php\/2021\/06\/09\/marca-futbol-real-madrid-atletico-de-madrid\/","title":{"rendered":"marca futbol real madrid atletico de madrid"},"content":{"rendered":"<p>3&#8242; C\u00f3rner para el Atl\u00e9tico, el primero de la tarde.<a href=\"https:\/\/supervigo.com\/es_ES\/taxons\/barcelona-es-276\">equipacion barcelona 2021<\/a> El segundo, jugador del Real Madrid C. F., la visti\u00f3 en con motivo del homenaje al primero tras su retirada. Tras una breve incursi\u00f3n en la Liga Portuguesa al frente del FC Oporto, retorna a Espa\u00f1a, donde su siguiente club, tambi\u00e9n durante tres a\u00f1os (1960-1963) ser\u00e1 el Real Betis.<a href=\"https:\/\/supervigo.com\/es_ES\/taxons\/barcelona-es-276\">equipacion barcelona 2021<\/a> La pol\u00e9mica se desat\u00f3 durante la Copa de Espa\u00f1a de 1910. La Real Sociedad de San Sebasti\u00e1n quiso organizarla en Ondarreta, pero la Federaci\u00f3n se neg\u00f3, alegando que deb\u00edan ser ellos quienes se encargaran de la competici\u00f3n. \u2191 El Barcelona, nuevo equipo de la primera divisi\u00f3n femenina Real <a href=\"https:\/\/colormadrid.com\/es_ES\/taxons\/francia-es-042\">camiseta de francia<\/a> Federaci\u00f3n Espa\u00f1ola de Hockey. \u00abLa \u00abfuria espa\u00f1ola\u00bb: as\u00ed utiliz\u00f3 Franco el f\u00fatbol y as\u00ed le respondieron los nacionalistas\u00bb. \u00abLa empresa MCM pide al juez que declare al Bar\u00e7a en concurso de acreedores\u00bb. \u00abLa gran mentira del Franquismo y el Real Madrid\u00bb. Athletic Club y el Real Madrid C. F. quienes hasta el comienzo de la temporada 2011-12 se hab\u00edan enfrentado 215 veces entre Liga y Copa.<\/p>\n<div style=\"clear: both; text-align: center;\"><iframe loading=\"lazy\" title=\"Sergio Ag\" src=\"https:\/\/www.youtube.com\/embed\/A3usBf7h_mI?modestbranding=1&amp;rel=0&amp;playsinline=1&amp;disablekb=1\" width=\"640\" height=\"360\" frameborder=\"0\" allowfullscreen=\"allowfullscreen\"><\/iframe><\/div>\n<p>La temporada siguiente, en su segunda etapa en la capital asturiana, tampoco pudo frenar la ca\u00edda del Real Oviedo. El capit\u00e1n del Madrid, Jos\u00e9 Giralt, pidi\u00f3 un partido de revancha, pero los vascos no se lo concedieron porque al d\u00eda siguiente deb\u00edan jugar un amistoso ante el Burdialaga de Francia. Su compa\u00f1ero de club Diego Costa le dedic\u00f3 su gol en San Mam\u00e9s ante el Athletic, cuando el delantero celebr\u00f3 el tanto con una camiseta con el nombre y el dorsal de la jugadora. \u2191 La selecci\u00f3n catalana m\u00e1s cul\u00e9, ante la todopoderosa Brasil Sport. \u2191 P\u00e1gina oficial del FC Barcelona, ed. \u2191 \u00abBar\u00e7a Legends &#8211; Contacto | Canal Oficial FC Barcelona\u00bb. \u2191 \u00abGerardo Martino, nuevo entrenador del FC Barcelona\u00bb. \u2191 Gregorio Rojo, ex atleta y entrenador El Pa\u00eds. \u2191 a b Toni Frieros. \u2191 Strubell, Toni (1998). Les penyes barcelonistes. \u2191 Marca, ed. (5 de marzo de 2012). \u00ab\u00c9xodo bilba\u00edno a Manchester\u00bb.<\/p>\n<p>\u2191 Sport (6 de marzo de 2020). \u00abEl Bar\u00e7a Legends empata en Colombia\u00bb. \u2191 Palco23 (ed.). \u00abEl Bar\u00e7a paga 30 millones a Hacienda para cerrar la inspecci\u00f3n por los intermediarios\u00bb. \u2191 a b c d Diario Marca (ed.). \u2191 Cul\u00e9Man\u00eda (ed.). \u00abEl Bar\u00e7a debe 888 millones de euros\u00bb. \u2191 Cul\u00e9Man\u00eda (ed.). \u00abEl Bar\u00e7a comunica a sus deportistas una reducci\u00f3n de salarios inminente\u00bb. \u2191 a b c d e Cul\u00e9Man\u00eda (ed.). \u2191 El Nacional (ed.). \u2191 Roberto Mamrud, Karel Stokkermans. \u2191 \u00abTito Vilanova, una vida ligada al Bar\u00e7a\u00bb. \u00abEl informe de la UEFA que pone en evidencia al Bar\u00e7a\u00bb. \u00abEl Bar\u00e7a alega que no tiene dinero para pagar 22,7 millones a Hacienda\u00bb. \u00abEl Bar\u00e7a \u2018destapa\u2019 su pasivo: 1.173 millones, con 730 millones en pagos a corto\u00bb. \u00abUn cr\u00e9dito de 140 millones bajo sospecha\u00bb. \u00abCuentas Anuales a 30 de junio 2019 &#8211; Ejercicios pendientes de comprobaci\u00f3n y actuaciones inspectoras\u00bb. \u2191 Menayo, David (30 de enero de 2019). \u00ab\u00a1<\/p>\n<p>\u2191 \u00abLionel Messi y Barcelona, en una encrucijada: \u00bf Ronaldo anot\u00f3 dos goles a lo largo de la competici\u00f3n y dio una asistencia. Su gran logro sin embargo es obtener la Liga de Europa, teniendo para ello que recorrer un largo camino. Aquel curso, 2014-15, jug\u00f3 36 encuentros de inicio, con un global de 3.173 minutos y 25 goles en contra, hasta su lesi\u00f3n <a href=\"https:\/\/furiaesp.com\/es_ES\/\">camiseta de espa\u00f1a 2022<\/a> muscular en el encuentro de la Liga de Campeones frente al Bayer Leverkusen. Para la temporada 2014\/15, Adidas encarg\u00f3 al dise\u00f1ador Yohji Yamamoto el dise\u00f1o de la tercera equipaci\u00f3n del conjunto blanco para la Liga de Campeones. Lista de jugadores hist\u00f3ricos que han vestido la camiseta del club, clasificados seg\u00fan el a\u00f1o de debut, <a href=\"https:\/\/supervigo.com\/\" rel=\"nofollow\">super vigo<\/a> y reconocidos por sus logros y trayectoria. Al a\u00f1o siguiente se proclam\u00f3 campe\u00f3n el Fudbalski klub Crvena Zvezda en el Stadio San Nicola de Bari. El nombre del equipo se dio de uno combinado de dos extintos equipos profesionales de la ciudad, el Atl\u00e9tico Potosino y el San Luis F\u00fatbol Club.<\/p>\n<p>En el caso de que usted amado este art\u00edculo informativo junto con usted desea ser dado m\u00e1s informaci\u00f3n sobre <a href=\"https:\/\/supervigo.com\/\">supervigo.com<\/a> <a href=\"https:\/\/supervigo.com\/\">supervigo.com<\/a> le imploro que detenga por nuestra p\u00e1gina.<\/p>\n","protected":false},"excerpt":{"rendered":"<p>3&#8242; C\u00f3rner para el Atl\u00e9tico, el primero de la tarde.equipacion barcelona 2021 El segundo, jugador del Real Madrid C. F., la visti\u00f3 en con motivo del homenaje al primero tras su retirada. Tras una breve incursi\u00f3n en la Liga Portuguesa al frente del FC Oporto, retorna a Espa\u00f1a, donde su siguiente club, tambi\u00e9n durante tres [&hellip;]<\/p>\n","protected":false},"author":1,"featured_media":0,"comment_status":"open","ping_status":"open","sticky":false,"template":"","format":"standard","meta":{"footnotes":""},"categories":[1],"tags":[1262,1261,1260],"class_list":["post-2501","post","type-post","status-publish","format-standard","hentry","category-uncategorized","tag-entradas-atletico-de-madrid-socios-no-abonados","tag-tienda-atletico-de-madrid-horario-wanda","tag-tienda-atletico-de-madrid-las-rozas"],"blocksy_meta":[],"yoast_head":"<!-- This site is optimized with the Yoast SEO plugin v25.8 - https:\/\/yoast.com\/wordpress\/plugins\/seo\/ -->\n<title>marca futbol real madrid atletico de madrid - Camiseta de f\u00fatbol Atletico de Madrid 2024 2025 - SuperVigo<\/title>\n<meta name=\"robots\" content=\"index, follow, max-snippet:-1, max-image-preview:large, max-video-preview:-1\" \/>\n<link rel=\"canonical\" href=\"https:\/\/fpsin.com\/index.php\/2021\/06\/09\/marca-futbol-real-madrid-atletico-de-madrid\/\" \/>\n<meta property=\"og:locale\" content=\"es_ES\" \/>\n<meta property=\"og:type\" content=\"article\" \/>\n<meta property=\"og:title\" content=\"marca futbol real madrid atletico de madrid - Camiseta de f\u00fatbol Atletico de Madrid 2024 2025 - SuperVigo\" \/>\n<meta property=\"og:description\" content=\"3&#8242; C\u00f3rner para el Atl\u00e9tico, el primero de la tarde.equipacion barcelona 2021 El segundo, jugador del Real Madrid C. F., la visti\u00f3 en con motivo del homenaje al primero tras su retirada. Tras una breve incursi\u00f3n en la Liga Portuguesa al frente del FC Oporto, retorna a Espa\u00f1a, donde su siguiente club, tambi\u00e9n durante tres [&hellip;]\" \/>\n<meta property=\"og:url\" content=\"https:\/\/fpsin.com\/index.php\/2021\/06\/09\/marca-futbol-real-madrid-atletico-de-madrid\/\" \/>\n<meta property=\"og:site_name\" content=\"Camiseta de f\u00fatbol Atletico de Madrid 2024 2025 - SuperVigo\" \/>\n<meta property=\"article:published_time\" content=\"2021-06-09T12:52:33+00:00\" \/>\n<meta property=\"article:modified_time\" content=\"2021-07-28T01:58:38+00:00\" \/>\n<meta name=\"author\" content=\"istern\" \/>\n<meta name=\"twitter:card\" content=\"summary_large_image\" \/>\n<meta name=\"twitter:label1\" content=\"Escrito por\" \/>\n\t<meta name=\"twitter:data1\" content=\"istern\" \/>\n\t<meta name=\"twitter:label2\" content=\"Tiempo de lectura\" \/>\n\t<meta name=\"twitter:data2\" content=\"4 minutos\" \/>\n<script type=\"application\/ld+json\" class=\"yoast-schema-graph\">{\"@context\":\"https:\/\/schema.org\",\"@graph\":[{\"@type\":\"WebPage\",\"@id\":\"https:\/\/fpsin.com\/index.php\/2021\/06\/09\/marca-futbol-real-madrid-atletico-de-madrid\/\",\"url\":\"https:\/\/fpsin.com\/index.php\/2021\/06\/09\/marca-futbol-real-madrid-atletico-de-madrid\/\",\"name\":\"marca futbol real madrid atletico de madrid - Camiseta de f\u00fatbol Atletico de Madrid 2024 2025 - SuperVigo\",\"isPartOf\":{\"@id\":\"https:\/\/fpsin.com\/#website\"},\"datePublished\":\"2021-06-09T12:52:33+00:00\",\"dateModified\":\"2021-07-28T01:58:38+00:00\",\"author\":{\"@id\":\"https:\/\/fpsin.com\/#\/schema\/person\/5ff6c0f8eeacd83e877f7ff3643206c1\"},\"breadcrumb\":{\"@id\":\"https:\/\/fpsin.com\/index.php\/2021\/06\/09\/marca-futbol-real-madrid-atletico-de-madrid\/#breadcrumb\"},\"inLanguage\":\"es\",\"potentialAction\":[{\"@type\":\"ReadAction\",\"target\":[\"https:\/\/fpsin.com\/index.php\/2021\/06\/09\/marca-futbol-real-madrid-atletico-de-madrid\/\"]}]},{\"@type\":\"BreadcrumbList\",\"@id\":\"https:\/\/fpsin.com\/index.php\/2021\/06\/09\/marca-futbol-real-madrid-atletico-de-madrid\/#breadcrumb\",\"itemListElement\":[{\"@type\":\"ListItem\",\"position\":1,\"name\":\"Portada\",\"item\":\"https:\/\/fpsin.com\/\"},{\"@type\":\"ListItem\",\"position\":2,\"name\":\"marca futbol real madrid atletico de madrid\"}]},{\"@type\":\"WebSite\",\"@id\":\"https:\/\/fpsin.com\/#website\",\"url\":\"https:\/\/fpsin.com\/\",\"name\":\"Camiseta de f\u00fatbol Atletico de Madrid 2024 2025 - SuperVigo\",\"description\":\"Camiseta de Atl\u00e9tico de Madrid - Ofrecemos camiseta del Atl\u00e9tico de Madrid 2024 2025 para adultos y ni\u00f1os. Env\u00edo gratis desde 69\u20ac y personalizar Gratis.\",\"potentialAction\":[{\"@type\":\"SearchAction\",\"target\":{\"@type\":\"EntryPoint\",\"urlTemplate\":\"https:\/\/fpsin.com\/?s={search_term_string}\"},\"query-input\":{\"@type\":\"PropertyValueSpecification\",\"valueRequired\":true,\"valueName\":\"search_term_string\"}}],\"inLanguage\":\"es\"},{\"@type\":\"Person\",\"@id\":\"https:\/\/fpsin.com\/#\/schema\/person\/5ff6c0f8eeacd83e877f7ff3643206c1\",\"name\":\"istern\",\"image\":{\"@type\":\"ImageObject\",\"inLanguage\":\"es\",\"@id\":\"https:\/\/fpsin.com\/#\/schema\/person\/image\/\",\"url\":\"https:\/\/secure.gravatar.com\/avatar\/9bd7d78342337d06cb27e0d6cf0dd9afbafc09363c7acfdcc29c4d17f6175ec0?s=96&d=mm&r=g\",\"contentUrl\":\"https:\/\/secure.gravatar.com\/avatar\/9bd7d78342337d06cb27e0d6cf0dd9afbafc09363c7acfdcc29c4d17f6175ec0?s=96&d=mm&r=g\",\"caption\":\"istern\"},\"sameAs\":[\"https:\/\/fpsin.com\"],\"url\":\"https:\/\/fpsin.com\/index.php\/author\/Quetzalxochitl\/\"}]}<\/script>\n<!-- \/ Yoast SEO plugin. -->","yoast_head_json":{"title":"marca futbol real madrid atletico de madrid - Camiseta de f\u00fatbol Atletico de Madrid 2024 2025 - SuperVigo","robots":{"index":"index","follow":"follow","max-snippet":"max-snippet:-1","max-image-preview":"max-image-preview:large","max-video-preview":"max-video-preview:-1"},"canonical":"https:\/\/fpsin.com\/index.php\/2021\/06\/09\/marca-futbol-real-madrid-atletico-de-madrid\/","og_locale":"es_ES","og_type":"article","og_title":"marca futbol real madrid atletico de madrid - Camiseta de f\u00fatbol Atletico de Madrid 2024 2025 - SuperVigo","og_description":"3&#8242; C\u00f3rner para el Atl\u00e9tico, el primero de la tarde.equipacion barcelona 2021 El segundo, jugador del Real Madrid C. F., la visti\u00f3 en con motivo del homenaje al primero tras su retirada. Tras una breve incursi\u00f3n en la Liga Portuguesa al frente del FC Oporto, retorna a Espa\u00f1a, donde su siguiente club, tambi\u00e9n durante tres [&hellip;]","og_url":"https:\/\/fpsin.com\/index.php\/2021\/06\/09\/marca-futbol-real-madrid-atletico-de-madrid\/","og_site_name":"Camiseta de f\u00fatbol Atletico de Madrid 2024 2025 - SuperVigo","article_published_time":"2021-06-09T12:52:33+00:00","article_modified_time":"2021-07-28T01:58:38+00:00","author":"istern","twitter_card":"summary_large_image","twitter_misc":{"Escrito por":"istern","Tiempo de lectura":"4 minutos"},"schema":{"@context":"https:\/\/schema.org","@graph":[{"@type":"WebPage","@id":"https:\/\/fpsin.com\/index.php\/2021\/06\/09\/marca-futbol-real-madrid-atletico-de-madrid\/","url":"https:\/\/fpsin.com\/index.php\/2021\/06\/09\/marca-futbol-real-madrid-atletico-de-madrid\/","name":"marca futbol real madrid atletico de madrid - Camiseta de f\u00fatbol Atletico de Madrid 2024 2025 - SuperVigo","isPartOf":{"@id":"https:\/\/fpsin.com\/#website"},"datePublished":"2021-06-09T12:52:33+00:00","dateModified":"2021-07-28T01:58:38+00:00","author":{"@id":"https:\/\/fpsin.com\/#\/schema\/person\/5ff6c0f8eeacd83e877f7ff3643206c1"},"breadcrumb":{"@id":"https:\/\/fpsin.com\/index.php\/2021\/06\/09\/marca-futbol-real-madrid-atletico-de-madrid\/#breadcrumb"},"inLanguage":"es","potentialAction":[{"@type":"ReadAction","target":["https:\/\/fpsin.com\/index.php\/2021\/06\/09\/marca-futbol-real-madrid-atletico-de-madrid\/"]}]},{"@type":"BreadcrumbList","@id":"https:\/\/fpsin.com\/index.php\/2021\/06\/09\/marca-futbol-real-madrid-atletico-de-madrid\/#breadcrumb","itemListElement":[{"@type":"ListItem","position":1,"name":"Portada","item":"https:\/\/fpsin.com\/"},{"@type":"ListItem","position":2,"name":"marca futbol real madrid atletico de madrid"}]},{"@type":"WebSite","@id":"https:\/\/fpsin.com\/#website","url":"https:\/\/fpsin.com\/","name":"Camiseta de f\u00fatbol Atletico de Madrid 2024 2025 - SuperVigo","description":"Camiseta de Atl\u00e9tico de Madrid - Ofrecemos camiseta del Atl\u00e9tico de Madrid 2024 2025 para adultos y ni\u00f1os. Env\u00edo gratis desde 69\u20ac y personalizar Gratis.","potentialAction":[{"@type":"SearchAction","target":{"@type":"EntryPoint","urlTemplate":"https:\/\/fpsin.com\/?s={search_term_string}"},"query-input":{"@type":"PropertyValueSpecification","valueRequired":true,"valueName":"search_term_string"}}],"inLanguage":"es"},{"@type":"Person","@id":"https:\/\/fpsin.com\/#\/schema\/person\/5ff6c0f8eeacd83e877f7ff3643206c1","name":"istern","image":{"@type":"ImageObject","inLanguage":"es","@id":"https:\/\/fpsin.com\/#\/schema\/person\/image\/","url":"https:\/\/secure.gravatar.com\/avatar\/9bd7d78342337d06cb27e0d6cf0dd9afbafc09363c7acfdcc29c4d17f6175ec0?s=96&d=mm&r=g","contentUrl":"https:\/\/secure.gravatar.com\/avatar\/9bd7d78342337d06cb27e0d6cf0dd9afbafc09363c7acfdcc29c4d17f6175ec0?s=96&d=mm&r=g","caption":"istern"},"sameAs":["https:\/\/fpsin.com"],"url":"https:\/\/fpsin.com\/index.php\/author\/Quetzalxochitl\/"}]}},"_links":{"self":[{"href":"https:\/\/fpsin.com\/index.php\/wp-json\/wp\/v2\/posts\/2501","targetHints":{"allow":["GET"]}}],"collection":[{"href":"https:\/\/fpsin.com\/index.php\/wp-json\/wp\/v2\/posts"}],"about":[{"href":"https:\/\/fpsin.com\/index.php\/wp-json\/wp\/v2\/types\/post"}],"author":[{"embeddable":true,"href":"https:\/\/fpsin.com\/index.php\/wp-json\/wp\/v2\/users\/1"}],"replies":[{"embeddable":true,"href":"https:\/\/fpsin.com\/index.php\/wp-json\/wp\/v2\/comments?post=2501"}],"version-history":[{"count":5,"href":"https:\/\/fpsin.com\/index.php\/wp-json\/wp\/v2\/posts\/2501\/revisions"}],"predecessor-version":[{"id":2738,"href":"https:\/\/fpsin.com\/index.php\/wp-json\/wp\/v2\/posts\/2501\/revisions\/2738"}],"wp:attachment":[{"href":"https:\/\/fpsin.com\/index.php\/wp-json\/wp\/v2\/media?parent=2501"}],"wp:term":[{"taxonomy":"category","embeddable":true,"href":"https:\/\/fpsin.com\/index.php\/wp-json\/wp\/v2\/categories?post=2501"},{"taxonomy":"post_tag","embeddable":true,"href":"https:\/\/fpsin.com\/index.php\/wp-json\/wp\/v2\/tags?post=2501"}],"curies":[{"name":"wp","href":"https:\/\/api.w.org\/{rel}","templated":true}]}}