{"id":257,"date":"2021-06-09T06:42:45","date_gmt":"2021-06-09T05:42:45","guid":{"rendered":"http:\/\/fpsin.com\/?p=257"},"modified":"2021-06-09T06:42:45","modified_gmt":"2021-06-09T05:42:45","slug":"atletico-de-madrid-vs-roma-marca","status":"publish","type":"post","link":"https:\/\/fpsin.com\/index.php\/2021\/06\/09\/atletico-de-madrid-vs-roma-marca\/","title":{"rendered":"atletico de madrid vs roma marca"},"content":{"rendered":"<p><a href='https:\/\/supervigo.com\/es_ES\/taxons\/atletico-de-madrid-es-05'><img decoding=\"async\" alt=\"Camiseta del Atl\u00e9tico de Madrid Temporada 2010\/2011 Segunda Equipaci\u00f3n - EL UTILLERO\" src=\"http:\/\/www.elutillero.com\/image\/agpjaG9yZXN0b3JlcgwLEgRGaWxlGI_4Oww\/490\/490\/cropped\" style='clear:both; float:right; padding:10px 0px 10px 10px; border:0px; max-width: 340px;' \/><\/a> \u2191 \u00abEl Granada sufre en Hospitalet y pasa con un gol de Adri\u00e1n Ramos en la pr\u00f3rroga\u00bb. \u2191 \u00abEl Granada, con un penalti en el tiempo a\u00f1adido, elimina al campe\u00f3n y pasa a &#8216;semis&#8217;\u00bb. \u2191 \u00abEl Granada, un &#8216;campe\u00f3n de invierno&#8217; para enmarcar\u00bb. \u2191 \u00abEl Granada sufre para eliminar al Badajoz\u00bb. \u2191 \u00abEl Granada buscar\u00e1 ganar en Zaragoza 76 a\u00f1os despu\u00e9s\u00bb. \u2191 \u00abEl Granada hunde al Zaragoza y ya es nuevo l\u00edder\u00bb. \u2191 \u00abCarlos Neva renueva con el Granada CF y sube al primer equipo\u00bb. \u2191 \u00abEl Granada se salva tras vencer al Valladolid\u00bb. \u2191 \u00abBiograf\u00eda juvenil de Koke\u00bb. \u2191 \u00abEl Granada CF ficha a Edgar M\u00e9ndez\u00bb. \u2191 \u00abEl Granada ficha a Oier\u00bb. \u2191 \u00abGriezmann derrota al Granada\u00bb. \u2191 \u00abEl Deportivo derrota en casa al Granada por 2-1\u00bb. El Confidencial. \u2191 \u00abEl Granada derrota al Sevilla y logra la salvaci\u00f3n\u00bb. \u2191 La racha empez\u00f3 despu\u00e9s de perder en la jornada 17 contra el Foot-Ball Club Barcelona, y finalizar\u00eda 1 a\u00f1o m\u00e1s tarde, en la jornada 1 de 1930-31 tambi\u00e9n frente al Foot-Ball Club Barcelona. Se cumple un a\u00f1o desde que t\u00e9rminos como \u201cpandemia\u201d, \u201cconfinamiento\u201d o \u201cmascarilla\u201d se volvieron indispensables en el d\u00eda a d\u00eda de ciudades como Barcelona. \u00abEl hincha del Atl\u00e9tico debe estar molesto, dolido, decepcionado, como tiene que estar.<\/p>\n<p><a href=\"https:\/\/supervigo.com\/\"><img decoding=\"async\" style=\"clear:both; float:right; padding:10px 0px 10px 10px; border:0px; max-width: 340px;\" src=\"https:\/\/media2.cgtrader.com\/variants\/5Ax7g7g7tj7hzAMygmKaHiJa\/9cae6891d5963582c5a024dd4cd2d77f44d540a2ca4f778b8c6afa6918049521\/Atletico%20Madrid%2004.jpg\"><\/a> Manuel Oppenheimer es fan\u00e1tico de Antoine Griezmann, el jugador del Atl\u00e9tico de Madrid. Su club puso en valor a Dani Carvajal en 2012. Pag\u00f3 cinco millones de euros por un futbolista del Castilla que en un a\u00f1o fue elegido en el once ideal de la Bundesliga. Ning\u00fan futbolista hace cosas que yo mismo no puedo hacer, pero veo que hago cosas que otros no pueden hacer. Se puede dar la oportunidad de fichar por el Atl\u00e9tico de Madrid y esperemos que la operaci\u00f3n se cierre\u201d. En el art\u00edculo comenta que ha tenido la oportunidad de verlo en el estadio Xeneize (La Bombonera) y es algo que no tiene comparaci\u00f3n con ning\u00fan otro cl\u00e1sico en el mundo. \u2191 \u00abEl Granada ratifica a Sandoval y le dar\u00e1 una oportunidad ante el Getafe\u00bb. \u2191 \u00abEl Granada cae goleado ante el Eibar\u00bb. \u2191 \u00abUnited tie up t\u00edtulo treble\u00bb. En 1983 obtuvo su 11\u00ba t\u00edtulo de Primera Divisi\u00f3n. \u2191 \u00abEl Granada fue antes l\u00edder en Primera en la 73-74, hace 46 a\u00f1os\u00bb.<\/p>\n<div style=\"clear:both;\"><\/div>\n<p> \u2191 \u00abEl Granada noquea a la Real y se apunta a Europa\u00bb. En 1975, el Real Madrid venci\u00f3 (por penales) al Atl\u00e9tico en el Vicente Calder\u00f3n, bajo el mismo significado, consider\u00e1ndose local al Real Madrid y visitante al Atl\u00e9tico. As\u00ed que el dirigente volvi\u00f3 a recalcar que el Atl\u00e9tico es un club comprador y no vendedor. Independiente Santa Fe fue fundado el 28 de febrero de 1941, como un club deportivo de aficionados. El contragolpe como arma suprema. En el campeonato paulista jug\u00f3 12 encuentros, 3 de ellos como titular, y no marc\u00f3 ning\u00fan gol. Marca su primer gol con el conjunto nervionense en el partido Qaraba\u011f vs. Los goles los convirtieron Carlos C\u00e9spedes en dos oportunidades, y Bol\u00edvar C\u00e9spedes el gol restante. \u2191 \u00abTamaraceite 0 &#8211; Granada 1: resumen, goles y resultado\u00bb. \u2191 \u00abOltra, nuevo entrenador del Granada\u00bb. \u2191 \u00abMiguel \u00c1ngel Portugal, nuevo entrenador del Granada\u00bb. \u2191 \u00aba Juve hace p\u00fablicas las cifras de la operaci\u00f3n CR7: 117M\u20ac\u00bb. As.<\/p>\n<p> En 2009 regres\u00f3 al Deportivo de La Coru\u00f1a consiguiendo afianzarse en el equipo titular y mejorando sus cifras goleadoras. Actualmente, est\u00e1 en b\u00fasqueda activa de equipo. El jugador estaba citado hoy para su primer entrenamiento de pretemporada con el equipo de Berizzo, pero no se ha presentado. Se tuvo que estirar Courtois para mandar el bal\u00f3n a c\u00f3rner. 18:20 Hoy se miden en el Calder\u00f3n el segundo (Casillas) y tercer (Courtois) porteros menos goleados de esta Liga. \u2191 \u00abEl Gobierno autoriza el regreso de la Liga la semana del 8 de junio\u00bb. \u2191 \u00abEl Granada pierde contra el Legan\u00e9s\u00bb. \u2191 \u00abEl Granada ficha al central gabon\u00e9s Musavu King\u00bb. \u2191 \u00abIngason ficha por el Granada\u00bb. \u2191 \u00abEl Granada juega al l\u00edmite\u00bb. \u2191 \u00abEl Granada remonta un partido &#8216;imposible&#8217;\u00bb. \u2191 \u00abEl Granada pierde en el \u00faltimo partido de la primera vuelta\u00bb. \u2191 \u00abLa \u00abgeneraci\u00f3n dorada\u00bb que logr\u00f3 el primer tiempo de Chile\u00bb. \u00abLa IFFHS declara al Real Madrid mejor club del siglo XX en Europa\u00bb.<\/p>\n","protected":false},"excerpt":{"rendered":"<p>\u2191 \u00abEl Granada sufre en Hospitalet y pasa con un gol de Adri\u00e1n Ramos en la pr\u00f3rroga\u00bb. \u2191 \u00abEl Granada, con un penalti en el tiempo a\u00f1adido, elimina al campe\u00f3n y pasa a &#8216;semis&#8217;\u00bb. \u2191 \u00abEl Granada, un &#8216;campe\u00f3n de invierno&#8217; para enmarcar\u00bb. \u2191 \u00abEl Granada sufre para eliminar al Badajoz\u00bb. \u2191 \u00abEl Granada buscar\u00e1 [&hellip;]<\/p>\n","protected":false},"author":1,"featured_media":0,"comment_status":"open","ping_status":"open","sticky":false,"template":"","format":"standard","meta":{"footnotes":""},"categories":[1],"tags":[159,160,158],"class_list":["post-257","post","type-post","status-publish","format-standard","hentry","category-uncategorized","tag-3-equipacion-atletico-de-madrid-2020","tag-chandal-atletico-de-madrid-para-ninos","tag-entradas-atletico-de-madrid-lleida"],"blocksy_meta":[],"yoast_head":"<!-- This site is optimized with the Yoast SEO plugin v25.8 - https:\/\/yoast.com\/wordpress\/plugins\/seo\/ -->\n<title>atletico de madrid vs roma marca - Camiseta de f\u00fatbol Atletico de Madrid 2024 2025 - SuperVigo<\/title>\n<meta name=\"robots\" content=\"index, follow, max-snippet:-1, max-image-preview:large, max-video-preview:-1\" \/>\n<link rel=\"canonical\" href=\"https:\/\/fpsin.com\/index.php\/2021\/06\/09\/atletico-de-madrid-vs-roma-marca\/\" \/>\n<meta property=\"og:locale\" content=\"es_ES\" \/>\n<meta property=\"og:type\" content=\"article\" \/>\n<meta property=\"og:title\" content=\"atletico de madrid vs roma marca - Camiseta de f\u00fatbol Atletico de Madrid 2024 2025 - SuperVigo\" \/>\n<meta property=\"og:description\" content=\"\u2191 \u00abEl Granada sufre en Hospitalet y pasa con un gol de Adri\u00e1n Ramos en la pr\u00f3rroga\u00bb. \u2191 \u00abEl Granada, con un penalti en el tiempo a\u00f1adido, elimina al campe\u00f3n y pasa a &#8216;semis&#8217;\u00bb. \u2191 \u00abEl Granada, un &#8216;campe\u00f3n de invierno&#8217; para enmarcar\u00bb. \u2191 \u00abEl Granada sufre para eliminar al Badajoz\u00bb. \u2191 \u00abEl Granada buscar\u00e1 [&hellip;]\" \/>\n<meta property=\"og:url\" content=\"https:\/\/fpsin.com\/index.php\/2021\/06\/09\/atletico-de-madrid-vs-roma-marca\/\" \/>\n<meta property=\"og:site_name\" content=\"Camiseta de f\u00fatbol Atletico de Madrid 2024 2025 - SuperVigo\" \/>\n<meta property=\"article:published_time\" content=\"2021-06-09T05:42:45+00:00\" \/>\n<meta property=\"og:image\" content=\"http:\/\/www.elutillero.com\/image\/agpjaG9yZXN0b3JlcgwLEgRGaWxlGI_4Oww\/490\/490\/cropped\" \/>\n<meta name=\"author\" content=\"istern\" \/>\n<meta name=\"twitter:card\" content=\"summary_large_image\" \/>\n<meta name=\"twitter:label1\" content=\"Escrito por\" \/>\n\t<meta name=\"twitter:data1\" content=\"istern\" \/>\n\t<meta name=\"twitter:label2\" content=\"Tiempo de lectura\" \/>\n\t<meta name=\"twitter:data2\" content=\"4 minutos\" \/>\n<script type=\"application\/ld+json\" class=\"yoast-schema-graph\">{\"@context\":\"https:\/\/schema.org\",\"@graph\":[{\"@type\":\"WebPage\",\"@id\":\"https:\/\/fpsin.com\/index.php\/2021\/06\/09\/atletico-de-madrid-vs-roma-marca\/\",\"url\":\"https:\/\/fpsin.com\/index.php\/2021\/06\/09\/atletico-de-madrid-vs-roma-marca\/\",\"name\":\"atletico de madrid vs roma marca - Camiseta de f\u00fatbol Atletico de Madrid 2024 2025 - SuperVigo\",\"isPartOf\":{\"@id\":\"https:\/\/fpsin.com\/#website\"},\"primaryImageOfPage\":{\"@id\":\"https:\/\/fpsin.com\/index.php\/2021\/06\/09\/atletico-de-madrid-vs-roma-marca\/#primaryimage\"},\"image\":{\"@id\":\"https:\/\/fpsin.com\/index.php\/2021\/06\/09\/atletico-de-madrid-vs-roma-marca\/#primaryimage\"},\"thumbnailUrl\":\"http:\/\/www.elutillero.com\/image\/agpjaG9yZXN0b3JlcgwLEgRGaWxlGI_4Oww\/490\/490\/cropped\",\"datePublished\":\"2021-06-09T05:42:45+00:00\",\"author\":{\"@id\":\"https:\/\/fpsin.com\/#\/schema\/person\/5ff6c0f8eeacd83e877f7ff3643206c1\"},\"breadcrumb\":{\"@id\":\"https:\/\/fpsin.com\/index.php\/2021\/06\/09\/atletico-de-madrid-vs-roma-marca\/#breadcrumb\"},\"inLanguage\":\"es\",\"potentialAction\":[{\"@type\":\"ReadAction\",\"target\":[\"https:\/\/fpsin.com\/index.php\/2021\/06\/09\/atletico-de-madrid-vs-roma-marca\/\"]}]},{\"@type\":\"ImageObject\",\"inLanguage\":\"es\",\"@id\":\"https:\/\/fpsin.com\/index.php\/2021\/06\/09\/atletico-de-madrid-vs-roma-marca\/#primaryimage\",\"url\":\"http:\/\/www.elutillero.com\/image\/agpjaG9yZXN0b3JlcgwLEgRGaWxlGI_4Oww\/490\/490\/cropped\",\"contentUrl\":\"http:\/\/www.elutillero.com\/image\/agpjaG9yZXN0b3JlcgwLEgRGaWxlGI_4Oww\/490\/490\/cropped\"},{\"@type\":\"BreadcrumbList\",\"@id\":\"https:\/\/fpsin.com\/index.php\/2021\/06\/09\/atletico-de-madrid-vs-roma-marca\/#breadcrumb\",\"itemListElement\":[{\"@type\":\"ListItem\",\"position\":1,\"name\":\"Portada\",\"item\":\"https:\/\/fpsin.com\/\"},{\"@type\":\"ListItem\",\"position\":2,\"name\":\"atletico de madrid vs roma marca\"}]},{\"@type\":\"WebSite\",\"@id\":\"https:\/\/fpsin.com\/#website\",\"url\":\"https:\/\/fpsin.com\/\",\"name\":\"Camiseta de f\u00fatbol Atletico de Madrid 2024 2025 - SuperVigo\",\"description\":\"Camiseta de Atl\u00e9tico de Madrid - Ofrecemos camiseta del Atl\u00e9tico de Madrid 2024 2025 para adultos y ni\u00f1os. Env\u00edo gratis desde 69\u20ac y personalizar Gratis.\",\"potentialAction\":[{\"@type\":\"SearchAction\",\"target\":{\"@type\":\"EntryPoint\",\"urlTemplate\":\"https:\/\/fpsin.com\/?s={search_term_string}\"},\"query-input\":{\"@type\":\"PropertyValueSpecification\",\"valueRequired\":true,\"valueName\":\"search_term_string\"}}],\"inLanguage\":\"es\"},{\"@type\":\"Person\",\"@id\":\"https:\/\/fpsin.com\/#\/schema\/person\/5ff6c0f8eeacd83e877f7ff3643206c1\",\"name\":\"istern\",\"image\":{\"@type\":\"ImageObject\",\"inLanguage\":\"es\",\"@id\":\"https:\/\/fpsin.com\/#\/schema\/person\/image\/\",\"url\":\"https:\/\/secure.gravatar.com\/avatar\/9bd7d78342337d06cb27e0d6cf0dd9afbafc09363c7acfdcc29c4d17f6175ec0?s=96&d=mm&r=g\",\"contentUrl\":\"https:\/\/secure.gravatar.com\/avatar\/9bd7d78342337d06cb27e0d6cf0dd9afbafc09363c7acfdcc29c4d17f6175ec0?s=96&d=mm&r=g\",\"caption\":\"istern\"},\"sameAs\":[\"https:\/\/fpsin.com\"],\"url\":\"https:\/\/fpsin.com\/index.php\/author\/Quetzalxochitl\/\"}]}<\/script>\n<!-- \/ Yoast SEO plugin. -->","yoast_head_json":{"title":"atletico de madrid vs roma marca - Camiseta de f\u00fatbol Atletico de Madrid 2024 2025 - SuperVigo","robots":{"index":"index","follow":"follow","max-snippet":"max-snippet:-1","max-image-preview":"max-image-preview:large","max-video-preview":"max-video-preview:-1"},"canonical":"https:\/\/fpsin.com\/index.php\/2021\/06\/09\/atletico-de-madrid-vs-roma-marca\/","og_locale":"es_ES","og_type":"article","og_title":"atletico de madrid vs roma marca - Camiseta de f\u00fatbol Atletico de Madrid 2024 2025 - SuperVigo","og_description":"\u2191 \u00abEl Granada sufre en Hospitalet y pasa con un gol de Adri\u00e1n Ramos en la pr\u00f3rroga\u00bb. \u2191 \u00abEl Granada, con un penalti en el tiempo a\u00f1adido, elimina al campe\u00f3n y pasa a &#8216;semis&#8217;\u00bb. \u2191 \u00abEl Granada, un &#8216;campe\u00f3n de invierno&#8217; para enmarcar\u00bb. \u2191 \u00abEl Granada sufre para eliminar al Badajoz\u00bb. \u2191 \u00abEl Granada buscar\u00e1 [&hellip;]","og_url":"https:\/\/fpsin.com\/index.php\/2021\/06\/09\/atletico-de-madrid-vs-roma-marca\/","og_site_name":"Camiseta de f\u00fatbol Atletico de Madrid 2024 2025 - SuperVigo","article_published_time":"2021-06-09T05:42:45+00:00","og_image":[{"url":"http:\/\/www.elutillero.com\/image\/agpjaG9yZXN0b3JlcgwLEgRGaWxlGI_4Oww\/490\/490\/cropped","type":"","width":"","height":""}],"author":"istern","twitter_card":"summary_large_image","twitter_misc":{"Escrito por":"istern","Tiempo de lectura":"4 minutos"},"schema":{"@context":"https:\/\/schema.org","@graph":[{"@type":"WebPage","@id":"https:\/\/fpsin.com\/index.php\/2021\/06\/09\/atletico-de-madrid-vs-roma-marca\/","url":"https:\/\/fpsin.com\/index.php\/2021\/06\/09\/atletico-de-madrid-vs-roma-marca\/","name":"atletico de madrid vs roma marca - Camiseta de f\u00fatbol Atletico de Madrid 2024 2025 - SuperVigo","isPartOf":{"@id":"https:\/\/fpsin.com\/#website"},"primaryImageOfPage":{"@id":"https:\/\/fpsin.com\/index.php\/2021\/06\/09\/atletico-de-madrid-vs-roma-marca\/#primaryimage"},"image":{"@id":"https:\/\/fpsin.com\/index.php\/2021\/06\/09\/atletico-de-madrid-vs-roma-marca\/#primaryimage"},"thumbnailUrl":"http:\/\/www.elutillero.com\/image\/agpjaG9yZXN0b3JlcgwLEgRGaWxlGI_4Oww\/490\/490\/cropped","datePublished":"2021-06-09T05:42:45+00:00","author":{"@id":"https:\/\/fpsin.com\/#\/schema\/person\/5ff6c0f8eeacd83e877f7ff3643206c1"},"breadcrumb":{"@id":"https:\/\/fpsin.com\/index.php\/2021\/06\/09\/atletico-de-madrid-vs-roma-marca\/#breadcrumb"},"inLanguage":"es","potentialAction":[{"@type":"ReadAction","target":["https:\/\/fpsin.com\/index.php\/2021\/06\/09\/atletico-de-madrid-vs-roma-marca\/"]}]},{"@type":"ImageObject","inLanguage":"es","@id":"https:\/\/fpsin.com\/index.php\/2021\/06\/09\/atletico-de-madrid-vs-roma-marca\/#primaryimage","url":"http:\/\/www.elutillero.com\/image\/agpjaG9yZXN0b3JlcgwLEgRGaWxlGI_4Oww\/490\/490\/cropped","contentUrl":"http:\/\/www.elutillero.com\/image\/agpjaG9yZXN0b3JlcgwLEgRGaWxlGI_4Oww\/490\/490\/cropped"},{"@type":"BreadcrumbList","@id":"https:\/\/fpsin.com\/index.php\/2021\/06\/09\/atletico-de-madrid-vs-roma-marca\/#breadcrumb","itemListElement":[{"@type":"ListItem","position":1,"name":"Portada","item":"https:\/\/fpsin.com\/"},{"@type":"ListItem","position":2,"name":"atletico de madrid vs roma marca"}]},{"@type":"WebSite","@id":"https:\/\/fpsin.com\/#website","url":"https:\/\/fpsin.com\/","name":"Camiseta de f\u00fatbol Atletico de Madrid 2024 2025 - SuperVigo","description":"Camiseta de Atl\u00e9tico de Madrid - Ofrecemos camiseta del Atl\u00e9tico de Madrid 2024 2025 para adultos y ni\u00f1os. Env\u00edo gratis desde 69\u20ac y personalizar Gratis.","potentialAction":[{"@type":"SearchAction","target":{"@type":"EntryPoint","urlTemplate":"https:\/\/fpsin.com\/?s={search_term_string}"},"query-input":{"@type":"PropertyValueSpecification","valueRequired":true,"valueName":"search_term_string"}}],"inLanguage":"es"},{"@type":"Person","@id":"https:\/\/fpsin.com\/#\/schema\/person\/5ff6c0f8eeacd83e877f7ff3643206c1","name":"istern","image":{"@type":"ImageObject","inLanguage":"es","@id":"https:\/\/fpsin.com\/#\/schema\/person\/image\/","url":"https:\/\/secure.gravatar.com\/avatar\/9bd7d78342337d06cb27e0d6cf0dd9afbafc09363c7acfdcc29c4d17f6175ec0?s=96&d=mm&r=g","contentUrl":"https:\/\/secure.gravatar.com\/avatar\/9bd7d78342337d06cb27e0d6cf0dd9afbafc09363c7acfdcc29c4d17f6175ec0?s=96&d=mm&r=g","caption":"istern"},"sameAs":["https:\/\/fpsin.com"],"url":"https:\/\/fpsin.com\/index.php\/author\/Quetzalxochitl\/"}]}},"_links":{"self":[{"href":"https:\/\/fpsin.com\/index.php\/wp-json\/wp\/v2\/posts\/257","targetHints":{"allow":["GET"]}}],"collection":[{"href":"https:\/\/fpsin.com\/index.php\/wp-json\/wp\/v2\/posts"}],"about":[{"href":"https:\/\/fpsin.com\/index.php\/wp-json\/wp\/v2\/types\/post"}],"author":[{"embeddable":true,"href":"https:\/\/fpsin.com\/index.php\/wp-json\/wp\/v2\/users\/1"}],"replies":[{"embeddable":true,"href":"https:\/\/fpsin.com\/index.php\/wp-json\/wp\/v2\/comments?post=257"}],"version-history":[{"count":1,"href":"https:\/\/fpsin.com\/index.php\/wp-json\/wp\/v2\/posts\/257\/revisions"}],"predecessor-version":[{"id":258,"href":"https:\/\/fpsin.com\/index.php\/wp-json\/wp\/v2\/posts\/257\/revisions\/258"}],"wp:attachment":[{"href":"https:\/\/fpsin.com\/index.php\/wp-json\/wp\/v2\/media?parent=257"}],"wp:term":[{"taxonomy":"category","embeddable":true,"href":"https:\/\/fpsin.com\/index.php\/wp-json\/wp\/v2\/categories?post=257"},{"taxonomy":"post_tag","embeddable":true,"href":"https:\/\/fpsin.com\/index.php\/wp-json\/wp\/v2\/tags?post=257"}],"curies":[{"name":"wp","href":"https:\/\/api.w.org\/{rel}","templated":true}]}}