{"id":361,"date":"2021-06-09T06:56:19","date_gmt":"2021-06-09T05:56:19","guid":{"rendered":"http:\/\/fpsin.com\/?p=361"},"modified":"2021-06-09T06:56:19","modified_gmt":"2021-06-09T05:56:19","slug":"equipacion-de-portero-atletico-de-madrid","status":"publish","type":"post","link":"https:\/\/fpsin.com\/index.php\/2021\/06\/09\/equipacion-de-portero-atletico-de-madrid\/","title":{"rendered":"equipacion de portero atletico de madrid"},"content":{"rendered":"<p><a HREF=\"https:\/\/supervigo.com\/\"><img decoding=\"async\" style=\"clear:both; float:right; padding:10px 0px 10px 10px; border:0px; max-width: 385px;\" alt=\"Se filtr\u00f3 la camiseta que usar\u00e1 el arquero de Argentina en R\" src=\"https:\/\/media.ambito.com\/adjuntos\/239\/imagenes\/029\/887\/0029887725.jpg\"><\/a> Gimn\u00e1stica, ambos partidos disputados en el campo de Ciudad Lineal. El Deportivo de La Coru\u00f1a estrena proveedor: la italiana Macron, que ha creado unos dise\u00f1os bastante limpios, inspirados en el car\u00e1cter marinero de la ciudad gallega. Otras fuentes apuntan al domingo 17 de octubre de 1920, fecha en la que el Sportiva F.C. A fecha de mayo de 2018 era el octavo jugador con mayor n\u00famero de partidos en liga en el club colchonero, con 297 partidos en 10 temporadas. Se espera que durante los pr\u00f3ximos d\u00edas declaren cinco personas como investigadas y varias decenas como testigos ante los agentes, y posteriormente lo hagan ante el Juzgado Central de Instrucci\u00f3n n\u00famero 5 de la Audiencia Nacional. 290-69-69. JUSTICIA: Agentes, Aaotiarvs,Oficiales. En 2016, su equipo Alev\u00edn A, formado \u00edntegramente por chicas, se proclam\u00f3 campe\u00f3n de la categor\u00eda frente a equipos formados \u00edntegramente por chicos. \u2191 \u00abLos equipos m\u00e1s antiguos de Espa\u00f1a (por Comunidades Aut\u00f3nomas)\u00bb.<\/p>\n<div style=\"clear:both;\"><\/div>\n<p> \u2191 \u00abLos 100 mejores jugadores de la historia del f\u00fatbol seg\u00fan FourFourTwo\u00bb. 100 m\u2019 altillo, ofic,, lanabos, t2a t8 huras, T. 221-60-99. tOco toerza77-27-49\/ 779-01-48EMPRESA DE CONFECCION TERRASSA-SUR. Una semana despu\u00e9s, el 28 de julio el club obtuvo su primera victoria al derrotar por 1-0 al Monterrey. El 12 de abril, Osasuna volvi\u00f3 a hacer historia al acceder a las semifinales despu\u00e9s de eliminar al Bayer 04 Leverkusen con los resultados de 0-3 en Alemania y 1-0 en Pamplona. Fernando S\u00e1nchez Postigo. \u00abFuentes documentales deportivas aplicadas a la historia de un club deportivo espa\u00f1ol: Historia del Club Atl\u00e9tico de Madrid.\u00bb (PDF). Durante la recta final de la temporada, Koke se convirti\u00f3 en el socio dentro del campo de Fernando Torres, otorg\u00e1ndole 4 pases de gol en los \u00faltimos 10 partidos de Liga. Koke fall\u00f3 su lanzamiento. Koke fue titular en ambos y se proclam\u00f3 campe\u00f3n gracias al empate a uno en el Bernab\u00e9u y a la victoria por uno a cero en el Calder\u00f3n. En dicha final, que Koke disput\u00f3 \u00edntegra, el Atl\u00e9tico de Madrid perdi\u00f3 frente al Real Madrid en la pr\u00f3rroga por cuatro tantos a uno.<\/p>\n<p> P\u00e1gina oficial del Real Madrid. Photos Copia de la p\u00e1gina 49 del acta, donde se adjunta dicha informaci\u00f3n\u00bb. \u2191 a b Copia de la p\u00e1gina 49 del acta, donde se adjunta dicha informaci\u00f3n \u00abhttp:\/\/www.noticiasdenavarra.com\/index.php\/services\/popUpGaleria? El delantero colombiano, que cobrar\u00e1 9 millones de euros por temporada, ya ha posado con la camiseta de su nuevo club en im\u00e1genes recogidas en la p\u00e1gina web del conjunto chino. El conjunto &#8216;pepinero&#8217; se ha reforzado con fichajes que superan el mill\u00f3n y medio de euros, como el defensa argentino Ezequiel Mu\u00f1oz o el central griego Dimitros Siovas. Fue quien acab\u00f3 por reconvertir a Mascherano como central. En la siguiente temporada, el conjunto rojillo accedi\u00f3 a la Copa de la UEFA como subcampe\u00f3n de la Copa del Rey, ya que el Real Betis se clasific\u00f3 para la Liga de Campeones de la UEFA. En Copa del Rey el Atl\u00e9tico logr\u00f3 llegar a cuartos de final, donde se vio las caras con el Celta de Vigo, cayendo 3-2 en el global de la eliminatoria. Se trat\u00f3 de un gol de penalti en el minuto 2 que encarril\u00f3 la victoria por cero a cuatro y el pase a la fase de grupos por un global en la eliminatoria de seis a cero.<\/p>\n<p> El 6 de diciembre de 1906, en dicho torneo, se produjo la primera victoria atl\u00e9tica a sus vecinos madridistas. \u2191 a b Valle, Conrado (16 de diciembre de 2013). \u00abDjukic, <a href=\"https:\/\/supervigo.com\/\">camisetas futbol 2022<\/a> destituido; Nico Est\u00e9vez se hace cargo del equipo\u00bb. \u2191 Agencia EFE (1 de julio de 2013). \u00abMart\u00ednez Munuera y Prieto Iglesias, nuevos \u00e1rbitros de la Liga BBVA\u00bb. \u2191 Agencia EFE (11 de junio de 2013). \u00abBBVA renueva su patrocinio con la LFP por tres temporadas\u00bb. \u2191 a b Fern\u00e1ndez, Antonio Mar\u00eda (4 de septiembre de 2013). \u00abJavi Gracia, nuevo entrenador de Osasuna\u00bb. El jueves 22 de septiembre de 2016, Rojillo encontr\u00f3 a su \u00abmedia naranja\u00bb, Rojilla, compa\u00f1era de Rojillo y s\u00edmbolo de la creciente y ansiada inclusi\u00f3n femenina en el universo osasunista. 3223273 do pare eco y m\u00e1s Dlfarent es ci\u00f3n a sus problemas nuartass irlos mdv seriedad Agencia etc T 2094973.ZUMAYA canaria esplesiva y un \u00edvgor de mucha mancha. 70&#8242; Cambio en Athletic Club, entra al campo Mikel Vesga sustituyendo a Unai Vencedor. Adem\u00e1s, el cambio de uniforme tambi\u00e9n supuso que en 1912 el club modificara en consonancia su hasta entonces blanquiazul escudo por uno rojiblanco. El campe\u00f3n italiano, al igual que hizo el Bayern, ya ha estrenado su uniforme.<\/p>\n<p>Cuando le gust\u00f3 este art\u00edculo informativo y le gustar\u00eda recibir detalles sobre <a href=\"https:\/\/supervigo.com\/es_ES\/taxons\/atletico-de-madrid-es-05\">tercera equipacion atletico de madrid<\/a> por favor visite nuestro sitio web.<\/p>\n","protected":false},"excerpt":{"rendered":"<p>Gimn\u00e1stica, ambos partidos disputados en el campo de Ciudad Lineal. El Deportivo de La Coru\u00f1a estrena proveedor: la italiana Macron, que ha creado unos dise\u00f1os bastante limpios, inspirados en el car\u00e1cter marinero de la ciudad gallega. Otras fuentes apuntan al domingo 17 de octubre de 1920, fecha en la que el Sportiva F.C. A fecha [&hellip;]<\/p>\n","protected":false},"author":1,"featured_media":0,"comment_status":"open","ping_status":"open","sticky":false,"template":"","format":"standard","meta":{"footnotes":""},"categories":[1],"tags":[231,232,233],"class_list":["post-361","post","type-post","status-publish","format-standard","hentry","category-uncategorized","tag-futbol-atletico-de-madrid-vs-barcelona-en-vivo","tag-horario-tienda-atletico-de-madrid-tres-aguas","tag-tienda-atletico-de-madrid-aeropuerto"],"blocksy_meta":[],"yoast_head":"<!-- This site is optimized with the Yoast SEO plugin v25.8 - https:\/\/yoast.com\/wordpress\/plugins\/seo\/ -->\n<title>equipacion de portero atletico de madrid - Camiseta de f\u00fatbol Atletico de Madrid 2024 2025 - SuperVigo<\/title>\n<meta name=\"robots\" content=\"index, follow, max-snippet:-1, max-image-preview:large, max-video-preview:-1\" \/>\n<link rel=\"canonical\" href=\"https:\/\/fpsin.com\/index.php\/2021\/06\/09\/equipacion-de-portero-atletico-de-madrid\/\" \/>\n<meta property=\"og:locale\" content=\"es_ES\" \/>\n<meta property=\"og:type\" content=\"article\" \/>\n<meta property=\"og:title\" content=\"equipacion de portero atletico de madrid - Camiseta de f\u00fatbol Atletico de Madrid 2024 2025 - SuperVigo\" \/>\n<meta property=\"og:description\" content=\"Gimn\u00e1stica, ambos partidos disputados en el campo de Ciudad Lineal. El Deportivo de La Coru\u00f1a estrena proveedor: la italiana Macron, que ha creado unos dise\u00f1os bastante limpios, inspirados en el car\u00e1cter marinero de la ciudad gallega. Otras fuentes apuntan al domingo 17 de octubre de 1920, fecha en la que el Sportiva F.C. A fecha [&hellip;]\" \/>\n<meta property=\"og:url\" content=\"https:\/\/fpsin.com\/index.php\/2021\/06\/09\/equipacion-de-portero-atletico-de-madrid\/\" \/>\n<meta property=\"og:site_name\" content=\"Camiseta de f\u00fatbol Atletico de Madrid 2024 2025 - SuperVigo\" \/>\n<meta property=\"article:published_time\" content=\"2021-06-09T05:56:19+00:00\" \/>\n<meta property=\"og:image\" content=\"https:\/\/media.ambito.com\/adjuntos\/239\/imagenes\/029\/887\/0029887725.jpg\" \/>\n<meta name=\"author\" content=\"istern\" \/>\n<meta name=\"twitter:card\" content=\"summary_large_image\" \/>\n<meta name=\"twitter:label1\" content=\"Escrito por\" \/>\n\t<meta name=\"twitter:data1\" content=\"istern\" \/>\n\t<meta name=\"twitter:label2\" content=\"Tiempo de lectura\" \/>\n\t<meta name=\"twitter:data2\" content=\"4 minutos\" \/>\n<script type=\"application\/ld+json\" class=\"yoast-schema-graph\">{\"@context\":\"https:\/\/schema.org\",\"@graph\":[{\"@type\":\"WebPage\",\"@id\":\"https:\/\/fpsin.com\/index.php\/2021\/06\/09\/equipacion-de-portero-atletico-de-madrid\/\",\"url\":\"https:\/\/fpsin.com\/index.php\/2021\/06\/09\/equipacion-de-portero-atletico-de-madrid\/\",\"name\":\"equipacion de portero atletico de madrid - Camiseta de f\u00fatbol Atletico de Madrid 2024 2025 - SuperVigo\",\"isPartOf\":{\"@id\":\"https:\/\/fpsin.com\/#website\"},\"primaryImageOfPage\":{\"@id\":\"https:\/\/fpsin.com\/index.php\/2021\/06\/09\/equipacion-de-portero-atletico-de-madrid\/#primaryimage\"},\"image\":{\"@id\":\"https:\/\/fpsin.com\/index.php\/2021\/06\/09\/equipacion-de-portero-atletico-de-madrid\/#primaryimage\"},\"thumbnailUrl\":\"https:\/\/media.ambito.com\/adjuntos\/239\/imagenes\/029\/887\/0029887725.jpg\",\"datePublished\":\"2021-06-09T05:56:19+00:00\",\"author\":{\"@id\":\"https:\/\/fpsin.com\/#\/schema\/person\/5ff6c0f8eeacd83e877f7ff3643206c1\"},\"breadcrumb\":{\"@id\":\"https:\/\/fpsin.com\/index.php\/2021\/06\/09\/equipacion-de-portero-atletico-de-madrid\/#breadcrumb\"},\"inLanguage\":\"es\",\"potentialAction\":[{\"@type\":\"ReadAction\",\"target\":[\"https:\/\/fpsin.com\/index.php\/2021\/06\/09\/equipacion-de-portero-atletico-de-madrid\/\"]}]},{\"@type\":\"ImageObject\",\"inLanguage\":\"es\",\"@id\":\"https:\/\/fpsin.com\/index.php\/2021\/06\/09\/equipacion-de-portero-atletico-de-madrid\/#primaryimage\",\"url\":\"https:\/\/media.ambito.com\/adjuntos\/239\/imagenes\/029\/887\/0029887725.jpg\",\"contentUrl\":\"https:\/\/media.ambito.com\/adjuntos\/239\/imagenes\/029\/887\/0029887725.jpg\"},{\"@type\":\"BreadcrumbList\",\"@id\":\"https:\/\/fpsin.com\/index.php\/2021\/06\/09\/equipacion-de-portero-atletico-de-madrid\/#breadcrumb\",\"itemListElement\":[{\"@type\":\"ListItem\",\"position\":1,\"name\":\"Portada\",\"item\":\"https:\/\/fpsin.com\/\"},{\"@type\":\"ListItem\",\"position\":2,\"name\":\"equipacion de portero atletico de madrid\"}]},{\"@type\":\"WebSite\",\"@id\":\"https:\/\/fpsin.com\/#website\",\"url\":\"https:\/\/fpsin.com\/\",\"name\":\"Camiseta de f\u00fatbol Atletico de Madrid 2024 2025 - SuperVigo\",\"description\":\"Camiseta de Atl\u00e9tico de Madrid - Ofrecemos camiseta del Atl\u00e9tico de Madrid 2024 2025 para adultos y ni\u00f1os. Env\u00edo gratis desde 69\u20ac y personalizar Gratis.\",\"potentialAction\":[{\"@type\":\"SearchAction\",\"target\":{\"@type\":\"EntryPoint\",\"urlTemplate\":\"https:\/\/fpsin.com\/?s={search_term_string}\"},\"query-input\":{\"@type\":\"PropertyValueSpecification\",\"valueRequired\":true,\"valueName\":\"search_term_string\"}}],\"inLanguage\":\"es\"},{\"@type\":\"Person\",\"@id\":\"https:\/\/fpsin.com\/#\/schema\/person\/5ff6c0f8eeacd83e877f7ff3643206c1\",\"name\":\"istern\",\"image\":{\"@type\":\"ImageObject\",\"inLanguage\":\"es\",\"@id\":\"https:\/\/fpsin.com\/#\/schema\/person\/image\/\",\"url\":\"https:\/\/secure.gravatar.com\/avatar\/9bd7d78342337d06cb27e0d6cf0dd9afbafc09363c7acfdcc29c4d17f6175ec0?s=96&d=mm&r=g\",\"contentUrl\":\"https:\/\/secure.gravatar.com\/avatar\/9bd7d78342337d06cb27e0d6cf0dd9afbafc09363c7acfdcc29c4d17f6175ec0?s=96&d=mm&r=g\",\"caption\":\"istern\"},\"sameAs\":[\"https:\/\/fpsin.com\"],\"url\":\"https:\/\/fpsin.com\/index.php\/author\/Quetzalxochitl\/\"}]}<\/script>\n<!-- \/ Yoast SEO plugin. -->","yoast_head_json":{"title":"equipacion de portero atletico de madrid - Camiseta de f\u00fatbol Atletico de Madrid 2024 2025 - SuperVigo","robots":{"index":"index","follow":"follow","max-snippet":"max-snippet:-1","max-image-preview":"max-image-preview:large","max-video-preview":"max-video-preview:-1"},"canonical":"https:\/\/fpsin.com\/index.php\/2021\/06\/09\/equipacion-de-portero-atletico-de-madrid\/","og_locale":"es_ES","og_type":"article","og_title":"equipacion de portero atletico de madrid - Camiseta de f\u00fatbol Atletico de Madrid 2024 2025 - SuperVigo","og_description":"Gimn\u00e1stica, ambos partidos disputados en el campo de Ciudad Lineal. El Deportivo de La Coru\u00f1a estrena proveedor: la italiana Macron, que ha creado unos dise\u00f1os bastante limpios, inspirados en el car\u00e1cter marinero de la ciudad gallega. Otras fuentes apuntan al domingo 17 de octubre de 1920, fecha en la que el Sportiva F.C. A fecha [&hellip;]","og_url":"https:\/\/fpsin.com\/index.php\/2021\/06\/09\/equipacion-de-portero-atletico-de-madrid\/","og_site_name":"Camiseta de f\u00fatbol Atletico de Madrid 2024 2025 - SuperVigo","article_published_time":"2021-06-09T05:56:19+00:00","og_image":[{"url":"https:\/\/media.ambito.com\/adjuntos\/239\/imagenes\/029\/887\/0029887725.jpg","type":"","width":"","height":""}],"author":"istern","twitter_card":"summary_large_image","twitter_misc":{"Escrito por":"istern","Tiempo de lectura":"4 minutos"},"schema":{"@context":"https:\/\/schema.org","@graph":[{"@type":"WebPage","@id":"https:\/\/fpsin.com\/index.php\/2021\/06\/09\/equipacion-de-portero-atletico-de-madrid\/","url":"https:\/\/fpsin.com\/index.php\/2021\/06\/09\/equipacion-de-portero-atletico-de-madrid\/","name":"equipacion de portero atletico de madrid - Camiseta de f\u00fatbol Atletico de Madrid 2024 2025 - SuperVigo","isPartOf":{"@id":"https:\/\/fpsin.com\/#website"},"primaryImageOfPage":{"@id":"https:\/\/fpsin.com\/index.php\/2021\/06\/09\/equipacion-de-portero-atletico-de-madrid\/#primaryimage"},"image":{"@id":"https:\/\/fpsin.com\/index.php\/2021\/06\/09\/equipacion-de-portero-atletico-de-madrid\/#primaryimage"},"thumbnailUrl":"https:\/\/media.ambito.com\/adjuntos\/239\/imagenes\/029\/887\/0029887725.jpg","datePublished":"2021-06-09T05:56:19+00:00","author":{"@id":"https:\/\/fpsin.com\/#\/schema\/person\/5ff6c0f8eeacd83e877f7ff3643206c1"},"breadcrumb":{"@id":"https:\/\/fpsin.com\/index.php\/2021\/06\/09\/equipacion-de-portero-atletico-de-madrid\/#breadcrumb"},"inLanguage":"es","potentialAction":[{"@type":"ReadAction","target":["https:\/\/fpsin.com\/index.php\/2021\/06\/09\/equipacion-de-portero-atletico-de-madrid\/"]}]},{"@type":"ImageObject","inLanguage":"es","@id":"https:\/\/fpsin.com\/index.php\/2021\/06\/09\/equipacion-de-portero-atletico-de-madrid\/#primaryimage","url":"https:\/\/media.ambito.com\/adjuntos\/239\/imagenes\/029\/887\/0029887725.jpg","contentUrl":"https:\/\/media.ambito.com\/adjuntos\/239\/imagenes\/029\/887\/0029887725.jpg"},{"@type":"BreadcrumbList","@id":"https:\/\/fpsin.com\/index.php\/2021\/06\/09\/equipacion-de-portero-atletico-de-madrid\/#breadcrumb","itemListElement":[{"@type":"ListItem","position":1,"name":"Portada","item":"https:\/\/fpsin.com\/"},{"@type":"ListItem","position":2,"name":"equipacion de portero atletico de madrid"}]},{"@type":"WebSite","@id":"https:\/\/fpsin.com\/#website","url":"https:\/\/fpsin.com\/","name":"Camiseta de f\u00fatbol Atletico de Madrid 2024 2025 - SuperVigo","description":"Camiseta de Atl\u00e9tico de Madrid - Ofrecemos camiseta del Atl\u00e9tico de Madrid 2024 2025 para adultos y ni\u00f1os. Env\u00edo gratis desde 69\u20ac y personalizar Gratis.","potentialAction":[{"@type":"SearchAction","target":{"@type":"EntryPoint","urlTemplate":"https:\/\/fpsin.com\/?s={search_term_string}"},"query-input":{"@type":"PropertyValueSpecification","valueRequired":true,"valueName":"search_term_string"}}],"inLanguage":"es"},{"@type":"Person","@id":"https:\/\/fpsin.com\/#\/schema\/person\/5ff6c0f8eeacd83e877f7ff3643206c1","name":"istern","image":{"@type":"ImageObject","inLanguage":"es","@id":"https:\/\/fpsin.com\/#\/schema\/person\/image\/","url":"https:\/\/secure.gravatar.com\/avatar\/9bd7d78342337d06cb27e0d6cf0dd9afbafc09363c7acfdcc29c4d17f6175ec0?s=96&d=mm&r=g","contentUrl":"https:\/\/secure.gravatar.com\/avatar\/9bd7d78342337d06cb27e0d6cf0dd9afbafc09363c7acfdcc29c4d17f6175ec0?s=96&d=mm&r=g","caption":"istern"},"sameAs":["https:\/\/fpsin.com"],"url":"https:\/\/fpsin.com\/index.php\/author\/Quetzalxochitl\/"}]}},"_links":{"self":[{"href":"https:\/\/fpsin.com\/index.php\/wp-json\/wp\/v2\/posts\/361","targetHints":{"allow":["GET"]}}],"collection":[{"href":"https:\/\/fpsin.com\/index.php\/wp-json\/wp\/v2\/posts"}],"about":[{"href":"https:\/\/fpsin.com\/index.php\/wp-json\/wp\/v2\/types\/post"}],"author":[{"embeddable":true,"href":"https:\/\/fpsin.com\/index.php\/wp-json\/wp\/v2\/users\/1"}],"replies":[{"embeddable":true,"href":"https:\/\/fpsin.com\/index.php\/wp-json\/wp\/v2\/comments?post=361"}],"version-history":[{"count":1,"href":"https:\/\/fpsin.com\/index.php\/wp-json\/wp\/v2\/posts\/361\/revisions"}],"predecessor-version":[{"id":362,"href":"https:\/\/fpsin.com\/index.php\/wp-json\/wp\/v2\/posts\/361\/revisions\/362"}],"wp:attachment":[{"href":"https:\/\/fpsin.com\/index.php\/wp-json\/wp\/v2\/media?parent=361"}],"wp:term":[{"taxonomy":"category","embeddable":true,"href":"https:\/\/fpsin.com\/index.php\/wp-json\/wp\/v2\/categories?post=361"},{"taxonomy":"post_tag","embeddable":true,"href":"https:\/\/fpsin.com\/index.php\/wp-json\/wp\/v2\/tags?post=361"}],"curies":[{"name":"wp","href":"https:\/\/api.w.org\/{rel}","templated":true}]}}