{"id":3841,"date":"2021-09-15T04:40:54","date_gmt":"2021-09-15T03:40:54","guid":{"rendered":"http:\/\/fpsin.com\/?p=3841"},"modified":"2021-09-15T04:40:54","modified_gmt":"2021-09-15T03:40:54","slug":"camiseta-francia-segunda-equipacion","status":"publish","type":"post","link":"https:\/\/fpsin.com\/index.php\/2021\/09\/15\/camiseta-francia-segunda-equipacion\/","title":{"rendered":"camiseta francia segunda equipacion"},"content":{"rendered":"<p> La Diada de 2013 ya ven\u00eda caldeada por la manifestaci\u00f3n que se celebr\u00f3 el pasado 11 de septiembre en Barcelona y en la que el presidente de la Generalitat, Artur Mas, ha basado su desaf\u00edo soberanista durante todo este a\u00f1o. \u201d. Afirma tambi\u00e9n que Luis Fern\u00e1ndez le perjudic\u00f3 mucho cuando declar\u00f3 que \u201cNo vale la pena que Lizarazu reivindique su apego al Pa\u00eds Vasco si es para irse un a\u00f1o m\u00e1s tarde por la puerta de atr\u00e1s\u201d. Durante 1986-87, Stefan Kovacs tomar\u00eda el mando, pasando por la instituci\u00f3n sin pena ni gloria. El portugu\u00e9s fue uno de los art\u00edfices para que el equipo conquistase la Liga 2000-01 junto a Ra\u00fal, \u00abpichichi\u00bb del campeonato con 24 goles. En 2014 s\u00f3lo disput\u00f3 un encuentro, cuando la selecci\u00f3n ya estaba eliminada, ante Australia, <a href=\"https:\/\/colormadrid.com\/\">equipaciones de futbol baratas<\/a> dando la asistencia de uno de los goles. Han pasado los a\u00f1os y ahora es Adidas la que viste a la selecci\u00f3n de M\u00e9xico. En los a\u00f1os 1840 Gran Breta\u00f1a tuvo un gran desarrollo de su red ferroviaria que permiti\u00f3 a las personas trasladarse a mayores distancias. Francia. Desde los a\u00f1os 1990, su principales adversarios son el Par\u00eds Saint-Germain Football Club, con quien se enfrenta en le Classique, y el Olympique Lyonnais con quien disputa el choc des Olympiques.<\/p>\n<p> Algunos vecinos son parte culpable de su triunfo. Los dise\u00f1os \u2018pajareros\u2019 son muy africanos y creo que casan perfectamente con la filosof\u00eda de las selecciones del continente negro. Su m\u00e1ximo rival es LOSC, con quien disputa el Derbi del Norte. Toca derbi a estrenar en el Metropolitano. \u2191 \u00abNueva York ser\u00e1 sede del sorteo de la Copa Am\u00e9rica Centenario 2016 el 21 de febrero\u00bb. La construcci\u00f3n del Estadio Centenario para el Mundial de 1930 motiv\u00f3 que Nacional pasara a jugar sus partidos de local en ese escenario. Los asistentes eran desde ni\u00f1os de brazos hasta ancianos, algunos de los cuales llegaron hasta la zona m\u00e1s cercana al escenario a la que pod\u00edan acceder. Yo dec\u00eda: \u00abAlberto, <A HREF=\"https:\/\/colormadrid.com\/es_ES\/taxons\/francia-es-042\" >equipacion francia 2021<\/A> hasta que no te tomes el bocadillo no coges la bici. Posiblemente, hasta hay quienes digan que gastamos muchos recursos, al buscar el protector bucal o las zapatillas adecuadas, sin mencionar los tiempos de entrenamiento. Pasaremos hasta la prisi\u00f3n!<\/p>\n<p> En este momento del \u00abproc\u00e9s\u00bb, con sus l\u00edderes en prisi\u00f3n o fugados, poca ilusi\u00f3n queda ya a los soberanistas, aunque los cientos de manifestantes que se concentraron en Lledoners intentaban dejar claro que no es que est\u00e9n \u00abtristes sino enfadados\u00bb. Los primeros en llegar montaron sus tenderetes ante la puerta de la prisi\u00f3n pero el plan del \u00abpresident\u00bb Quim Torra, de visitar a los presos antes de la concentraci\u00f3n independentista, oblig\u00f3 a desalojarlos de la puerta por razones de seguridad. Esto enorgulleci\u00f3 al presidente que aplaudi\u00f3 ufano las intenciones del jugador. Camisetas amarillas con trazos verdes talla M. Iban Mayo estaba m\u00e1s delgado que nunca, 59-60 kilos en la b\u00e1scula, en mejor forma que nunca. Y pidi\u00f3 expresamente la talla S. Para eso es la sensaci\u00f3n en Francia. Y les dio m\u00e1s de un dolor de cabeza porque a \u00e9l, que fue l\u00edder de la carrera previa al Tour y gan\u00f3 dos etapas, le ajustaba mejor la talla S. Iban Mayo no es t\u00edmido. En esa obra, de los colombianos Luis Carlos Cifuentes y Emerson C\u00e1ceres, conocido como &#8216;Cacerolo&#8217;, tambi\u00e9n aparece Juli\u00e1n G\u00f3mez, un ni\u00f1o cuya foto llorando cuando Egan gan\u00f3 el Tour se ha hecho viral. Y como los supervivientes, mide sus heridas como trofeos.<\/p>\n<div style=\"clear:both; text-align:center\"><iframe loading=\"lazy\" width=\"640\" height=\"360\" src=\"https:\/\/www.youtube.com\/embed\/EtnUyDzUb7o?showinfo=0\" frameborder=\"0\" allowfullscreen title=\"7 months ago (c) by N\/A\"><\/iframe><\/div>\n<p> Como la galopada contra Argentina en la que vimos la reencarnaci\u00f3n del mejor Ronaldo Nazario. La est\u00e9tica parec\u00eda la de una etapa de alta monta\u00f1a del Tour de Francia pero los propios participantes quer\u00edan desmentirlo. Todos los equipos participantes viv\u00edan a la sombra de los magiares, en lo que parec\u00eda un torneo para luchar por la segunda plaza. Alemania, las estrellas magiares, Puskas, Czcibor y Kocsis, trasnocharon. Jugaron: Alemania, Hungr\u00eda, Austria, Uruguay, Brasil, Inglaterra, Yugoslavia, Suiza, Turqu\u00eda, Italia, Francia, B\u00e9lgica, M\u00e9xico, Checoslovaquia, Escocia y Corea del Sur. Otra de las camisetas que ha levantado pol\u00e9mica es la que se rumorea puede ser la tercera del Real Madrid. En Galdakano, un grupo de personas pr\u00f3ximas a Iniciativa Internacionalista (II) han tenido que ser desalojadas de un colegio en el que hab\u00edan entrado con camisetas amarillas, y en Zumarraga, donde las puertas de una ikastola han aparecido obstruidas. Francisco llevaba una de las miles de camisetas amarillas que llenaron la plaza emulando el maillot del primero en la general del Tour. All\u00ed, el ganador de la ronda gala, que lleg\u00f3 a Colombia en la noche del lunes pasado, recibir\u00e1 un homenaje por su gesta, que lo convirti\u00f3 en el primer escarabajo y latinoamericano en enfundarse el maillot amarillo en Par\u00eds.<\/p>\n","protected":false},"excerpt":{"rendered":"<p>La Diada de 2013 ya ven\u00eda caldeada por la manifestaci\u00f3n que se celebr\u00f3 el pasado 11 de septiembre en Barcelona y en la que el presidente de la Generalitat, Artur Mas, ha basado su desaf\u00edo soberanista durante todo este a\u00f1o. \u201d. Afirma tambi\u00e9n que Luis Fern\u00e1ndez le perjudic\u00f3 mucho cuando declar\u00f3 que \u201cNo vale la [&hellip;]<\/p>\n","protected":false},"author":1,"featured_media":0,"comment_status":"open","ping_status":"open","sticky":false,"template":"","format":"standard","meta":{"footnotes":""},"categories":[1],"tags":[1883,1929,1895],"class_list":["post-3841","post","type-post","status-publish","format-standard","hentry","category-uncategorized","tag-camiseta-francia-2005","tag-camiseta-rugby-francia-nueva","tag-camisetas-del-tour-de-francia-2017"],"blocksy_meta":[],"yoast_head":"<!-- This site is optimized with the Yoast SEO plugin v25.8 - https:\/\/yoast.com\/wordpress\/plugins\/seo\/ -->\n<title>camiseta francia segunda equipacion - Camiseta de f\u00fatbol Atletico de Madrid 2024 2025 - SuperVigo<\/title>\n<meta name=\"robots\" content=\"index, follow, max-snippet:-1, max-image-preview:large, max-video-preview:-1\" \/>\n<link rel=\"canonical\" href=\"https:\/\/fpsin.com\/index.php\/2021\/09\/15\/camiseta-francia-segunda-equipacion\/\" \/>\n<meta property=\"og:locale\" content=\"es_ES\" \/>\n<meta property=\"og:type\" content=\"article\" \/>\n<meta property=\"og:title\" content=\"camiseta francia segunda equipacion - Camiseta de f\u00fatbol Atletico de Madrid 2024 2025 - SuperVigo\" \/>\n<meta property=\"og:description\" content=\"La Diada de 2013 ya ven\u00eda caldeada por la manifestaci\u00f3n que se celebr\u00f3 el pasado 11 de septiembre en Barcelona y en la que el presidente de la Generalitat, Artur Mas, ha basado su desaf\u00edo soberanista durante todo este a\u00f1o. \u201d. Afirma tambi\u00e9n que Luis Fern\u00e1ndez le perjudic\u00f3 mucho cuando declar\u00f3 que \u201cNo vale la [&hellip;]\" \/>\n<meta property=\"og:url\" content=\"https:\/\/fpsin.com\/index.php\/2021\/09\/15\/camiseta-francia-segunda-equipacion\/\" \/>\n<meta property=\"og:site_name\" content=\"Camiseta de f\u00fatbol Atletico de Madrid 2024 2025 - SuperVigo\" \/>\n<meta property=\"article:published_time\" content=\"2021-09-15T03:40:54+00:00\" \/>\n<meta name=\"author\" content=\"istern\" \/>\n<meta name=\"twitter:card\" content=\"summary_large_image\" \/>\n<meta name=\"twitter:label1\" content=\"Escrito por\" \/>\n\t<meta name=\"twitter:data1\" content=\"istern\" \/>\n\t<meta name=\"twitter:label2\" content=\"Tiempo de lectura\" \/>\n\t<meta name=\"twitter:data2\" content=\"4 minutos\" \/>\n<script type=\"application\/ld+json\" class=\"yoast-schema-graph\">{\"@context\":\"https:\/\/schema.org\",\"@graph\":[{\"@type\":\"WebPage\",\"@id\":\"https:\/\/fpsin.com\/index.php\/2021\/09\/15\/camiseta-francia-segunda-equipacion\/\",\"url\":\"https:\/\/fpsin.com\/index.php\/2021\/09\/15\/camiseta-francia-segunda-equipacion\/\",\"name\":\"camiseta francia segunda equipacion - Camiseta de f\u00fatbol Atletico de Madrid 2024 2025 - SuperVigo\",\"isPartOf\":{\"@id\":\"https:\/\/fpsin.com\/#website\"},\"datePublished\":\"2021-09-15T03:40:54+00:00\",\"author\":{\"@id\":\"https:\/\/fpsin.com\/#\/schema\/person\/5ff6c0f8eeacd83e877f7ff3643206c1\"},\"breadcrumb\":{\"@id\":\"https:\/\/fpsin.com\/index.php\/2021\/09\/15\/camiseta-francia-segunda-equipacion\/#breadcrumb\"},\"inLanguage\":\"es\",\"potentialAction\":[{\"@type\":\"ReadAction\",\"target\":[\"https:\/\/fpsin.com\/index.php\/2021\/09\/15\/camiseta-francia-segunda-equipacion\/\"]}]},{\"@type\":\"BreadcrumbList\",\"@id\":\"https:\/\/fpsin.com\/index.php\/2021\/09\/15\/camiseta-francia-segunda-equipacion\/#breadcrumb\",\"itemListElement\":[{\"@type\":\"ListItem\",\"position\":1,\"name\":\"Portada\",\"item\":\"https:\/\/fpsin.com\/\"},{\"@type\":\"ListItem\",\"position\":2,\"name\":\"camiseta francia segunda equipacion\"}]},{\"@type\":\"WebSite\",\"@id\":\"https:\/\/fpsin.com\/#website\",\"url\":\"https:\/\/fpsin.com\/\",\"name\":\"Camiseta de f\u00fatbol Atletico de Madrid 2024 2025 - SuperVigo\",\"description\":\"Camiseta de Atl\u00e9tico de Madrid - Ofrecemos camiseta del Atl\u00e9tico de Madrid 2024 2025 para adultos y ni\u00f1os. Env\u00edo gratis desde 69\u20ac y personalizar Gratis.\",\"potentialAction\":[{\"@type\":\"SearchAction\",\"target\":{\"@type\":\"EntryPoint\",\"urlTemplate\":\"https:\/\/fpsin.com\/?s={search_term_string}\"},\"query-input\":{\"@type\":\"PropertyValueSpecification\",\"valueRequired\":true,\"valueName\":\"search_term_string\"}}],\"inLanguage\":\"es\"},{\"@type\":\"Person\",\"@id\":\"https:\/\/fpsin.com\/#\/schema\/person\/5ff6c0f8eeacd83e877f7ff3643206c1\",\"name\":\"istern\",\"image\":{\"@type\":\"ImageObject\",\"inLanguage\":\"es\",\"@id\":\"https:\/\/fpsin.com\/#\/schema\/person\/image\/\",\"url\":\"https:\/\/secure.gravatar.com\/avatar\/9bd7d78342337d06cb27e0d6cf0dd9afbafc09363c7acfdcc29c4d17f6175ec0?s=96&d=mm&r=g\",\"contentUrl\":\"https:\/\/secure.gravatar.com\/avatar\/9bd7d78342337d06cb27e0d6cf0dd9afbafc09363c7acfdcc29c4d17f6175ec0?s=96&d=mm&r=g\",\"caption\":\"istern\"},\"sameAs\":[\"https:\/\/fpsin.com\"],\"url\":\"https:\/\/fpsin.com\/index.php\/author\/Quetzalxochitl\/\"}]}<\/script>\n<!-- \/ Yoast SEO plugin. -->","yoast_head_json":{"title":"camiseta francia segunda equipacion - Camiseta de f\u00fatbol Atletico de Madrid 2024 2025 - SuperVigo","robots":{"index":"index","follow":"follow","max-snippet":"max-snippet:-1","max-image-preview":"max-image-preview:large","max-video-preview":"max-video-preview:-1"},"canonical":"https:\/\/fpsin.com\/index.php\/2021\/09\/15\/camiseta-francia-segunda-equipacion\/","og_locale":"es_ES","og_type":"article","og_title":"camiseta francia segunda equipacion - Camiseta de f\u00fatbol Atletico de Madrid 2024 2025 - SuperVigo","og_description":"La Diada de 2013 ya ven\u00eda caldeada por la manifestaci\u00f3n que se celebr\u00f3 el pasado 11 de septiembre en Barcelona y en la que el presidente de la Generalitat, Artur Mas, ha basado su desaf\u00edo soberanista durante todo este a\u00f1o. \u201d. Afirma tambi\u00e9n que Luis Fern\u00e1ndez le perjudic\u00f3 mucho cuando declar\u00f3 que \u201cNo vale la [&hellip;]","og_url":"https:\/\/fpsin.com\/index.php\/2021\/09\/15\/camiseta-francia-segunda-equipacion\/","og_site_name":"Camiseta de f\u00fatbol Atletico de Madrid 2024 2025 - SuperVigo","article_published_time":"2021-09-15T03:40:54+00:00","author":"istern","twitter_card":"summary_large_image","twitter_misc":{"Escrito por":"istern","Tiempo de lectura":"4 minutos"},"schema":{"@context":"https:\/\/schema.org","@graph":[{"@type":"WebPage","@id":"https:\/\/fpsin.com\/index.php\/2021\/09\/15\/camiseta-francia-segunda-equipacion\/","url":"https:\/\/fpsin.com\/index.php\/2021\/09\/15\/camiseta-francia-segunda-equipacion\/","name":"camiseta francia segunda equipacion - Camiseta de f\u00fatbol Atletico de Madrid 2024 2025 - SuperVigo","isPartOf":{"@id":"https:\/\/fpsin.com\/#website"},"datePublished":"2021-09-15T03:40:54+00:00","author":{"@id":"https:\/\/fpsin.com\/#\/schema\/person\/5ff6c0f8eeacd83e877f7ff3643206c1"},"breadcrumb":{"@id":"https:\/\/fpsin.com\/index.php\/2021\/09\/15\/camiseta-francia-segunda-equipacion\/#breadcrumb"},"inLanguage":"es","potentialAction":[{"@type":"ReadAction","target":["https:\/\/fpsin.com\/index.php\/2021\/09\/15\/camiseta-francia-segunda-equipacion\/"]}]},{"@type":"BreadcrumbList","@id":"https:\/\/fpsin.com\/index.php\/2021\/09\/15\/camiseta-francia-segunda-equipacion\/#breadcrumb","itemListElement":[{"@type":"ListItem","position":1,"name":"Portada","item":"https:\/\/fpsin.com\/"},{"@type":"ListItem","position":2,"name":"camiseta francia segunda equipacion"}]},{"@type":"WebSite","@id":"https:\/\/fpsin.com\/#website","url":"https:\/\/fpsin.com\/","name":"Camiseta de f\u00fatbol Atletico de Madrid 2024 2025 - SuperVigo","description":"Camiseta de Atl\u00e9tico de Madrid - Ofrecemos camiseta del Atl\u00e9tico de Madrid 2024 2025 para adultos y ni\u00f1os. Env\u00edo gratis desde 69\u20ac y personalizar Gratis.","potentialAction":[{"@type":"SearchAction","target":{"@type":"EntryPoint","urlTemplate":"https:\/\/fpsin.com\/?s={search_term_string}"},"query-input":{"@type":"PropertyValueSpecification","valueRequired":true,"valueName":"search_term_string"}}],"inLanguage":"es"},{"@type":"Person","@id":"https:\/\/fpsin.com\/#\/schema\/person\/5ff6c0f8eeacd83e877f7ff3643206c1","name":"istern","image":{"@type":"ImageObject","inLanguage":"es","@id":"https:\/\/fpsin.com\/#\/schema\/person\/image\/","url":"https:\/\/secure.gravatar.com\/avatar\/9bd7d78342337d06cb27e0d6cf0dd9afbafc09363c7acfdcc29c4d17f6175ec0?s=96&d=mm&r=g","contentUrl":"https:\/\/secure.gravatar.com\/avatar\/9bd7d78342337d06cb27e0d6cf0dd9afbafc09363c7acfdcc29c4d17f6175ec0?s=96&d=mm&r=g","caption":"istern"},"sameAs":["https:\/\/fpsin.com"],"url":"https:\/\/fpsin.com\/index.php\/author\/Quetzalxochitl\/"}]}},"_links":{"self":[{"href":"https:\/\/fpsin.com\/index.php\/wp-json\/wp\/v2\/posts\/3841","targetHints":{"allow":["GET"]}}],"collection":[{"href":"https:\/\/fpsin.com\/index.php\/wp-json\/wp\/v2\/posts"}],"about":[{"href":"https:\/\/fpsin.com\/index.php\/wp-json\/wp\/v2\/types\/post"}],"author":[{"embeddable":true,"href":"https:\/\/fpsin.com\/index.php\/wp-json\/wp\/v2\/users\/1"}],"replies":[{"embeddable":true,"href":"https:\/\/fpsin.com\/index.php\/wp-json\/wp\/v2\/comments?post=3841"}],"version-history":[{"count":1,"href":"https:\/\/fpsin.com\/index.php\/wp-json\/wp\/v2\/posts\/3841\/revisions"}],"predecessor-version":[{"id":3842,"href":"https:\/\/fpsin.com\/index.php\/wp-json\/wp\/v2\/posts\/3841\/revisions\/3842"}],"wp:attachment":[{"href":"https:\/\/fpsin.com\/index.php\/wp-json\/wp\/v2\/media?parent=3841"}],"wp:term":[{"taxonomy":"category","embeddable":true,"href":"https:\/\/fpsin.com\/index.php\/wp-json\/wp\/v2\/categories?post=3841"},{"taxonomy":"post_tag","embeddable":true,"href":"https:\/\/fpsin.com\/index.php\/wp-json\/wp\/v2\/tags?post=3841"}],"curies":[{"name":"wp","href":"https:\/\/api.w.org\/{rel}","templated":true}]}}