{"id":3850,"date":"2021-09-15T04:41:38","date_gmt":"2021-09-15T03:41:38","guid":{"rendered":"http:\/\/fpsin.com\/?p=3850"},"modified":"2021-09-15T04:41:38","modified_gmt":"2021-09-15T03:41:38","slug":"camiseta-football-francia","status":"publish","type":"post","link":"https:\/\/fpsin.com\/index.php\/2021\/09\/15\/camiseta-football-francia\/","title":{"rendered":"camiseta football francia"},"content":{"rendered":"<p> Dave Gallaher, de origen irland\u00e9s (su familia emigr\u00f3 a Nueva Zelanda siendo \u00e9l un ni\u00f1o), muri\u00f3 en combate durante la Primera Guerra Mundial en la batalla de Passchendaele, en B\u00e9lgica. Como novedad en la VI edici\u00f3n del campeonato, se ampli\u00f3 el n\u00famero de equipos que participar\u00edan en la fase final desde los 4 que acced\u00edan anteriormente a 8 divididos en dos grupos, a semejanza del formato del Mundial. Se cumplen 25 a\u00f1os del descubrimiento de la tumba del Se\u00f1or de Sip\u00e1n, el tesoro m\u00e1s fastuoso del continente. Cada d\u00eda trabajo para seguir mejorando a pesar de ir cumpliendo a\u00f1os. A pesar del intenso sol todos resisten en la Plaza de Callao. En esta equipaci\u00f3n destaca que el escudo del equipo blanco es totalmente monocromo, un detalle que suele tener bastantes detractores. SIEMPRE me ha parecido divertido que Catalunya tenga una obsesi\u00f3n con tintes entre imperialistas y nost\u00e1lgicos por intervenir en los temas del Sur de Francia.<\/p>\n<p> Los backs, zagueros o defensores, <a href=\"https:\/\/colormadrid.com\/es_ES\/taxons\/francia-es-042\">camiseta de francia 2022<\/a> son siete jugadores que se ubican en la zona posterior del equipo. Otras ciudades en los que podr\u00eda hacer de local son Vaduz y Bellinzona. \u00abHe venido a Indonesia porque aqu\u00ed los musulmanes son mayor\u00eda, y yo lo soy\u00bb, dijo en su presentaci\u00f3n. En enero de 2018 fich\u00f3 por el Borneo, de la liga de Indonesia. Corr\u00eda el mes de enero del a\u00f1o 2009 cuando Julien Faubert aterrizaba en la capital de Espa\u00f1a. Llegaba procedente del West Ham y poca gente hab\u00eda o\u00eddo hablar de \u00e9l hasta entonces. Hasta media docena de camisetas distintas ha llegado a defender en este tiempo. \u00abNo tenemos palabras para expresar lo que sentimos en este momento. Jug\u00f3 en el pa\u00eds n\u00f3rdico durante doce meses, antes de irse a vivir su \u00faltima experiencia hasta el momento. Ya en el escenario lleg\u00f3 el momento de las palabras. El legendario ala es el poseedor, junto al sudafricano Bryan Habana, del r\u00e9cord de ensayos en las Copas del Mundo, con quince.<\/p>\n<p> \u00abSois muy grandes, sin vuestros mensajes no estar\u00edamos aqu\u00ed\u00bb, dijo y as\u00ed se gan\u00f3 su tercera gran ovaci\u00f3n del d\u00eda. \u00abAnte Francia nos han llegado muchos mensajes de apoyo y nos hab\u00e9is puesto la piel de gallina\u00bb, a\u00f1adi\u00f3. \u00abLo que hicimos ante Francia no es suficiente. Una imagen calcada de la que se vio en Francia despu\u00e9s de la final ante Lituania. Al final de un falso llano con varios kil\u00f3metros de ascenso, el esprint de Privas congregar\u00e1 a los mejores especialistas de la disciplina. Vamos a poner los pies en el suelo, porque estamos muy cerca de la final del Eurobasket y eso me interesa mucho m\u00e1s que la posible final ol\u00edmpica. \u2191 \u00abReporte del partido Argentina vs Panam\u00e1\u00bb. Se nota la presencia de Ren\u00e9 Houseman, que ha relevado a Oscar Alberto Ortiz, y justo a la mitad del a\u00f1adido, Kempes remata una jugada confusa y adelanta de nuevo a Argentina.<\/p>\n<div style=\"clear:both; text-align:center\"><iframe loading=\"lazy\" width=\"640\" height=\"360\" src=\"https:\/\/www.youtube.com\/embed\/q0EUA_-4S5Y\" frameborder=\"0\" allowfullscreen title=\"Pogba y Griezmann:\"><\/iframe><\/div>\n<p> Uno a uno, algunos m\u00e1s c\u00f3modos que otros, fueron ocupando el centro del escenario. El calor no asust\u00f3 a los muchos espa\u00f1oles que se dieron cita en el centro madrile\u00f1o para recibir a los nuevos campeones de Europa. Adem\u00e1s, con su gol ante el Depor (0-1) en la \u00faltima jornada, permiti\u00f3 lograr el objetivo de finalizar en cuarta posici\u00f3n y poder as\u00ed disputar la siguiente edici\u00f3n de la Liga de Campeones. A Estados Unidos ya le hemos ganado, y en su casa adem\u00e1s, en el Mundial de Indian\u00e1polis en 2002 (afirma con cierta socarroner\u00eda). Adem\u00e1s, la polic\u00eda francesa registr\u00f3 su domicilio en Francia en junio de 2017 investigando otro fraude fiscal relacionado con sus derechos de imagen. En el primer encuentro, disputado el 12 de junio en el Stade V\u00e9lodrome de Marsella, vencieron por 3-0 a los africanos. La siesta m\u00e1s famosa de la Liga fue la que \u00e9l se dio en el banquillo del Villarreal.<\/p>\n<p> Como jugador del Real Madrid solo lleg\u00f3 a disputar 54 minutos, algo que \u00e9l achac\u00f3 a su relaci\u00f3n con Juande Ramos. Al a\u00f1o siguiente se enfund\u00f3 la camiseta del Inter Turku finland\u00e9s. Otros han colgado la foto de La Gioconda pero con banderas de Italia y vestida con la camiseta azzurra. Italia se quedaba pues a las puertas tras un nuevo varapalo, y sin opciones de defender el t\u00edtulo de Italia 1968. Esta vez sin embargo tardar\u00eda menos en recuperarse. Tras conocerse la ausencia de LeBron en las pr\u00f3ximas citas internacionales de EE.UU., todos los ojos se han fijado en Durant como nuevo l\u00edder. Tres meses despu\u00e9s fue sorprendentemente contratado por la Federaci\u00f3n de B\u00e9lgica para sustituir a Marc Wilmots como nuevo seleccionador. Con dos Mundiales, tres t\u00edtulos de mejor jugador del mundo y 112 convocatorias con los &#8216;All Blacks&#8217;, Dan Carter, apodado &#8216;The Perfect 10&#8217;, <a href = \"https:\/\/colormadrid.com\/es_ES\/taxons\/francia-es-042\" >camiseta francia 2022<\/a> es considerado como un monumento viviente del rugby mundial y del equipo neozeland\u00e9s. En mayo de 2003, el m\u00e9dico de los All Blacks anunci\u00f3 que el jugador recib\u00eda di\u00e1lisis tres veces por semana debido a sus problemas f\u00edsicos.<\/p>\n<p>Cuando le gust\u00f3 este art\u00edculo informativo y le gustar\u00eda recibir detalles sobre <a href=\"https:\/\/colormadrid.com\/es_ES\/taxons\/francia-es-042\">francia camiseta mundial<\/a> por favor visite nuestro sitio web.<\/p>\n","protected":false},"excerpt":{"rendered":"<p>Dave Gallaher, de origen irland\u00e9s (su familia emigr\u00f3 a Nueva Zelanda siendo \u00e9l un ni\u00f1o), muri\u00f3 en combate durante la Primera Guerra Mundial en la batalla de Passchendaele, en B\u00e9lgica. Como novedad en la VI edici\u00f3n del campeonato, se ampli\u00f3 el n\u00famero de equipos que participar\u00edan en la fase final desde los 4 que acced\u00edan [&hellip;]<\/p>\n","protected":false},"author":1,"featured_media":0,"comment_status":"open","ping_status":"open","sticky":false,"template":"","format":"standard","meta":{"footnotes":""},"categories":[1],"tags":[1936,1938,1937],"class_list":["post-3850","post","type-post","status-publish","format-standard","hentry","category-uncategorized","tag-camiseta-francia-falsa","tag-camiseta-zidane-francia-mundial-98","tag-camisetas-francia-2019-lloris"],"blocksy_meta":[],"yoast_head":"<!-- This site is optimized with the Yoast SEO plugin v25.8 - https:\/\/yoast.com\/wordpress\/plugins\/seo\/ -->\n<title>camiseta football francia - Camiseta de f\u00fatbol Atletico de Madrid 2024 2025 - SuperVigo<\/title>\n<meta name=\"robots\" content=\"index, follow, max-snippet:-1, max-image-preview:large, max-video-preview:-1\" \/>\n<link rel=\"canonical\" href=\"https:\/\/fpsin.com\/index.php\/2021\/09\/15\/camiseta-football-francia\/\" \/>\n<meta property=\"og:locale\" content=\"es_ES\" \/>\n<meta property=\"og:type\" content=\"article\" \/>\n<meta property=\"og:title\" content=\"camiseta football francia - Camiseta de f\u00fatbol Atletico de Madrid 2024 2025 - SuperVigo\" \/>\n<meta property=\"og:description\" content=\"Dave Gallaher, de origen irland\u00e9s (su familia emigr\u00f3 a Nueva Zelanda siendo \u00e9l un ni\u00f1o), muri\u00f3 en combate durante la Primera Guerra Mundial en la batalla de Passchendaele, en B\u00e9lgica. Como novedad en la VI edici\u00f3n del campeonato, se ampli\u00f3 el n\u00famero de equipos que participar\u00edan en la fase final desde los 4 que acced\u00edan [&hellip;]\" \/>\n<meta property=\"og:url\" content=\"https:\/\/fpsin.com\/index.php\/2021\/09\/15\/camiseta-football-francia\/\" \/>\n<meta property=\"og:site_name\" content=\"Camiseta de f\u00fatbol Atletico de Madrid 2024 2025 - SuperVigo\" \/>\n<meta property=\"article:published_time\" content=\"2021-09-15T03:41:38+00:00\" \/>\n<meta name=\"author\" content=\"istern\" \/>\n<meta name=\"twitter:card\" content=\"summary_large_image\" \/>\n<meta name=\"twitter:label1\" content=\"Escrito por\" \/>\n\t<meta name=\"twitter:data1\" content=\"istern\" \/>\n\t<meta name=\"twitter:label2\" content=\"Tiempo de lectura\" \/>\n\t<meta name=\"twitter:data2\" content=\"4 minutos\" \/>\n<script type=\"application\/ld+json\" class=\"yoast-schema-graph\">{\"@context\":\"https:\/\/schema.org\",\"@graph\":[{\"@type\":\"WebPage\",\"@id\":\"https:\/\/fpsin.com\/index.php\/2021\/09\/15\/camiseta-football-francia\/\",\"url\":\"https:\/\/fpsin.com\/index.php\/2021\/09\/15\/camiseta-football-francia\/\",\"name\":\"camiseta football francia - Camiseta de f\u00fatbol Atletico de Madrid 2024 2025 - SuperVigo\",\"isPartOf\":{\"@id\":\"https:\/\/fpsin.com\/#website\"},\"datePublished\":\"2021-09-15T03:41:38+00:00\",\"author\":{\"@id\":\"https:\/\/fpsin.com\/#\/schema\/person\/5ff6c0f8eeacd83e877f7ff3643206c1\"},\"breadcrumb\":{\"@id\":\"https:\/\/fpsin.com\/index.php\/2021\/09\/15\/camiseta-football-francia\/#breadcrumb\"},\"inLanguage\":\"es\",\"potentialAction\":[{\"@type\":\"ReadAction\",\"target\":[\"https:\/\/fpsin.com\/index.php\/2021\/09\/15\/camiseta-football-francia\/\"]}]},{\"@type\":\"BreadcrumbList\",\"@id\":\"https:\/\/fpsin.com\/index.php\/2021\/09\/15\/camiseta-football-francia\/#breadcrumb\",\"itemListElement\":[{\"@type\":\"ListItem\",\"position\":1,\"name\":\"Portada\",\"item\":\"https:\/\/fpsin.com\/\"},{\"@type\":\"ListItem\",\"position\":2,\"name\":\"camiseta football francia\"}]},{\"@type\":\"WebSite\",\"@id\":\"https:\/\/fpsin.com\/#website\",\"url\":\"https:\/\/fpsin.com\/\",\"name\":\"Camiseta de f\u00fatbol Atletico de Madrid 2024 2025 - SuperVigo\",\"description\":\"Camiseta de Atl\u00e9tico de Madrid - Ofrecemos camiseta del Atl\u00e9tico de Madrid 2024 2025 para adultos y ni\u00f1os. Env\u00edo gratis desde 69\u20ac y personalizar Gratis.\",\"potentialAction\":[{\"@type\":\"SearchAction\",\"target\":{\"@type\":\"EntryPoint\",\"urlTemplate\":\"https:\/\/fpsin.com\/?s={search_term_string}\"},\"query-input\":{\"@type\":\"PropertyValueSpecification\",\"valueRequired\":true,\"valueName\":\"search_term_string\"}}],\"inLanguage\":\"es\"},{\"@type\":\"Person\",\"@id\":\"https:\/\/fpsin.com\/#\/schema\/person\/5ff6c0f8eeacd83e877f7ff3643206c1\",\"name\":\"istern\",\"image\":{\"@type\":\"ImageObject\",\"inLanguage\":\"es\",\"@id\":\"https:\/\/fpsin.com\/#\/schema\/person\/image\/\",\"url\":\"https:\/\/secure.gravatar.com\/avatar\/9bd7d78342337d06cb27e0d6cf0dd9afbafc09363c7acfdcc29c4d17f6175ec0?s=96&d=mm&r=g\",\"contentUrl\":\"https:\/\/secure.gravatar.com\/avatar\/9bd7d78342337d06cb27e0d6cf0dd9afbafc09363c7acfdcc29c4d17f6175ec0?s=96&d=mm&r=g\",\"caption\":\"istern\"},\"sameAs\":[\"https:\/\/fpsin.com\"],\"url\":\"https:\/\/fpsin.com\/index.php\/author\/Quetzalxochitl\/\"}]}<\/script>\n<!-- \/ Yoast SEO plugin. -->","yoast_head_json":{"title":"camiseta football francia - Camiseta de f\u00fatbol Atletico de Madrid 2024 2025 - SuperVigo","robots":{"index":"index","follow":"follow","max-snippet":"max-snippet:-1","max-image-preview":"max-image-preview:large","max-video-preview":"max-video-preview:-1"},"canonical":"https:\/\/fpsin.com\/index.php\/2021\/09\/15\/camiseta-football-francia\/","og_locale":"es_ES","og_type":"article","og_title":"camiseta football francia - Camiseta de f\u00fatbol Atletico de Madrid 2024 2025 - SuperVigo","og_description":"Dave Gallaher, de origen irland\u00e9s (su familia emigr\u00f3 a Nueva Zelanda siendo \u00e9l un ni\u00f1o), muri\u00f3 en combate durante la Primera Guerra Mundial en la batalla de Passchendaele, en B\u00e9lgica. Como novedad en la VI edici\u00f3n del campeonato, se ampli\u00f3 el n\u00famero de equipos que participar\u00edan en la fase final desde los 4 que acced\u00edan [&hellip;]","og_url":"https:\/\/fpsin.com\/index.php\/2021\/09\/15\/camiseta-football-francia\/","og_site_name":"Camiseta de f\u00fatbol Atletico de Madrid 2024 2025 - SuperVigo","article_published_time":"2021-09-15T03:41:38+00:00","author":"istern","twitter_card":"summary_large_image","twitter_misc":{"Escrito por":"istern","Tiempo de lectura":"4 minutos"},"schema":{"@context":"https:\/\/schema.org","@graph":[{"@type":"WebPage","@id":"https:\/\/fpsin.com\/index.php\/2021\/09\/15\/camiseta-football-francia\/","url":"https:\/\/fpsin.com\/index.php\/2021\/09\/15\/camiseta-football-francia\/","name":"camiseta football francia - Camiseta de f\u00fatbol Atletico de Madrid 2024 2025 - SuperVigo","isPartOf":{"@id":"https:\/\/fpsin.com\/#website"},"datePublished":"2021-09-15T03:41:38+00:00","author":{"@id":"https:\/\/fpsin.com\/#\/schema\/person\/5ff6c0f8eeacd83e877f7ff3643206c1"},"breadcrumb":{"@id":"https:\/\/fpsin.com\/index.php\/2021\/09\/15\/camiseta-football-francia\/#breadcrumb"},"inLanguage":"es","potentialAction":[{"@type":"ReadAction","target":["https:\/\/fpsin.com\/index.php\/2021\/09\/15\/camiseta-football-francia\/"]}]},{"@type":"BreadcrumbList","@id":"https:\/\/fpsin.com\/index.php\/2021\/09\/15\/camiseta-football-francia\/#breadcrumb","itemListElement":[{"@type":"ListItem","position":1,"name":"Portada","item":"https:\/\/fpsin.com\/"},{"@type":"ListItem","position":2,"name":"camiseta football francia"}]},{"@type":"WebSite","@id":"https:\/\/fpsin.com\/#website","url":"https:\/\/fpsin.com\/","name":"Camiseta de f\u00fatbol Atletico de Madrid 2024 2025 - SuperVigo","description":"Camiseta de Atl\u00e9tico de Madrid - Ofrecemos camiseta del Atl\u00e9tico de Madrid 2024 2025 para adultos y ni\u00f1os. Env\u00edo gratis desde 69\u20ac y personalizar Gratis.","potentialAction":[{"@type":"SearchAction","target":{"@type":"EntryPoint","urlTemplate":"https:\/\/fpsin.com\/?s={search_term_string}"},"query-input":{"@type":"PropertyValueSpecification","valueRequired":true,"valueName":"search_term_string"}}],"inLanguage":"es"},{"@type":"Person","@id":"https:\/\/fpsin.com\/#\/schema\/person\/5ff6c0f8eeacd83e877f7ff3643206c1","name":"istern","image":{"@type":"ImageObject","inLanguage":"es","@id":"https:\/\/fpsin.com\/#\/schema\/person\/image\/","url":"https:\/\/secure.gravatar.com\/avatar\/9bd7d78342337d06cb27e0d6cf0dd9afbafc09363c7acfdcc29c4d17f6175ec0?s=96&d=mm&r=g","contentUrl":"https:\/\/secure.gravatar.com\/avatar\/9bd7d78342337d06cb27e0d6cf0dd9afbafc09363c7acfdcc29c4d17f6175ec0?s=96&d=mm&r=g","caption":"istern"},"sameAs":["https:\/\/fpsin.com"],"url":"https:\/\/fpsin.com\/index.php\/author\/Quetzalxochitl\/"}]}},"_links":{"self":[{"href":"https:\/\/fpsin.com\/index.php\/wp-json\/wp\/v2\/posts\/3850","targetHints":{"allow":["GET"]}}],"collection":[{"href":"https:\/\/fpsin.com\/index.php\/wp-json\/wp\/v2\/posts"}],"about":[{"href":"https:\/\/fpsin.com\/index.php\/wp-json\/wp\/v2\/types\/post"}],"author":[{"embeddable":true,"href":"https:\/\/fpsin.com\/index.php\/wp-json\/wp\/v2\/users\/1"}],"replies":[{"embeddable":true,"href":"https:\/\/fpsin.com\/index.php\/wp-json\/wp\/v2\/comments?post=3850"}],"version-history":[{"count":1,"href":"https:\/\/fpsin.com\/index.php\/wp-json\/wp\/v2\/posts\/3850\/revisions"}],"predecessor-version":[{"id":3851,"href":"https:\/\/fpsin.com\/index.php\/wp-json\/wp\/v2\/posts\/3850\/revisions\/3851"}],"wp:attachment":[{"href":"https:\/\/fpsin.com\/index.php\/wp-json\/wp\/v2\/media?parent=3850"}],"wp:term":[{"taxonomy":"category","embeddable":true,"href":"https:\/\/fpsin.com\/index.php\/wp-json\/wp\/v2\/categories?post=3850"},{"taxonomy":"post_tag","embeddable":true,"href":"https:\/\/fpsin.com\/index.php\/wp-json\/wp\/v2\/tags?post=3850"}],"curies":[{"name":"wp","href":"https:\/\/api.w.org\/{rel}","templated":true}]}}