{"id":3853,"date":"2021-09-15T04:41:59","date_gmt":"2021-09-15T03:41:59","guid":{"rendered":"http:\/\/fpsin.com\/?p=3853"},"modified":"2021-09-15T04:41:59","modified_gmt":"2021-09-15T03:41:59","slug":"camiseta-17-de-francia","status":"publish","type":"post","link":"https:\/\/fpsin.com\/index.php\/2021\/09\/15\/camiseta-17-de-francia\/","title":{"rendered":"camiseta 17 de francia"},"content":{"rendered":"<p> Como consecuencia de este resultado, y de las derrotas de Chile y Paraguay, <a  rel=\"nofollow\" href=\"https:\/\/colormadrid.com\/es_ES\/taxons\/francia-es-042\">camiseta de francia 2022<\/a> la selecci\u00f3n peruana qued\u00f3 ubicada en el 5\u00ba puesto de la tabla de posiciones por delante de Chile debido a una mayor diferencia de goles. Este logotipo ser\u00e1 utilizado por el Olympique de Lyon hasta 1996. El a\u00f1o 1996 marca una nueva evoluci\u00f3n en el dise\u00f1o del emblema del Olympique Lyonnais. La primera capa del Olympique Lyonnais se crea en 1950 con la fundaci\u00f3n del club. Hist\u00f3ricamente, el color de la camiseta en casa del Olympique Lyonnais es de color blanco. El club Lyon Olympique Universitaire (LOU) se form\u00f3 en 1899, de acuerdo con muchos partidarios y los historiadores del deporte, pero no se estableci\u00f3 a nivel nacional como un club profesional. Adem\u00e1s, fue el club m\u00e1s rico del pa\u00eds en la temporada 2008-09, en la que gener\u00f3 un flujo de ingresos anuales de 139,6 millones de euros de acuerdo a los contadores Deloitte. Lo nuevo es que haya marcado tanta tendencia en la moda que sea uno de los &#8216;imprescindibles&#8217; de la temporada. La firma que con fuerza las sac\u00f3 a la calle fue Eleven Par\u00eds, y no s\u00f3lo con ganas de crear tendencia sino con \u00e1nimo de ayudar, pues dona parte de sus ingresos a la causa.<\/p>\n<div style=\"clear:both; text-align:center\"><iframe width='640' height='360' src='https:\/\/www.youtube.com\/embed\/htnb9MmC_EU?showinfo=0&#038;rel=0&#038;iv_load_policy=3' frameborder='0' allowfullscreen title='TELEF'><\/iframe><\/div>\n<p> Dos bordes en forma de \u00abV\u00bb est\u00e1n integrados en las cartas. Un primer cambio en el estilo de la camisa se hizo en 1961 con la sustituci\u00f3n de las l\u00edneas radiol\u00facidas en forma de \u00abV\u00bb con dos tiras de color azul y roja que se coloca horizontalmente en la ventre71. Los primeros a\u00f1os hasta 1961 y la camiseta blanca est\u00e1 cubierta con un borde en forma de \u00abV\u00bb formada por dos franjas rojas bleue70. Hasta Kate Moss y Rihanna tienen su propio moustache en camiseta. En la temporada 1965-66 el filial ascendi\u00f3 a la Tercera Divisi\u00f3n de Espa\u00f1a, en la que se mantuvo dos temporadas, hasta que en la 1968-69 logr\u00f3 el ascenso a Segunda Divisi\u00f3n. En la temporada 2009-10 consigue su mejor participaci\u00f3n en una Liga de Campeones de la UEFA, alcanzando las semifinales, instancia en la cual caer\u00eda ante el Bayern M\u00fanich. En Madrid est\u00e1 ubicada en la calle Claudio Coello, templo de las firmas francesas en la capital. 21.04 La presidenta de la Comunidad de Madrid, Esperanza Aguirre, saludar\u00e1 a la selecci\u00f3n espa\u00f1ola desde el balc\u00f3n de la sede de la Consejer\u00eda de Justicia, ubicada en el n\u00famero 18 de la calle Gran V\u00eda.<\/p>\n<p> La siguiente tabla detalla los encuentros disputados y los goles marcados por Salas en la selecci\u00f3n chilena absoluta. La \u00fanica duda en las porras previas al partido que circulaban por la sala resid\u00eda en saber por cu\u00e1ntos goles terminar\u00edan imponi\u00e9ndose a Croacia. PSG para ser una de las estrellas del gigante parisino. Los Mundiales suelen ser una fuente inagotable de an\u00e9cdotas. Mutis: fam. Voz que se emplea para imponer silencio o para indicar que una persona queda callada. El centrocampista, mediocampista o volante es la persona que juega en el mediocampo en un campo de f\u00fatbol. \u2191 \u00abEl d\u00eda que Porta hizo temblar a Nueva Zelanda\u00bb. \u2191 Garc\u00eda, Domingo (8 de julio de 2010). \u00abCavendish celebra con l\u00e1grimas\u00bb. \u2191 Cihefe (ed.). \u00abSuspensi\u00f3n de las actividades deportivas en Espa\u00f1a\u00bb. \u2191 \u00abD\u00eda del Amigo Canalla\u00bb. En el tramo de subida, Quintana no corri\u00f3 sino galop\u00f3 las v\u00edas que conducen a dos puntos altos: el Alto del Moral -considerado en el ciclismo como un puerto de tercera categor\u00eda- y el Alto de Sote -de segunda categor\u00eda-. Hace una d\u00e9cada, en el estadio L\u00e9o-Lagrange (Seine-Saint-Denis), a las fueras de Par\u00eds, Rodrigue Bongongui, que apenas ten\u00eda 15 a\u00f1os, y sus compa\u00f1eros en el AS Bondy vieron dar sus primeros pasos hacia el estrellato a Kylian Mbapp\u00e9.<\/p>\n<p> Un triunfo que pon\u00eda fin a casi cuatro a\u00f1os sin ganar en el estadio Geoffroy-Guichard y que ampliaba a seis las victorias consecutivas que suma el Lyon entre todas las competiciones. Luego, en 1996, las rayas verticales rojas y azules est\u00e1n de vuelta en su lugar. Aparece en las camisetas en 1989 y ya no representa los escudos de armas original. Los pr\u00f3ximos cinco a\u00f1os ofrece m\u00e1s de varios colores con camisetas predominantemente blancas. La selecci\u00f3n sudamericana ocupa el octavo puesto, a cinco puntos de Chile, <a href=\"https:\/\/colormadrid.com\/es_ES\/taxons\/francia-es-042\">equipacion francia 2021<\/a> que es cuarta y ocupa la \u00faltima plaza de clasificaci\u00f3n directa en la presente edici\u00f3n. Imagen de la selecci\u00f3n boliviana en 1930 (FIFA). 1930 hasta 2004 ejerci\u00f3 su local\u00eda en el Estadio Centenario, manteniendo la propiedad del Parque Central, estadio al cual volvi\u00f3 a partir de 2005 en adelante. Hasta la d\u00e9cada de 1970, la selecci\u00f3n francesa disput\u00f3 sus partidos internacionales como local en el Estadio Ol\u00edmpico de Colombes y el Parque de los Pr\u00edncipes, ambos en Par\u00eds.<\/p>\n<p>En el caso de que usted amado este art\u00edculo informativo junto con usted desea ser dado m\u00e1s informaci\u00f3n sobre <a href='https:\/\/colormadrid.com\/'>www.colormadrid.com<\/a> <a href='https:\/\/colormadrid.com\/'>www.colormadrid.com<\/a> le imploro que detenga por nuestra p\u00e1gina.<\/p>\n","protected":false},"excerpt":{"rendered":"<p>Como consecuencia de este resultado, y de las derrotas de Chile y Paraguay, camiseta de francia 2022 la selecci\u00f3n peruana qued\u00f3 ubicada en el 5\u00ba puesto de la tabla de posiciones por delante de Chile debido a una mayor diferencia de goles. Este logotipo ser\u00e1 utilizado por el Olympique de Lyon hasta 1996. El a\u00f1o [&hellip;]<\/p>\n","protected":false},"author":1,"featured_media":0,"comment_status":"open","ping_status":"open","sticky":false,"template":"","format":"standard","meta":{"footnotes":""},"categories":[1],"tags":[1941,1940,1939],"class_list":["post-3853","post","type-post","status-publish","format-standard","hentry","category-uncategorized","tag-camiseta-de-francia-mundial-2018-precio","tag-equipacion-francia-2019","tag-segunda-camiseta-francia-mundial-2018"],"blocksy_meta":[],"yoast_head":"<!-- This site is optimized with the Yoast SEO plugin v25.8 - https:\/\/yoast.com\/wordpress\/plugins\/seo\/ -->\n<title>camiseta 17 de francia - Camiseta de f\u00fatbol Atletico de Madrid 2024 2025 - SuperVigo<\/title>\n<meta name=\"robots\" content=\"index, follow, max-snippet:-1, max-image-preview:large, max-video-preview:-1\" \/>\n<link rel=\"canonical\" href=\"https:\/\/fpsin.com\/index.php\/2021\/09\/15\/camiseta-17-de-francia\/\" \/>\n<meta property=\"og:locale\" content=\"es_ES\" \/>\n<meta property=\"og:type\" content=\"article\" \/>\n<meta property=\"og:title\" content=\"camiseta 17 de francia - Camiseta de f\u00fatbol Atletico de Madrid 2024 2025 - SuperVigo\" \/>\n<meta property=\"og:description\" content=\"Como consecuencia de este resultado, y de las derrotas de Chile y Paraguay, camiseta de francia 2022 la selecci\u00f3n peruana qued\u00f3 ubicada en el 5\u00ba puesto de la tabla de posiciones por delante de Chile debido a una mayor diferencia de goles. Este logotipo ser\u00e1 utilizado por el Olympique de Lyon hasta 1996. El a\u00f1o [&hellip;]\" \/>\n<meta property=\"og:url\" content=\"https:\/\/fpsin.com\/index.php\/2021\/09\/15\/camiseta-17-de-francia\/\" \/>\n<meta property=\"og:site_name\" content=\"Camiseta de f\u00fatbol Atletico de Madrid 2024 2025 - SuperVigo\" \/>\n<meta property=\"article:published_time\" content=\"2021-09-15T03:41:59+00:00\" \/>\n<meta name=\"author\" content=\"istern\" \/>\n<meta name=\"twitter:card\" content=\"summary_large_image\" \/>\n<meta name=\"twitter:label1\" content=\"Escrito por\" \/>\n\t<meta name=\"twitter:data1\" content=\"istern\" \/>\n\t<meta name=\"twitter:label2\" content=\"Tiempo de lectura\" \/>\n\t<meta name=\"twitter:data2\" content=\"4 minutos\" \/>\n<script type=\"application\/ld+json\" class=\"yoast-schema-graph\">{\"@context\":\"https:\/\/schema.org\",\"@graph\":[{\"@type\":\"WebPage\",\"@id\":\"https:\/\/fpsin.com\/index.php\/2021\/09\/15\/camiseta-17-de-francia\/\",\"url\":\"https:\/\/fpsin.com\/index.php\/2021\/09\/15\/camiseta-17-de-francia\/\",\"name\":\"camiseta 17 de francia - Camiseta de f\u00fatbol Atletico de Madrid 2024 2025 - SuperVigo\",\"isPartOf\":{\"@id\":\"https:\/\/fpsin.com\/#website\"},\"datePublished\":\"2021-09-15T03:41:59+00:00\",\"author\":{\"@id\":\"https:\/\/fpsin.com\/#\/schema\/person\/5ff6c0f8eeacd83e877f7ff3643206c1\"},\"breadcrumb\":{\"@id\":\"https:\/\/fpsin.com\/index.php\/2021\/09\/15\/camiseta-17-de-francia\/#breadcrumb\"},\"inLanguage\":\"es\",\"potentialAction\":[{\"@type\":\"ReadAction\",\"target\":[\"https:\/\/fpsin.com\/index.php\/2021\/09\/15\/camiseta-17-de-francia\/\"]}]},{\"@type\":\"BreadcrumbList\",\"@id\":\"https:\/\/fpsin.com\/index.php\/2021\/09\/15\/camiseta-17-de-francia\/#breadcrumb\",\"itemListElement\":[{\"@type\":\"ListItem\",\"position\":1,\"name\":\"Portada\",\"item\":\"https:\/\/fpsin.com\/\"},{\"@type\":\"ListItem\",\"position\":2,\"name\":\"camiseta 17 de francia\"}]},{\"@type\":\"WebSite\",\"@id\":\"https:\/\/fpsin.com\/#website\",\"url\":\"https:\/\/fpsin.com\/\",\"name\":\"Camiseta de f\u00fatbol Atletico de Madrid 2024 2025 - SuperVigo\",\"description\":\"Camiseta de Atl\u00e9tico de Madrid - Ofrecemos camiseta del Atl\u00e9tico de Madrid 2024 2025 para adultos y ni\u00f1os. Env\u00edo gratis desde 69\u20ac y personalizar Gratis.\",\"potentialAction\":[{\"@type\":\"SearchAction\",\"target\":{\"@type\":\"EntryPoint\",\"urlTemplate\":\"https:\/\/fpsin.com\/?s={search_term_string}\"},\"query-input\":{\"@type\":\"PropertyValueSpecification\",\"valueRequired\":true,\"valueName\":\"search_term_string\"}}],\"inLanguage\":\"es\"},{\"@type\":\"Person\",\"@id\":\"https:\/\/fpsin.com\/#\/schema\/person\/5ff6c0f8eeacd83e877f7ff3643206c1\",\"name\":\"istern\",\"image\":{\"@type\":\"ImageObject\",\"inLanguage\":\"es\",\"@id\":\"https:\/\/fpsin.com\/#\/schema\/person\/image\/\",\"url\":\"https:\/\/secure.gravatar.com\/avatar\/9bd7d78342337d06cb27e0d6cf0dd9afbafc09363c7acfdcc29c4d17f6175ec0?s=96&d=mm&r=g\",\"contentUrl\":\"https:\/\/secure.gravatar.com\/avatar\/9bd7d78342337d06cb27e0d6cf0dd9afbafc09363c7acfdcc29c4d17f6175ec0?s=96&d=mm&r=g\",\"caption\":\"istern\"},\"sameAs\":[\"https:\/\/fpsin.com\"],\"url\":\"https:\/\/fpsin.com\/index.php\/author\/Quetzalxochitl\/\"}]}<\/script>\n<!-- \/ Yoast SEO plugin. -->","yoast_head_json":{"title":"camiseta 17 de francia - Camiseta de f\u00fatbol Atletico de Madrid 2024 2025 - SuperVigo","robots":{"index":"index","follow":"follow","max-snippet":"max-snippet:-1","max-image-preview":"max-image-preview:large","max-video-preview":"max-video-preview:-1"},"canonical":"https:\/\/fpsin.com\/index.php\/2021\/09\/15\/camiseta-17-de-francia\/","og_locale":"es_ES","og_type":"article","og_title":"camiseta 17 de francia - Camiseta de f\u00fatbol Atletico de Madrid 2024 2025 - SuperVigo","og_description":"Como consecuencia de este resultado, y de las derrotas de Chile y Paraguay, camiseta de francia 2022 la selecci\u00f3n peruana qued\u00f3 ubicada en el 5\u00ba puesto de la tabla de posiciones por delante de Chile debido a una mayor diferencia de goles. Este logotipo ser\u00e1 utilizado por el Olympique de Lyon hasta 1996. El a\u00f1o [&hellip;]","og_url":"https:\/\/fpsin.com\/index.php\/2021\/09\/15\/camiseta-17-de-francia\/","og_site_name":"Camiseta de f\u00fatbol Atletico de Madrid 2024 2025 - SuperVigo","article_published_time":"2021-09-15T03:41:59+00:00","author":"istern","twitter_card":"summary_large_image","twitter_misc":{"Escrito por":"istern","Tiempo de lectura":"4 minutos"},"schema":{"@context":"https:\/\/schema.org","@graph":[{"@type":"WebPage","@id":"https:\/\/fpsin.com\/index.php\/2021\/09\/15\/camiseta-17-de-francia\/","url":"https:\/\/fpsin.com\/index.php\/2021\/09\/15\/camiseta-17-de-francia\/","name":"camiseta 17 de francia - Camiseta de f\u00fatbol Atletico de Madrid 2024 2025 - SuperVigo","isPartOf":{"@id":"https:\/\/fpsin.com\/#website"},"datePublished":"2021-09-15T03:41:59+00:00","author":{"@id":"https:\/\/fpsin.com\/#\/schema\/person\/5ff6c0f8eeacd83e877f7ff3643206c1"},"breadcrumb":{"@id":"https:\/\/fpsin.com\/index.php\/2021\/09\/15\/camiseta-17-de-francia\/#breadcrumb"},"inLanguage":"es","potentialAction":[{"@type":"ReadAction","target":["https:\/\/fpsin.com\/index.php\/2021\/09\/15\/camiseta-17-de-francia\/"]}]},{"@type":"BreadcrumbList","@id":"https:\/\/fpsin.com\/index.php\/2021\/09\/15\/camiseta-17-de-francia\/#breadcrumb","itemListElement":[{"@type":"ListItem","position":1,"name":"Portada","item":"https:\/\/fpsin.com\/"},{"@type":"ListItem","position":2,"name":"camiseta 17 de francia"}]},{"@type":"WebSite","@id":"https:\/\/fpsin.com\/#website","url":"https:\/\/fpsin.com\/","name":"Camiseta de f\u00fatbol Atletico de Madrid 2024 2025 - SuperVigo","description":"Camiseta de Atl\u00e9tico de Madrid - Ofrecemos camiseta del Atl\u00e9tico de Madrid 2024 2025 para adultos y ni\u00f1os. Env\u00edo gratis desde 69\u20ac y personalizar Gratis.","potentialAction":[{"@type":"SearchAction","target":{"@type":"EntryPoint","urlTemplate":"https:\/\/fpsin.com\/?s={search_term_string}"},"query-input":{"@type":"PropertyValueSpecification","valueRequired":true,"valueName":"search_term_string"}}],"inLanguage":"es"},{"@type":"Person","@id":"https:\/\/fpsin.com\/#\/schema\/person\/5ff6c0f8eeacd83e877f7ff3643206c1","name":"istern","image":{"@type":"ImageObject","inLanguage":"es","@id":"https:\/\/fpsin.com\/#\/schema\/person\/image\/","url":"https:\/\/secure.gravatar.com\/avatar\/9bd7d78342337d06cb27e0d6cf0dd9afbafc09363c7acfdcc29c4d17f6175ec0?s=96&d=mm&r=g","contentUrl":"https:\/\/secure.gravatar.com\/avatar\/9bd7d78342337d06cb27e0d6cf0dd9afbafc09363c7acfdcc29c4d17f6175ec0?s=96&d=mm&r=g","caption":"istern"},"sameAs":["https:\/\/fpsin.com"],"url":"https:\/\/fpsin.com\/index.php\/author\/Quetzalxochitl\/"}]}},"_links":{"self":[{"href":"https:\/\/fpsin.com\/index.php\/wp-json\/wp\/v2\/posts\/3853","targetHints":{"allow":["GET"]}}],"collection":[{"href":"https:\/\/fpsin.com\/index.php\/wp-json\/wp\/v2\/posts"}],"about":[{"href":"https:\/\/fpsin.com\/index.php\/wp-json\/wp\/v2\/types\/post"}],"author":[{"embeddable":true,"href":"https:\/\/fpsin.com\/index.php\/wp-json\/wp\/v2\/users\/1"}],"replies":[{"embeddable":true,"href":"https:\/\/fpsin.com\/index.php\/wp-json\/wp\/v2\/comments?post=3853"}],"version-history":[{"count":1,"href":"https:\/\/fpsin.com\/index.php\/wp-json\/wp\/v2\/posts\/3853\/revisions"}],"predecessor-version":[{"id":3854,"href":"https:\/\/fpsin.com\/index.php\/wp-json\/wp\/v2\/posts\/3853\/revisions\/3854"}],"wp:attachment":[{"href":"https:\/\/fpsin.com\/index.php\/wp-json\/wp\/v2\/media?parent=3853"}],"wp:term":[{"taxonomy":"category","embeddable":true,"href":"https:\/\/fpsin.com\/index.php\/wp-json\/wp\/v2\/categories?post=3853"},{"taxonomy":"post_tag","embeddable":true,"href":"https:\/\/fpsin.com\/index.php\/wp-json\/wp\/v2\/tags?post=3853"}],"curies":[{"name":"wp","href":"https:\/\/api.w.org\/{rel}","templated":true}]}}