{"id":3913,"date":"2021-09-15T04:47:52","date_gmt":"2021-09-15T03:47:52","guid":{"rendered":"http:\/\/fpsin.com\/?p=3913"},"modified":"2021-09-15T04:47:52","modified_gmt":"2021-09-15T03:47:52","slug":"segunda-equipacion-francia-2019","status":"publish","type":"post","link":"https:\/\/fpsin.com\/index.php\/2021\/09\/15\/segunda-equipacion-francia-2019\/","title":{"rendered":"segunda equipacion francia 2019"},"content":{"rendered":"<p> En este choque de debut, \u00abLa Roja\u00bb cont\u00f3 con el apoyo de m\u00e1s de 15 000 seguidores espa\u00f1oles, era la primera vez que en un gran torneo futbol\u00edstico celebradado fuera de Espa\u00f1a, se contaba con tal masa de aficionados. Un a\u00f1o m\u00e1s tarde, en 1934, Espa\u00f1a particip\u00f3 por primera vez en un Mundial. Asensio ya confirm\u00f3 en su d\u00eda que ten\u00eda intenci\u00f3n de jugar para Espa\u00f1a y no para Holanda. \u2191 \u00abHeroico triunfo de la mejor Espa\u00f1a ante Yugoslavia\u00bb. Canad\u00e1 (triunfo 2-1) \u2014partido en el que asisti\u00f3 a Marco Ure\u00f1a al minuto 72&#8242; para la acci\u00f3n del segundo tanto\u2014. Francia se hab\u00eda consagrado como la campeona del mundo. Las equipaciones, que se utilizaron en la Copa del Mundo de la FIFA 2002 y la Eurocopa 2004, consist\u00edan principalmente en una base blanca con borde azul y la combinaci\u00f3n opuesta en la segunda equipaci\u00f3n. En los cuartos de final, Italia derrot\u00f3 f\u00e1cilmente a Ucrania por 3:0 y comenz\u00f3 a convertirse en uno de los favoritos para ganar la Copa. Fue titular en los cuartos de final ante B\u00e9lgica pero sufri\u00f3 una lesi\u00f3n muscular en el primer tiempo y tuvo que ser reemplazado a los 33 minutos. Dos d\u00edas despu\u00e9s y en el mismo escenario deportivo, marc\u00f3 un gol al minuto 83&#8242; y sali\u00f3 expulsado por acumulaci\u00f3n de tarjetas amarillas en el empate 2-2 ante el pa\u00eds local Honduras.<\/p>\n<p style=\"text-align:center; clear:both;\">\n<p> En total, posee 162 t\u00edtulos oficiales, que lo convierten en el club con m\u00e1s t\u00edtulos oficiales del pa\u00eds. El 17 de septiembre de 2011, el centrocampista recibi\u00f3 la convocatoria de Ronald Gonz\u00e1lez de la Selecci\u00f3n Sub-23 para hacer frente a la fase previa del Preol\u00edmpico de Concacaf. El 3 de marzo de 2009, logr\u00f3 quedarse con un lugar en la convocatoria de Gonz\u00e1lez del grupo que enfrent\u00f3 el Campeonato Sub-20 de la Concacaf celebrado en Trinidad y Tobago. A partir del Torneo de Clausura 2019, el jugador se convirti\u00f3 en ficha de los griegos, esto tras finalizar su contrato con los rojiamarillos. El 20 de mayo queda subcampe\u00f3n del Torneo de Clausura luego de que su equipo perdiera en penales ante el Deportivo Saprissa. \u2191 \u00abEl equipo espa\u00f1ol estuvo muy cerca de su objetivo en Wembley\u00bb. \u2191 Daniel Jim\u00e9nez (2 de enero de 2018). \u00abDiego Estrada firm\u00f3 con el Herediano por dos a\u00f1os\u00bb.<\/p>\n<p> \u2191 Daniel Monge (27 de diciembre de 2012). \u00abDiego Estrada es morado\u00bb. \u2191 Johan Uma\u00f1a (1 de febrero de 2012). \u00abDiego Estrada anot\u00f3 con el Comunicaciones\u00bb. \u2191 Johan Uma\u00f1a (23 de enero de 2013). \u00abSaprissa no logra vencer a Bel\u00e9n\u00bb. \u2191 Diego Ure\u00f1a (24 de marzo de 2013). \u00abPrimer gol morado de Diego Estrada da otra victoria al Saprissa\u00bb. El 13 de marzo ingres\u00f3 de cambio por Mynor Escoe en el duelo semifinal ante Honduras, serie que se defini\u00f3 en penales para su selecci\u00f3n, donde Estrada precisamente anot\u00f3 para su escuadra en este tipo de desempate. El 18 de enero de 2010, Estrada obtuvo su primer llamado a la selecci\u00f3n absoluta costarricense dirigida por el entrenador interino Ronald Gonz\u00e1lez. El 11 de abril de 2010, Diego fue parte de la selecci\u00f3n Sub-21 en la ronda preliminar hacia los Juegos Centroamericanos y del Caribe, fecha en la que se enfrent\u00f3 a Nicaragua en el Estadio \u00abFello\u00bb Meza. El escudo del Athletic lleva incorporado los blasones de Bilbao y Vizcaya. Las Palmas y el AEK Atenas han acordado la cesi\u00f3n del delantero argentino hasta final de temporada con opci\u00f3n de compra que tendr\u00edan que ejercer antes del 30 de mayo.<\/p>\n<p> \u2191 Diego Ure\u00f1a (10 de mayo de 2014). \u00abSaprissa celebra el 30, <a href = \"https:\/\/colormadrid.com\/\">replicas camisetas futbol<\/a> porque lo quiso m\u00e1s y el f\u00fatbol lo premi\u00f3\u00bb. \u2191 Jos\u00e9 Pablo Segura Vargas (20 de diciembre de 2014). \u00abSaprissa acaba con Herediano y conquista el bicampeonato\u00bb. \u2191 Jos\u00e9 Pablo Segura Vargas (21 de febrero de 2016). \u00abGol de Diego Estrada no alcanz\u00f3 y el Melgar cay\u00f3 en Per\u00fa\u00bb. \u2191 Juan Pablo Corado (14 de septiembre de 2016). \u00abUn golazo de Estrada salva a los albos contra Petapa\u00bb. El 9 de septiembre de 2009, Estrada fue seleccionado en la n\u00f3mina definitiva de veinti\u00fan futbolistas para la realizaci\u00f3n del Mundial Sub-20 llevado a cabo en territorio egipcio. Ya en septiembre del 2015, cuando apenas ten\u00eda 17 a\u00f1os, empez\u00f3 a competir en parques y plazas de Madrid. En el mismo d\u00eda que sali\u00f3 del conjunto de Grecia, fue confirmado oficialmente como nuevo refuerzo de La U Universitarios. Estrada sali\u00f3 de relevo por Ricardo Blanco en el tiempo de reposici\u00f3n, mientras que el resultado termin\u00f3 0-2 a favor de su conjunto.<\/p>\n<p> A estas alturas ya sabr\u00e1s que cualquier producto que busques, lo encontrar\u00e1s en AliExpress. En Francia tambi\u00e9n le han tirado la ca\u00f1a, algo que le asegurar\u00eda disputar partidos de primer orden internacional\u2026 aunque no en el vestuario que le ha visto crecer. En la temporada logr\u00f3 la cifra de once anotaciones en veinticinco partidos disputados. Argentina, dirigida por Jim L\u00f3pes, hizo una buena campa\u00f1a, ganando cinco sobre seis partidos en disputa, siendo derrotado solo por el equipo anfitri\u00f3n, quedando como segundo. Su participaci\u00f3n con el primer equipo baj\u00f3 a tal grado que tuvo que disputar encuentros con el equipo de reservas. \u00abdesde los 800, para una \u00edntegramente personalizada, pero tambi\u00e9n se pueden conseguir lo que llamamos \u2018bicis completas\u2019m que vienen de f\u00e1brica yamontadas y que cuestan desde los 400\u00bb. \u00bf Este \u00faltimo campeonato es recordado porque Nacional finaliz\u00f3 campe\u00f3n y Pe\u00f1arol termin\u00f3 en el \u00faltimo escal\u00f3n \u2014cabe destacar que la AUF le quit\u00f3 12 puntos a Pe\u00f1arol\u2014 habiendo una plaqueta en la sede recordando el suceso. Dos d\u00edas despu\u00e9s, retorn\u00f3 al protagonismo en la alineaci\u00f3n tras ser parte de la titularidad en la victoria c\u00f3moda por 3-0 contra Estados Unidos, abriendo la cuenta al minuto 41&#8242; y proclam\u00e1ndose campe\u00f3n de la categor\u00eda.<\/p>\n<p>Si usted acarici\u00f3 este art\u00edculo y usted quisiera obtener muchos m\u00e1s datos sobre <A href=\"https:\/\/colormadrid.com\/\"  rel=\"nofollow\">www.colormadrid.com<\/A> amablemente echa un vistazo a nuestro propio sitio web.<\/p>\n","protected":false},"excerpt":{"rendered":"<p>En este choque de debut, \u00abLa Roja\u00bb cont\u00f3 con el apoyo de m\u00e1s de 15 000 seguidores espa\u00f1oles, era la primera vez que en un gran torneo futbol\u00edstico celebradado fuera de Espa\u00f1a, se contaba con tal masa de aficionados. Un a\u00f1o m\u00e1s tarde, en 1934, Espa\u00f1a particip\u00f3 por primera vez en un Mundial. Asensio ya [&hellip;]<\/p>\n","protected":false},"author":1,"featured_media":0,"comment_status":"open","ping_status":"open","sticky":false,"template":"","format":"standard","meta":{"footnotes":""},"categories":[1],"tags":[1996,1998,1997],"class_list":["post-3913","post","type-post","status-publish","format-standard","hentry","category-uncategorized","tag-camiseta-de-ronldo-mundaila-de-francia-98","tag-camiseta-finding-francis","tag-equipacion-griezmann-nino-francia"],"blocksy_meta":[],"yoast_head":"<!-- This site is optimized with the Yoast SEO plugin v25.8 - https:\/\/yoast.com\/wordpress\/plugins\/seo\/ -->\n<title>segunda equipacion francia 2019 - Camiseta de f\u00fatbol Atletico de Madrid 2024 2025 - SuperVigo<\/title>\n<meta name=\"robots\" content=\"index, follow, max-snippet:-1, max-image-preview:large, max-video-preview:-1\" \/>\n<link rel=\"canonical\" href=\"https:\/\/fpsin.com\/index.php\/2021\/09\/15\/segunda-equipacion-francia-2019\/\" \/>\n<meta property=\"og:locale\" content=\"es_ES\" \/>\n<meta property=\"og:type\" content=\"article\" \/>\n<meta property=\"og:title\" content=\"segunda equipacion francia 2019 - Camiseta de f\u00fatbol Atletico de Madrid 2024 2025 - SuperVigo\" \/>\n<meta property=\"og:description\" content=\"En este choque de debut, \u00abLa Roja\u00bb cont\u00f3 con el apoyo de m\u00e1s de 15 000 seguidores espa\u00f1oles, era la primera vez que en un gran torneo futbol\u00edstico celebradado fuera de Espa\u00f1a, se contaba con tal masa de aficionados. Un a\u00f1o m\u00e1s tarde, en 1934, Espa\u00f1a particip\u00f3 por primera vez en un Mundial. Asensio ya [&hellip;]\" \/>\n<meta property=\"og:url\" content=\"https:\/\/fpsin.com\/index.php\/2021\/09\/15\/segunda-equipacion-francia-2019\/\" \/>\n<meta property=\"og:site_name\" content=\"Camiseta de f\u00fatbol Atletico de Madrid 2024 2025 - SuperVigo\" \/>\n<meta property=\"article:published_time\" content=\"2021-09-15T03:47:52+00:00\" \/>\n<meta name=\"author\" content=\"istern\" \/>\n<meta name=\"twitter:card\" content=\"summary_large_image\" \/>\n<meta name=\"twitter:label1\" content=\"Escrito por\" \/>\n\t<meta name=\"twitter:data1\" content=\"istern\" \/>\n\t<meta name=\"twitter:label2\" content=\"Tiempo de lectura\" \/>\n\t<meta name=\"twitter:data2\" content=\"5 minutos\" \/>\n<script type=\"application\/ld+json\" class=\"yoast-schema-graph\">{\"@context\":\"https:\/\/schema.org\",\"@graph\":[{\"@type\":\"WebPage\",\"@id\":\"https:\/\/fpsin.com\/index.php\/2021\/09\/15\/segunda-equipacion-francia-2019\/\",\"url\":\"https:\/\/fpsin.com\/index.php\/2021\/09\/15\/segunda-equipacion-francia-2019\/\",\"name\":\"segunda equipacion francia 2019 - Camiseta de f\u00fatbol Atletico de Madrid 2024 2025 - SuperVigo\",\"isPartOf\":{\"@id\":\"https:\/\/fpsin.com\/#website\"},\"datePublished\":\"2021-09-15T03:47:52+00:00\",\"author\":{\"@id\":\"https:\/\/fpsin.com\/#\/schema\/person\/5ff6c0f8eeacd83e877f7ff3643206c1\"},\"breadcrumb\":{\"@id\":\"https:\/\/fpsin.com\/index.php\/2021\/09\/15\/segunda-equipacion-francia-2019\/#breadcrumb\"},\"inLanguage\":\"es\",\"potentialAction\":[{\"@type\":\"ReadAction\",\"target\":[\"https:\/\/fpsin.com\/index.php\/2021\/09\/15\/segunda-equipacion-francia-2019\/\"]}]},{\"@type\":\"BreadcrumbList\",\"@id\":\"https:\/\/fpsin.com\/index.php\/2021\/09\/15\/segunda-equipacion-francia-2019\/#breadcrumb\",\"itemListElement\":[{\"@type\":\"ListItem\",\"position\":1,\"name\":\"Portada\",\"item\":\"https:\/\/fpsin.com\/\"},{\"@type\":\"ListItem\",\"position\":2,\"name\":\"segunda equipacion francia 2019\"}]},{\"@type\":\"WebSite\",\"@id\":\"https:\/\/fpsin.com\/#website\",\"url\":\"https:\/\/fpsin.com\/\",\"name\":\"Camiseta de f\u00fatbol Atletico de Madrid 2024 2025 - SuperVigo\",\"description\":\"Camiseta de Atl\u00e9tico de Madrid - Ofrecemos camiseta del Atl\u00e9tico de Madrid 2024 2025 para adultos y ni\u00f1os. Env\u00edo gratis desde 69\u20ac y personalizar Gratis.\",\"potentialAction\":[{\"@type\":\"SearchAction\",\"target\":{\"@type\":\"EntryPoint\",\"urlTemplate\":\"https:\/\/fpsin.com\/?s={search_term_string}\"},\"query-input\":{\"@type\":\"PropertyValueSpecification\",\"valueRequired\":true,\"valueName\":\"search_term_string\"}}],\"inLanguage\":\"es\"},{\"@type\":\"Person\",\"@id\":\"https:\/\/fpsin.com\/#\/schema\/person\/5ff6c0f8eeacd83e877f7ff3643206c1\",\"name\":\"istern\",\"image\":{\"@type\":\"ImageObject\",\"inLanguage\":\"es\",\"@id\":\"https:\/\/fpsin.com\/#\/schema\/person\/image\/\",\"url\":\"https:\/\/secure.gravatar.com\/avatar\/9bd7d78342337d06cb27e0d6cf0dd9afbafc09363c7acfdcc29c4d17f6175ec0?s=96&d=mm&r=g\",\"contentUrl\":\"https:\/\/secure.gravatar.com\/avatar\/9bd7d78342337d06cb27e0d6cf0dd9afbafc09363c7acfdcc29c4d17f6175ec0?s=96&d=mm&r=g\",\"caption\":\"istern\"},\"sameAs\":[\"https:\/\/fpsin.com\"],\"url\":\"https:\/\/fpsin.com\/index.php\/author\/Quetzalxochitl\/\"}]}<\/script>\n<!-- \/ Yoast SEO plugin. -->","yoast_head_json":{"title":"segunda equipacion francia 2019 - Camiseta de f\u00fatbol Atletico de Madrid 2024 2025 - SuperVigo","robots":{"index":"index","follow":"follow","max-snippet":"max-snippet:-1","max-image-preview":"max-image-preview:large","max-video-preview":"max-video-preview:-1"},"canonical":"https:\/\/fpsin.com\/index.php\/2021\/09\/15\/segunda-equipacion-francia-2019\/","og_locale":"es_ES","og_type":"article","og_title":"segunda equipacion francia 2019 - Camiseta de f\u00fatbol Atletico de Madrid 2024 2025 - SuperVigo","og_description":"En este choque de debut, \u00abLa Roja\u00bb cont\u00f3 con el apoyo de m\u00e1s de 15 000 seguidores espa\u00f1oles, era la primera vez que en un gran torneo futbol\u00edstico celebradado fuera de Espa\u00f1a, se contaba con tal masa de aficionados. Un a\u00f1o m\u00e1s tarde, en 1934, Espa\u00f1a particip\u00f3 por primera vez en un Mundial. Asensio ya [&hellip;]","og_url":"https:\/\/fpsin.com\/index.php\/2021\/09\/15\/segunda-equipacion-francia-2019\/","og_site_name":"Camiseta de f\u00fatbol Atletico de Madrid 2024 2025 - SuperVigo","article_published_time":"2021-09-15T03:47:52+00:00","author":"istern","twitter_card":"summary_large_image","twitter_misc":{"Escrito por":"istern","Tiempo de lectura":"5 minutos"},"schema":{"@context":"https:\/\/schema.org","@graph":[{"@type":"WebPage","@id":"https:\/\/fpsin.com\/index.php\/2021\/09\/15\/segunda-equipacion-francia-2019\/","url":"https:\/\/fpsin.com\/index.php\/2021\/09\/15\/segunda-equipacion-francia-2019\/","name":"segunda equipacion francia 2019 - Camiseta de f\u00fatbol Atletico de Madrid 2024 2025 - SuperVigo","isPartOf":{"@id":"https:\/\/fpsin.com\/#website"},"datePublished":"2021-09-15T03:47:52+00:00","author":{"@id":"https:\/\/fpsin.com\/#\/schema\/person\/5ff6c0f8eeacd83e877f7ff3643206c1"},"breadcrumb":{"@id":"https:\/\/fpsin.com\/index.php\/2021\/09\/15\/segunda-equipacion-francia-2019\/#breadcrumb"},"inLanguage":"es","potentialAction":[{"@type":"ReadAction","target":["https:\/\/fpsin.com\/index.php\/2021\/09\/15\/segunda-equipacion-francia-2019\/"]}]},{"@type":"BreadcrumbList","@id":"https:\/\/fpsin.com\/index.php\/2021\/09\/15\/segunda-equipacion-francia-2019\/#breadcrumb","itemListElement":[{"@type":"ListItem","position":1,"name":"Portada","item":"https:\/\/fpsin.com\/"},{"@type":"ListItem","position":2,"name":"segunda equipacion francia 2019"}]},{"@type":"WebSite","@id":"https:\/\/fpsin.com\/#website","url":"https:\/\/fpsin.com\/","name":"Camiseta de f\u00fatbol Atletico de Madrid 2024 2025 - SuperVigo","description":"Camiseta de Atl\u00e9tico de Madrid - Ofrecemos camiseta del Atl\u00e9tico de Madrid 2024 2025 para adultos y ni\u00f1os. Env\u00edo gratis desde 69\u20ac y personalizar Gratis.","potentialAction":[{"@type":"SearchAction","target":{"@type":"EntryPoint","urlTemplate":"https:\/\/fpsin.com\/?s={search_term_string}"},"query-input":{"@type":"PropertyValueSpecification","valueRequired":true,"valueName":"search_term_string"}}],"inLanguage":"es"},{"@type":"Person","@id":"https:\/\/fpsin.com\/#\/schema\/person\/5ff6c0f8eeacd83e877f7ff3643206c1","name":"istern","image":{"@type":"ImageObject","inLanguage":"es","@id":"https:\/\/fpsin.com\/#\/schema\/person\/image\/","url":"https:\/\/secure.gravatar.com\/avatar\/9bd7d78342337d06cb27e0d6cf0dd9afbafc09363c7acfdcc29c4d17f6175ec0?s=96&d=mm&r=g","contentUrl":"https:\/\/secure.gravatar.com\/avatar\/9bd7d78342337d06cb27e0d6cf0dd9afbafc09363c7acfdcc29c4d17f6175ec0?s=96&d=mm&r=g","caption":"istern"},"sameAs":["https:\/\/fpsin.com"],"url":"https:\/\/fpsin.com\/index.php\/author\/Quetzalxochitl\/"}]}},"_links":{"self":[{"href":"https:\/\/fpsin.com\/index.php\/wp-json\/wp\/v2\/posts\/3913","targetHints":{"allow":["GET"]}}],"collection":[{"href":"https:\/\/fpsin.com\/index.php\/wp-json\/wp\/v2\/posts"}],"about":[{"href":"https:\/\/fpsin.com\/index.php\/wp-json\/wp\/v2\/types\/post"}],"author":[{"embeddable":true,"href":"https:\/\/fpsin.com\/index.php\/wp-json\/wp\/v2\/users\/1"}],"replies":[{"embeddable":true,"href":"https:\/\/fpsin.com\/index.php\/wp-json\/wp\/v2\/comments?post=3913"}],"version-history":[{"count":1,"href":"https:\/\/fpsin.com\/index.php\/wp-json\/wp\/v2\/posts\/3913\/revisions"}],"predecessor-version":[{"id":3914,"href":"https:\/\/fpsin.com\/index.php\/wp-json\/wp\/v2\/posts\/3913\/revisions\/3914"}],"wp:attachment":[{"href":"https:\/\/fpsin.com\/index.php\/wp-json\/wp\/v2\/media?parent=3913"}],"wp:term":[{"taxonomy":"category","embeddable":true,"href":"https:\/\/fpsin.com\/index.php\/wp-json\/wp\/v2\/categories?post=3913"},{"taxonomy":"post_tag","embeddable":true,"href":"https:\/\/fpsin.com\/index.php\/wp-json\/wp\/v2\/tags?post=3913"}],"curies":[{"name":"wp","href":"https:\/\/api.w.org\/{rel}","templated":true}]}}