{"id":3934,"date":"2021-09-15T04:49:40","date_gmt":"2021-09-15T03:49:40","guid":{"rendered":"http:\/\/fpsin.com\/?p=3934"},"modified":"2021-09-15T04:49:40","modified_gmt":"2021-09-15T03:49:40","slug":"camiseta-montana-tour-de-francia","status":"publish","type":"post","link":"https:\/\/fpsin.com\/index.php\/2021\/09\/15\/camiseta-montana-tour-de-francia\/","title":{"rendered":"camiseta monta\u00f1a tour de francia"},"content":{"rendered":"<p> 15\/07 El Valencia ha llegado a un acuerdo con el Braga para la cesi\u00f3n del joven centrocampista brasile\u00f1o Danilo Barbosa, que aterriza en el conjunto ch\u00e9 en calidad de cedido para la pr\u00f3xima temporada con opci\u00f3n de compra. El jugador brasile\u00f1o, de 19 a\u00f1os, habr\u00eda pasado ya el reconocimiento m\u00e9dico con el conjunto ch\u00e9 y en las pr\u00f3ximas horas podr\u00eda ser anunciado su fichaje. El delantero ruso, de 34 a\u00f1os, ha pasado el reconocimiento m\u00e9dico y llega libre tras finalizar en junio su contrato con el Zenit de San Petersburgo. \u201cPichichi\u201d fue el encargado de anotar el primer gol de la historia de San Mam\u00e9s. El delantero portugu\u00e9s, que pertenece al Benfica, jugar\u00e1 la pr\u00f3xima temporada cedido en el conjunto franjirrojo. Su primer partido tras la proclamaci\u00f3n de la Segunda Rep\u00fablica espa\u00f1ola fue, con un combinado formado por jugadores de equipos barceloneses, el 4 de junio de 1931 ante un conjunto de jugadores de Praga (Checoslovaquia).<\/p>\n<div style=\"clear:both; text-align:center\"><iframe loading=\"lazy\" width=\"640\" height=\"360\" src=\"https:\/\/www.youtube.com\/embed\/7qVxlFQZjcs?showinfo=0&#038;modestbranding=1\" frameborder=\"0\" allowfullscreen title=\"PROBANDO EL TREN EN DUBAI Ep.3 - BCT\"><\/iframe><\/div>\n<p> Despu\u00e9s de la disoluci\u00f3n de la Uni\u00f3n Sovi\u00e9tica, se form\u00f3 la Comunidad de Estados Independientes, que jug\u00f3 su primer partido el 25 de enero de 1992 y el \u00faltimo el 18 de junio de 1992 (en total, diez partidos). Creo que he dado todo. El Manchester United habr\u00eda dado el visto bueno a la operaci\u00f3n por unos 71 millones de euros. Seg\u00fan The Telegraph, los \u00abcitizens\u00bb est\u00e1n dispuestos a ofrecer hasta 70 millones de euros al Wolfsburgo por el centrocampista belga Kevin De Bruyne. Seg\u00fan el medio italiano Tutto Mercato, el Atl\u00e9tico de Madrid y el Valencia estar\u00edan muy pendientes del futuro de Herrera. Seg\u00fan anuncia el Daily Star, <a href=\"https:\/\/colormadrid.com\/es_ES\/taxons\/francia-es-042\">camiseta francia 2022<\/a> el Chelsea espera completar el fichaje de Pedro la pr\u00f3xima semana. Jackson Mart\u00ednez ser\u00e1 confirmado esta semana como nuevo juegado del Atl\u00e9tico de Madrid y el domingo se incorporar\u00e1 a los entrenamientos. El central madrile\u00f1o procede del Real Madrid Castilla y ha firmado por el conjunto blanquiazul para las dos pr\u00f3ximas campa\u00f1as.<\/p>\n<p> Esa en la que tomaron un restaurante de Madrid para proclamarse por segunda vez campeones del mundo. Esta vez Juanfran despej\u00f3 un centro con mucho peligro. Ser\u00eda muy motivador. Dar\u00eda cualquier cosa por hacer lo que no pude hacer all\u00ed la primera vez por culpa de las lesiones\u00bb. Finalmente le fue asignada la organizaci\u00f3n, lo que sin duda se esperaba fuese una \u00abayuda\u00bb por reflotar a la selecci\u00f3n \u00abazzurra\u00bb, anta\u00f1o la gran dominadora del f\u00fatbol mundial. \u2191 \u00abCopa Mundial de la FIFA Corea\/Jap\u00f3n 2002 &#8211; Alemania &#8211; Rep\u00fablica de Corea\u00bb. Argentina reconsider\u00f3 su posici\u00f3n, y las Federaciones de Bolivia y Argentina solicitaron a la FIFA extender la fecha de registro. El meta, que llega de militar las \u00faltimas tres campa\u00f1as en el Elche, desembarca en el Zaragoza con la carta de libertad y para las pr\u00f3ximas dos temporada.s. 1988 de Se\u00fal en el intento del COI por establecer una igualdad entre todos los equipos, que se vio continuada en la edici\u00f3n siguiente de los JJ.OO.<\/p>\n<p> Un a\u00f1o despu\u00e9s se produjo la llegada del primer entrenador extranjero, el turco \u015eenol G\u00fcne\u015f. Final anecd\u00f3tica ya que la Copa de la Liga no se formalizar\u00eda hasta el a\u00f1o siguiente. 13\/07 El Mirand\u00e9s refuerza su ataque con el fichaje de Ion V\u00e9lez, que llega procedente del Alav\u00e9s. 13\/07 El fichaje de Sterling por el Manchester City puede que no sea la \u00fanica gran incorporaci\u00f3n del conjunto ingl\u00e9s. Una nueva incorporaci\u00f3n en Segunda divisi\u00f3n, el Alcorc\u00f3n ha anunciado la contrataci\u00f3n de Juan Jos\u00e9 Collantes. Leonel S\u00e1nchez (hijo del excampe\u00f3n chileno de boxeo, Juan S\u00e1nchez) se levant\u00f3 y propin\u00f3 un golpe con su pu\u00f1o izquierdo al italiano. 14\/07 El Llagostera ha hecho oficial la llegada del delantero Juan Ortu\u00f1o, procedente del Sabadell. El torneo siempre reserva una sorpresa, bien puede ser este &#8216;XV del Gallo&#8217; si sale airoso de Cardiff, pues ganar cuatro partidos con el equipo reci\u00e9n hecho es posible y entrar\u00eda en el intervalo de ganar.<\/p>\n<p>Si usted am\u00f3 este poste y usted ciertamente como para recibir detalles adicionales referente <a href='https:\/\/colormadrid.com\/es_ES\/taxons\/francia-es-042'>camiseta francia<\/a> amablemente visita el Web page.<\/p>\n","protected":false},"excerpt":{"rendered":"<p>15\/07 El Valencia ha llegado a un acuerdo con el Braga para la cesi\u00f3n del joven centrocampista brasile\u00f1o Danilo Barbosa, que aterriza en el conjunto ch\u00e9 en calidad de cedido para la pr\u00f3xima temporada con opci\u00f3n de compra. El jugador brasile\u00f1o, de 19 a\u00f1os, habr\u00eda pasado ya el reconocimiento m\u00e9dico con el conjunto ch\u00e9 y [&hellip;]<\/p>\n","protected":false},"author":1,"featured_media":0,"comment_status":"open","ping_status":"open","sticky":false,"template":"","format":"standard","meta":{"footnotes":""},"categories":[1],"tags":[2017,2015,2016],"class_list":["post-3934","post","type-post","status-publish","format-standard","hentry","category-uncategorized","tag-camiseta-de-selecciones-francia-2019","tag-camiseta-futbol-francia-2-estrellas","tag-francia-nueva-equipacion-dos-estrellas"],"blocksy_meta":[],"yoast_head":"<!-- This site is optimized with the Yoast SEO plugin v25.8 - https:\/\/yoast.com\/wordpress\/plugins\/seo\/ -->\n<title>camiseta monta\u00f1a tour de francia - Camiseta de f\u00fatbol Atletico de Madrid 2024 2025 - SuperVigo<\/title>\n<meta name=\"robots\" content=\"index, follow, max-snippet:-1, max-image-preview:large, max-video-preview:-1\" \/>\n<link rel=\"canonical\" href=\"https:\/\/fpsin.com\/index.php\/2021\/09\/15\/camiseta-montana-tour-de-francia\/\" \/>\n<meta property=\"og:locale\" content=\"es_ES\" \/>\n<meta property=\"og:type\" content=\"article\" \/>\n<meta property=\"og:title\" content=\"camiseta monta\u00f1a tour de francia - Camiseta de f\u00fatbol Atletico de Madrid 2024 2025 - SuperVigo\" \/>\n<meta property=\"og:description\" content=\"15\/07 El Valencia ha llegado a un acuerdo con el Braga para la cesi\u00f3n del joven centrocampista brasile\u00f1o Danilo Barbosa, que aterriza en el conjunto ch\u00e9 en calidad de cedido para la pr\u00f3xima temporada con opci\u00f3n de compra. El jugador brasile\u00f1o, de 19 a\u00f1os, habr\u00eda pasado ya el reconocimiento m\u00e9dico con el conjunto ch\u00e9 y [&hellip;]\" \/>\n<meta property=\"og:url\" content=\"https:\/\/fpsin.com\/index.php\/2021\/09\/15\/camiseta-montana-tour-de-francia\/\" \/>\n<meta property=\"og:site_name\" content=\"Camiseta de f\u00fatbol Atletico de Madrid 2024 2025 - SuperVigo\" \/>\n<meta property=\"article:published_time\" content=\"2021-09-15T03:49:40+00:00\" \/>\n<meta name=\"author\" content=\"istern\" \/>\n<meta name=\"twitter:card\" content=\"summary_large_image\" \/>\n<meta name=\"twitter:label1\" content=\"Escrito por\" \/>\n\t<meta name=\"twitter:data1\" content=\"istern\" \/>\n\t<meta name=\"twitter:label2\" content=\"Tiempo de lectura\" \/>\n\t<meta name=\"twitter:data2\" content=\"4 minutos\" \/>\n<script type=\"application\/ld+json\" class=\"yoast-schema-graph\">{\"@context\":\"https:\/\/schema.org\",\"@graph\":[{\"@type\":\"WebPage\",\"@id\":\"https:\/\/fpsin.com\/index.php\/2021\/09\/15\/camiseta-montana-tour-de-francia\/\",\"url\":\"https:\/\/fpsin.com\/index.php\/2021\/09\/15\/camiseta-montana-tour-de-francia\/\",\"name\":\"camiseta monta\u00f1a tour de francia - Camiseta de f\u00fatbol Atletico de Madrid 2024 2025 - SuperVigo\",\"isPartOf\":{\"@id\":\"https:\/\/fpsin.com\/#website\"},\"datePublished\":\"2021-09-15T03:49:40+00:00\",\"author\":{\"@id\":\"https:\/\/fpsin.com\/#\/schema\/person\/5ff6c0f8eeacd83e877f7ff3643206c1\"},\"breadcrumb\":{\"@id\":\"https:\/\/fpsin.com\/index.php\/2021\/09\/15\/camiseta-montana-tour-de-francia\/#breadcrumb\"},\"inLanguage\":\"es\",\"potentialAction\":[{\"@type\":\"ReadAction\",\"target\":[\"https:\/\/fpsin.com\/index.php\/2021\/09\/15\/camiseta-montana-tour-de-francia\/\"]}]},{\"@type\":\"BreadcrumbList\",\"@id\":\"https:\/\/fpsin.com\/index.php\/2021\/09\/15\/camiseta-montana-tour-de-francia\/#breadcrumb\",\"itemListElement\":[{\"@type\":\"ListItem\",\"position\":1,\"name\":\"Portada\",\"item\":\"https:\/\/fpsin.com\/\"},{\"@type\":\"ListItem\",\"position\":2,\"name\":\"camiseta monta\u00f1a tour de francia\"}]},{\"@type\":\"WebSite\",\"@id\":\"https:\/\/fpsin.com\/#website\",\"url\":\"https:\/\/fpsin.com\/\",\"name\":\"Camiseta de f\u00fatbol Atletico de Madrid 2024 2025 - SuperVigo\",\"description\":\"Camiseta de Atl\u00e9tico de Madrid - Ofrecemos camiseta del Atl\u00e9tico de Madrid 2024 2025 para adultos y ni\u00f1os. Env\u00edo gratis desde 69\u20ac y personalizar Gratis.\",\"potentialAction\":[{\"@type\":\"SearchAction\",\"target\":{\"@type\":\"EntryPoint\",\"urlTemplate\":\"https:\/\/fpsin.com\/?s={search_term_string}\"},\"query-input\":{\"@type\":\"PropertyValueSpecification\",\"valueRequired\":true,\"valueName\":\"search_term_string\"}}],\"inLanguage\":\"es\"},{\"@type\":\"Person\",\"@id\":\"https:\/\/fpsin.com\/#\/schema\/person\/5ff6c0f8eeacd83e877f7ff3643206c1\",\"name\":\"istern\",\"image\":{\"@type\":\"ImageObject\",\"inLanguage\":\"es\",\"@id\":\"https:\/\/fpsin.com\/#\/schema\/person\/image\/\",\"url\":\"https:\/\/secure.gravatar.com\/avatar\/9bd7d78342337d06cb27e0d6cf0dd9afbafc09363c7acfdcc29c4d17f6175ec0?s=96&d=mm&r=g\",\"contentUrl\":\"https:\/\/secure.gravatar.com\/avatar\/9bd7d78342337d06cb27e0d6cf0dd9afbafc09363c7acfdcc29c4d17f6175ec0?s=96&d=mm&r=g\",\"caption\":\"istern\"},\"sameAs\":[\"https:\/\/fpsin.com\"],\"url\":\"https:\/\/fpsin.com\/index.php\/author\/Quetzalxochitl\/\"}]}<\/script>\n<!-- \/ Yoast SEO plugin. -->","yoast_head_json":{"title":"camiseta monta\u00f1a tour de francia - Camiseta de f\u00fatbol Atletico de Madrid 2024 2025 - SuperVigo","robots":{"index":"index","follow":"follow","max-snippet":"max-snippet:-1","max-image-preview":"max-image-preview:large","max-video-preview":"max-video-preview:-1"},"canonical":"https:\/\/fpsin.com\/index.php\/2021\/09\/15\/camiseta-montana-tour-de-francia\/","og_locale":"es_ES","og_type":"article","og_title":"camiseta monta\u00f1a tour de francia - Camiseta de f\u00fatbol Atletico de Madrid 2024 2025 - SuperVigo","og_description":"15\/07 El Valencia ha llegado a un acuerdo con el Braga para la cesi\u00f3n del joven centrocampista brasile\u00f1o Danilo Barbosa, que aterriza en el conjunto ch\u00e9 en calidad de cedido para la pr\u00f3xima temporada con opci\u00f3n de compra. El jugador brasile\u00f1o, de 19 a\u00f1os, habr\u00eda pasado ya el reconocimiento m\u00e9dico con el conjunto ch\u00e9 y [&hellip;]","og_url":"https:\/\/fpsin.com\/index.php\/2021\/09\/15\/camiseta-montana-tour-de-francia\/","og_site_name":"Camiseta de f\u00fatbol Atletico de Madrid 2024 2025 - SuperVigo","article_published_time":"2021-09-15T03:49:40+00:00","author":"istern","twitter_card":"summary_large_image","twitter_misc":{"Escrito por":"istern","Tiempo de lectura":"4 minutos"},"schema":{"@context":"https:\/\/schema.org","@graph":[{"@type":"WebPage","@id":"https:\/\/fpsin.com\/index.php\/2021\/09\/15\/camiseta-montana-tour-de-francia\/","url":"https:\/\/fpsin.com\/index.php\/2021\/09\/15\/camiseta-montana-tour-de-francia\/","name":"camiseta monta\u00f1a tour de francia - Camiseta de f\u00fatbol Atletico de Madrid 2024 2025 - SuperVigo","isPartOf":{"@id":"https:\/\/fpsin.com\/#website"},"datePublished":"2021-09-15T03:49:40+00:00","author":{"@id":"https:\/\/fpsin.com\/#\/schema\/person\/5ff6c0f8eeacd83e877f7ff3643206c1"},"breadcrumb":{"@id":"https:\/\/fpsin.com\/index.php\/2021\/09\/15\/camiseta-montana-tour-de-francia\/#breadcrumb"},"inLanguage":"es","potentialAction":[{"@type":"ReadAction","target":["https:\/\/fpsin.com\/index.php\/2021\/09\/15\/camiseta-montana-tour-de-francia\/"]}]},{"@type":"BreadcrumbList","@id":"https:\/\/fpsin.com\/index.php\/2021\/09\/15\/camiseta-montana-tour-de-francia\/#breadcrumb","itemListElement":[{"@type":"ListItem","position":1,"name":"Portada","item":"https:\/\/fpsin.com\/"},{"@type":"ListItem","position":2,"name":"camiseta monta\u00f1a tour de francia"}]},{"@type":"WebSite","@id":"https:\/\/fpsin.com\/#website","url":"https:\/\/fpsin.com\/","name":"Camiseta de f\u00fatbol Atletico de Madrid 2024 2025 - SuperVigo","description":"Camiseta de Atl\u00e9tico de Madrid - Ofrecemos camiseta del Atl\u00e9tico de Madrid 2024 2025 para adultos y ni\u00f1os. Env\u00edo gratis desde 69\u20ac y personalizar Gratis.","potentialAction":[{"@type":"SearchAction","target":{"@type":"EntryPoint","urlTemplate":"https:\/\/fpsin.com\/?s={search_term_string}"},"query-input":{"@type":"PropertyValueSpecification","valueRequired":true,"valueName":"search_term_string"}}],"inLanguage":"es"},{"@type":"Person","@id":"https:\/\/fpsin.com\/#\/schema\/person\/5ff6c0f8eeacd83e877f7ff3643206c1","name":"istern","image":{"@type":"ImageObject","inLanguage":"es","@id":"https:\/\/fpsin.com\/#\/schema\/person\/image\/","url":"https:\/\/secure.gravatar.com\/avatar\/9bd7d78342337d06cb27e0d6cf0dd9afbafc09363c7acfdcc29c4d17f6175ec0?s=96&d=mm&r=g","contentUrl":"https:\/\/secure.gravatar.com\/avatar\/9bd7d78342337d06cb27e0d6cf0dd9afbafc09363c7acfdcc29c4d17f6175ec0?s=96&d=mm&r=g","caption":"istern"},"sameAs":["https:\/\/fpsin.com"],"url":"https:\/\/fpsin.com\/index.php\/author\/Quetzalxochitl\/"}]}},"_links":{"self":[{"href":"https:\/\/fpsin.com\/index.php\/wp-json\/wp\/v2\/posts\/3934","targetHints":{"allow":["GET"]}}],"collection":[{"href":"https:\/\/fpsin.com\/index.php\/wp-json\/wp\/v2\/posts"}],"about":[{"href":"https:\/\/fpsin.com\/index.php\/wp-json\/wp\/v2\/types\/post"}],"author":[{"embeddable":true,"href":"https:\/\/fpsin.com\/index.php\/wp-json\/wp\/v2\/users\/1"}],"replies":[{"embeddable":true,"href":"https:\/\/fpsin.com\/index.php\/wp-json\/wp\/v2\/comments?post=3934"}],"version-history":[{"count":1,"href":"https:\/\/fpsin.com\/index.php\/wp-json\/wp\/v2\/posts\/3934\/revisions"}],"predecessor-version":[{"id":3935,"href":"https:\/\/fpsin.com\/index.php\/wp-json\/wp\/v2\/posts\/3934\/revisions\/3935"}],"wp:attachment":[{"href":"https:\/\/fpsin.com\/index.php\/wp-json\/wp\/v2\/media?parent=3934"}],"wp:term":[{"taxonomy":"category","embeddable":true,"href":"https:\/\/fpsin.com\/index.php\/wp-json\/wp\/v2\/categories?post=3934"},{"taxonomy":"post_tag","embeddable":true,"href":"https:\/\/fpsin.com\/index.php\/wp-json\/wp\/v2\/tags?post=3934"}],"curies":[{"name":"wp","href":"https:\/\/api.w.org\/{rel}","templated":true}]}}