{"id":3969,"date":"2021-09-15T04:53:13","date_gmt":"2021-09-15T03:53:13","guid":{"rendered":"http:\/\/fpsin.com\/?p=3969"},"modified":"2021-09-15T04:53:13","modified_gmt":"2021-09-15T03:53:13","slug":"camiseta-francia-marinero","status":"publish","type":"post","link":"https:\/\/fpsin.com\/index.php\/2021\/09\/15\/camiseta-francia-marinero\/","title":{"rendered":"camiseta francia marinero"},"content":{"rendered":"<p> En noviembre jug\u00f3 sus \u00faltimos encuentros del a\u00f1o ante M\u00e9xico de local, en un torneo amistoso patrocinado por Adidas, marca que viste a ambas escuadras. Zara suele seleccionar las \u00e1reas mejor ubicadas y m\u00e1s caras del mundo para dar una mejor reputaci\u00f3n a su marca. \u2191 a b Diario El Mundo (ed.). En el a\u00f1o 2010 Feria Valencia contabiliz\u00f3 m\u00e1s de un mill\u00f3n trescientos mil visitantes de todo el mundo y m\u00e1s de doce mil expositores participaron en sus cert\u00e1menes (entre directos y representados). Tras la Eurocopa, Van Basten fue sustituido por Bert van Marwijk que clasific\u00f3 a su selecci\u00f3n para la Copa Mundial de F\u00fatbol de 2010 tras obtener el primer puesto del grupo con 24 puntos. Llegando a ser reconocido en el a\u00f1o 2010 como la mejor sede congresual del mundo, al recibir el World\u00b4s Best Convention Centre, m\u00e1ximo galard\u00f3n de la Asociaci\u00f3n Internacional de Palacios de Congresos. Este parque cient\u00edfico es miembro de la Asociaci\u00f3n Espa\u00f1ola de Parques Cient\u00edficos y Tecnol\u00f3gicos (APTE), as\u00ed como tambi\u00e9n de la International Association of Science Parks (IASP). Del mismo modo que la CPI, el PCUV es miembro de la Asociaci\u00f3n de Parques Cient\u00edficos y Tecnol\u00f3gicos de Espa\u00f1a (APTE) y de la International Association of Science Parks (IASP).<\/p>\n<div style=\"clear:both; text-align:center\"><iframe loading=\"lazy\" width=\"640\" height=\"360\" src=\"https:\/\/www.youtube.com\/embed\/oqaabOY0ErA?rel=0&#038;iv_load_policy=3\" frameborder=\"0\" allowfullscreen title=\"El primer Bal\"><\/iframe><\/div>\n<p> En un partido dur\u00edsimo en el que Zamora acab\u00f3 con un ojo cerrado y con Quincoces, Ciriaco, Fede, Lafuente, Iraragorri, L\u00e1ngara y Gorostiza lesionados, se forz\u00f3 el desempate para 24 horas despu\u00e9s. Ostenta el r\u00e9cord de m\u00e1s puntos en un solo partido de la selecci\u00f3n gala (30), <a HREF=\"https:\/\/colormadrid.com\/es_ES\/taxons\/francia-es-042\">equipacion francia 2022<\/a> conseguido en 1987 en un partido ante Zimbabue. Otra versi\u00f3n le atribuye la decisi\u00f3n al gobierno argentino presidido por Juan Domingo Per\u00f3n, dado que Valent\u00edn Su\u00e1rez le habr\u00eda afirmado que no era posible asegurar un triunfo de la selecci\u00f3n nacional. \u2191 \u00abEspa\u00f1a, la primera selecci\u00f3n en conseguir la triple corona.\u00bb. \u2191 HERAS, RUB\u00c9N (1 de marzo de 2018). \u00abF\u00fatbol | Atl\u00e9tico de Madrid | Griezmann explota a las puertas del Camp Nou\u00bb. \u2191 Karel Stokkermans y Mart\u00edn Tabeira. Los goles del conjunto rosarino \u2014dirigido una vez m\u00e1s por \u00c1ngel Tulio Zof\u2014 fueron marcados por Horacio Carbonari, en dos ocasiones \u2014el segundo suyo, el cuarto del equipo, en el \u00faltimo minuto del encuentro\u2014, Rub\u00e9n Da Silva y Mart\u00edn Cardetti.<\/p>\n<p> Es conocida en Valencia como la \u00abUniversidad Literaria\u00bb, para distinguirla de la Universidad Polit\u00e9cnica de Valencia, a pesar de que una parte muy importante de la docencia e investigaci\u00f3n de la Universidad de Valencia sea en campos \u00abno literarios\u00bb. El sistema D&#8217;Hondt es el m\u00e9todo electoral que se utiliza en Espa\u00f1a, para repartir los concejales de los ayuntamientos, de modo aproximadamente proporcional a los votos obtenidos por las candidaturas. Por lo que respecta a la educaci\u00f3n reglada, la Constituci\u00f3n recoge que existe un reparto de competencias en materia educativa entre las diversas entidades y administraciones presentes en el Estado. Uno de ellos, Xherdan Shaqiri, ironiz\u00f3 sobre lo sucedido: \u201cEspero que Puma no fabrique condones\u201d, afirm\u00f3. En dicha competici\u00f3n disput\u00f3 doce encuentros y marc\u00f3 un gol en la victoria por 1:0 sobre el Chelsea en las semifinales. Para La Roja es tiempo de emprender con \u00e9l un segundo demarraje, tras la funesta experiencia de la Eurocopa en 2017. Una victoria en cuatro partidos y 348 minutos sin gol fueron una gran losa. Bergkamp declar\u00f3 que el primero de los tres hab\u00eda sido su gol favorito con el equipo ingl\u00e9s.<\/p>\n<p> Bergkamp atrajo la atenci\u00f3n de varios clubes europeos debido a sus buenas actuaciones en el Ajax. La regulaci\u00f3n de las medidas acad\u00e9micas y organizativas para la atenci\u00f3n a la diversidad. El desarrollo de medidas acad\u00e9micas y organizativas para la compensaci\u00f3n de las desigualdades en educaci\u00f3n. La regulaci\u00f3n y desarrollo de medidas acad\u00e9micas y organizativas para la escolarizaci\u00f3n, integraci\u00f3n e inclusi\u00f3n del alumnado con necesidades educativas especiales, as\u00ed como el alumnado con altas capacidades intelectuales. En la edici\u00f3n holandesa de Ni\u00f1os futbolistas hay una camiseta del Bar\u00e7a. No permite invertir demasiado en refuerzos y la lucha por la Europa League se retrasa, al menos, una temporada m\u00e1s. En esta \u00e9poca se celebraron tambi\u00e9n varios eventos deportivos y culturales importantes, en particular las dos ediciones de la America&#8217;s Cup y el Gran Premio de Europa de f\u00f3rmula 1 en el circuito urbano de Valencia. Faxdocs. Faximil Ediciones Digitales. La Generalidad tiene amplias competencias sobre la gesti\u00f3n de la ciudad, desde educaci\u00f3n, asuntos sociales, tr\u00e1nsito, pol\u00edticas econ\u00f3micas, comercio, etc. Mbapp\u00e9 se desmarc\u00f3 hace unos d\u00edas de los rumores sobre su posible salida. En tenis, que hab\u00eda sido reforzado por distintos jugadores, destac\u00f3 la figura de Manuel Santana, campe\u00f3n del Campeonato de Wimbledon en 1966 con el escudo del club madridista en el pecho.<\/p>\n<p>Si tiene pr\u00e1cticamente cualquier problema con respecto a d\u00f3nde, junto con consejos sobre c\u00f3mo emplear <a href=\"https:\/\/colormadrid.com\/\">equipaciones futbol<\/a> , puede enviarnos un correo electr\u00f3nico en nuestro propio sitio de Internet.<\/p>\n","protected":false},"excerpt":{"rendered":"<p>En noviembre jug\u00f3 sus \u00faltimos encuentros del a\u00f1o ante M\u00e9xico de local, en un torneo amistoso patrocinado por Adidas, marca que viste a ambas escuadras. Zara suele seleccionar las \u00e1reas mejor ubicadas y m\u00e1s caras del mundo para dar una mejor reputaci\u00f3n a su marca. \u2191 a b Diario El Mundo (ed.). En el a\u00f1o [&hellip;]<\/p>\n","protected":false},"author":1,"featured_media":0,"comment_status":"open","ping_status":"open","sticky":false,"template":"","format":"standard","meta":{"footnotes":""},"categories":[1],"tags":[2049,1910,2048],"class_list":["post-3969","post","type-post","status-publish","format-standard","hentry","category-uncategorized","tag-camiseta-francia-3-equipacion-kante-2018","tag-camiseta-jordan-francia-baloncesto","tag-mbappe-camiseta-francia"],"blocksy_meta":[],"yoast_head":"<!-- This site is optimized with the Yoast SEO plugin v25.8 - https:\/\/yoast.com\/wordpress\/plugins\/seo\/ -->\n<title>camiseta francia marinero - Camiseta de f\u00fatbol Atletico de Madrid 2024 2025 - SuperVigo<\/title>\n<meta name=\"robots\" content=\"index, follow, max-snippet:-1, max-image-preview:large, max-video-preview:-1\" \/>\n<link rel=\"canonical\" href=\"https:\/\/fpsin.com\/index.php\/2021\/09\/15\/camiseta-francia-marinero\/\" \/>\n<meta property=\"og:locale\" content=\"es_ES\" \/>\n<meta property=\"og:type\" content=\"article\" \/>\n<meta property=\"og:title\" content=\"camiseta francia marinero - Camiseta de f\u00fatbol Atletico de Madrid 2024 2025 - SuperVigo\" \/>\n<meta property=\"og:description\" content=\"En noviembre jug\u00f3 sus \u00faltimos encuentros del a\u00f1o ante M\u00e9xico de local, en un torneo amistoso patrocinado por Adidas, marca que viste a ambas escuadras. Zara suele seleccionar las \u00e1reas mejor ubicadas y m\u00e1s caras del mundo para dar una mejor reputaci\u00f3n a su marca. \u2191 a b Diario El Mundo (ed.). En el a\u00f1o [&hellip;]\" \/>\n<meta property=\"og:url\" content=\"https:\/\/fpsin.com\/index.php\/2021\/09\/15\/camiseta-francia-marinero\/\" \/>\n<meta property=\"og:site_name\" content=\"Camiseta de f\u00fatbol Atletico de Madrid 2024 2025 - SuperVigo\" \/>\n<meta property=\"article:published_time\" content=\"2021-09-15T03:53:13+00:00\" \/>\n<meta name=\"author\" content=\"istern\" \/>\n<meta name=\"twitter:card\" content=\"summary_large_image\" \/>\n<meta name=\"twitter:label1\" content=\"Escrito por\" \/>\n\t<meta name=\"twitter:data1\" content=\"istern\" \/>\n\t<meta name=\"twitter:label2\" content=\"Tiempo de lectura\" \/>\n\t<meta name=\"twitter:data2\" content=\"4 minutos\" \/>\n<script type=\"application\/ld+json\" class=\"yoast-schema-graph\">{\"@context\":\"https:\/\/schema.org\",\"@graph\":[{\"@type\":\"WebPage\",\"@id\":\"https:\/\/fpsin.com\/index.php\/2021\/09\/15\/camiseta-francia-marinero\/\",\"url\":\"https:\/\/fpsin.com\/index.php\/2021\/09\/15\/camiseta-francia-marinero\/\",\"name\":\"camiseta francia marinero - Camiseta de f\u00fatbol Atletico de Madrid 2024 2025 - SuperVigo\",\"isPartOf\":{\"@id\":\"https:\/\/fpsin.com\/#website\"},\"datePublished\":\"2021-09-15T03:53:13+00:00\",\"author\":{\"@id\":\"https:\/\/fpsin.com\/#\/schema\/person\/5ff6c0f8eeacd83e877f7ff3643206c1\"},\"breadcrumb\":{\"@id\":\"https:\/\/fpsin.com\/index.php\/2021\/09\/15\/camiseta-francia-marinero\/#breadcrumb\"},\"inLanguage\":\"es\",\"potentialAction\":[{\"@type\":\"ReadAction\",\"target\":[\"https:\/\/fpsin.com\/index.php\/2021\/09\/15\/camiseta-francia-marinero\/\"]}]},{\"@type\":\"BreadcrumbList\",\"@id\":\"https:\/\/fpsin.com\/index.php\/2021\/09\/15\/camiseta-francia-marinero\/#breadcrumb\",\"itemListElement\":[{\"@type\":\"ListItem\",\"position\":1,\"name\":\"Portada\",\"item\":\"https:\/\/fpsin.com\/\"},{\"@type\":\"ListItem\",\"position\":2,\"name\":\"camiseta francia marinero\"}]},{\"@type\":\"WebSite\",\"@id\":\"https:\/\/fpsin.com\/#website\",\"url\":\"https:\/\/fpsin.com\/\",\"name\":\"Camiseta de f\u00fatbol Atletico de Madrid 2024 2025 - SuperVigo\",\"description\":\"Camiseta de Atl\u00e9tico de Madrid - Ofrecemos camiseta del Atl\u00e9tico de Madrid 2024 2025 para adultos y ni\u00f1os. Env\u00edo gratis desde 69\u20ac y personalizar Gratis.\",\"potentialAction\":[{\"@type\":\"SearchAction\",\"target\":{\"@type\":\"EntryPoint\",\"urlTemplate\":\"https:\/\/fpsin.com\/?s={search_term_string}\"},\"query-input\":{\"@type\":\"PropertyValueSpecification\",\"valueRequired\":true,\"valueName\":\"search_term_string\"}}],\"inLanguage\":\"es\"},{\"@type\":\"Person\",\"@id\":\"https:\/\/fpsin.com\/#\/schema\/person\/5ff6c0f8eeacd83e877f7ff3643206c1\",\"name\":\"istern\",\"image\":{\"@type\":\"ImageObject\",\"inLanguage\":\"es\",\"@id\":\"https:\/\/fpsin.com\/#\/schema\/person\/image\/\",\"url\":\"https:\/\/secure.gravatar.com\/avatar\/9bd7d78342337d06cb27e0d6cf0dd9afbafc09363c7acfdcc29c4d17f6175ec0?s=96&d=mm&r=g\",\"contentUrl\":\"https:\/\/secure.gravatar.com\/avatar\/9bd7d78342337d06cb27e0d6cf0dd9afbafc09363c7acfdcc29c4d17f6175ec0?s=96&d=mm&r=g\",\"caption\":\"istern\"},\"sameAs\":[\"https:\/\/fpsin.com\"],\"url\":\"https:\/\/fpsin.com\/index.php\/author\/Quetzalxochitl\/\"}]}<\/script>\n<!-- \/ Yoast SEO plugin. -->","yoast_head_json":{"title":"camiseta francia marinero - Camiseta de f\u00fatbol Atletico de Madrid 2024 2025 - SuperVigo","robots":{"index":"index","follow":"follow","max-snippet":"max-snippet:-1","max-image-preview":"max-image-preview:large","max-video-preview":"max-video-preview:-1"},"canonical":"https:\/\/fpsin.com\/index.php\/2021\/09\/15\/camiseta-francia-marinero\/","og_locale":"es_ES","og_type":"article","og_title":"camiseta francia marinero - Camiseta de f\u00fatbol Atletico de Madrid 2024 2025 - SuperVigo","og_description":"En noviembre jug\u00f3 sus \u00faltimos encuentros del a\u00f1o ante M\u00e9xico de local, en un torneo amistoso patrocinado por Adidas, marca que viste a ambas escuadras. Zara suele seleccionar las \u00e1reas mejor ubicadas y m\u00e1s caras del mundo para dar una mejor reputaci\u00f3n a su marca. \u2191 a b Diario El Mundo (ed.). En el a\u00f1o [&hellip;]","og_url":"https:\/\/fpsin.com\/index.php\/2021\/09\/15\/camiseta-francia-marinero\/","og_site_name":"Camiseta de f\u00fatbol Atletico de Madrid 2024 2025 - SuperVigo","article_published_time":"2021-09-15T03:53:13+00:00","author":"istern","twitter_card":"summary_large_image","twitter_misc":{"Escrito por":"istern","Tiempo de lectura":"4 minutos"},"schema":{"@context":"https:\/\/schema.org","@graph":[{"@type":"WebPage","@id":"https:\/\/fpsin.com\/index.php\/2021\/09\/15\/camiseta-francia-marinero\/","url":"https:\/\/fpsin.com\/index.php\/2021\/09\/15\/camiseta-francia-marinero\/","name":"camiseta francia marinero - Camiseta de f\u00fatbol Atletico de Madrid 2024 2025 - SuperVigo","isPartOf":{"@id":"https:\/\/fpsin.com\/#website"},"datePublished":"2021-09-15T03:53:13+00:00","author":{"@id":"https:\/\/fpsin.com\/#\/schema\/person\/5ff6c0f8eeacd83e877f7ff3643206c1"},"breadcrumb":{"@id":"https:\/\/fpsin.com\/index.php\/2021\/09\/15\/camiseta-francia-marinero\/#breadcrumb"},"inLanguage":"es","potentialAction":[{"@type":"ReadAction","target":["https:\/\/fpsin.com\/index.php\/2021\/09\/15\/camiseta-francia-marinero\/"]}]},{"@type":"BreadcrumbList","@id":"https:\/\/fpsin.com\/index.php\/2021\/09\/15\/camiseta-francia-marinero\/#breadcrumb","itemListElement":[{"@type":"ListItem","position":1,"name":"Portada","item":"https:\/\/fpsin.com\/"},{"@type":"ListItem","position":2,"name":"camiseta francia marinero"}]},{"@type":"WebSite","@id":"https:\/\/fpsin.com\/#website","url":"https:\/\/fpsin.com\/","name":"Camiseta de f\u00fatbol Atletico de Madrid 2024 2025 - SuperVigo","description":"Camiseta de Atl\u00e9tico de Madrid - Ofrecemos camiseta del Atl\u00e9tico de Madrid 2024 2025 para adultos y ni\u00f1os. Env\u00edo gratis desde 69\u20ac y personalizar Gratis.","potentialAction":[{"@type":"SearchAction","target":{"@type":"EntryPoint","urlTemplate":"https:\/\/fpsin.com\/?s={search_term_string}"},"query-input":{"@type":"PropertyValueSpecification","valueRequired":true,"valueName":"search_term_string"}}],"inLanguage":"es"},{"@type":"Person","@id":"https:\/\/fpsin.com\/#\/schema\/person\/5ff6c0f8eeacd83e877f7ff3643206c1","name":"istern","image":{"@type":"ImageObject","inLanguage":"es","@id":"https:\/\/fpsin.com\/#\/schema\/person\/image\/","url":"https:\/\/secure.gravatar.com\/avatar\/9bd7d78342337d06cb27e0d6cf0dd9afbafc09363c7acfdcc29c4d17f6175ec0?s=96&d=mm&r=g","contentUrl":"https:\/\/secure.gravatar.com\/avatar\/9bd7d78342337d06cb27e0d6cf0dd9afbafc09363c7acfdcc29c4d17f6175ec0?s=96&d=mm&r=g","caption":"istern"},"sameAs":["https:\/\/fpsin.com"],"url":"https:\/\/fpsin.com\/index.php\/author\/Quetzalxochitl\/"}]}},"_links":{"self":[{"href":"https:\/\/fpsin.com\/index.php\/wp-json\/wp\/v2\/posts\/3969","targetHints":{"allow":["GET"]}}],"collection":[{"href":"https:\/\/fpsin.com\/index.php\/wp-json\/wp\/v2\/posts"}],"about":[{"href":"https:\/\/fpsin.com\/index.php\/wp-json\/wp\/v2\/types\/post"}],"author":[{"embeddable":true,"href":"https:\/\/fpsin.com\/index.php\/wp-json\/wp\/v2\/users\/1"}],"replies":[{"embeddable":true,"href":"https:\/\/fpsin.com\/index.php\/wp-json\/wp\/v2\/comments?post=3969"}],"version-history":[{"count":1,"href":"https:\/\/fpsin.com\/index.php\/wp-json\/wp\/v2\/posts\/3969\/revisions"}],"predecessor-version":[{"id":3970,"href":"https:\/\/fpsin.com\/index.php\/wp-json\/wp\/v2\/posts\/3969\/revisions\/3970"}],"wp:attachment":[{"href":"https:\/\/fpsin.com\/index.php\/wp-json\/wp\/v2\/media?parent=3969"}],"wp:term":[{"taxonomy":"category","embeddable":true,"href":"https:\/\/fpsin.com\/index.php\/wp-json\/wp\/v2\/categories?post=3969"},{"taxonomy":"post_tag","embeddable":true,"href":"https:\/\/fpsin.com\/index.php\/wp-json\/wp\/v2\/tags?post=3969"}],"curies":[{"name":"wp","href":"https:\/\/api.w.org\/{rel}","templated":true}]}}