{"id":3972,"date":"2021-09-15T04:53:25","date_gmt":"2021-09-15T03:53:25","guid":{"rendered":"http:\/\/fpsin.com\/?p=3972"},"modified":"2021-09-15T04:53:25","modified_gmt":"2021-09-15T03:53:25","slug":"camiseta-de-francia-1998-mundial","status":"publish","type":"post","link":"https:\/\/fpsin.com\/index.php\/2021\/09\/15\/camiseta-de-francia-1998-mundial\/","title":{"rendered":"camiseta de francia 1998 mundial"},"content":{"rendered":"<p> Como exjugador, era un gran conocedor del club y consigue asentar una filosof\u00eda que hace que el club vuelva a ser el dominador de Europa. Pese a todo, el museo del estadio Mineir\u00e3o, de Belo Horizonte, donde se jug\u00f3 aquel encuentro, luce orgulloso la remera que la selecci\u00f3n germana luci\u00f3 aquel d\u00eda. Ante 50.000 espectadores, los goles de Alfonso y Abelardo, la selecci\u00f3n se carg\u00f3 de moral para la Euro. Empezaron su andadura con un empate sin goles frente a los charr\u00faas, pero despu\u00e9s las cosas se torcieron. Lan\u00fas domina las acciones del encuentro y se pone 1-0 arriba en el primer tiempo. El partido, disputado en el Parque de los Pr\u00edncipes de Par\u00eds, se decant\u00f3 del lado de los \u00ab\u00bbnerazurri\u00bb\u00bb, que vencieron al conjunto romano por 3-0, con goles de Iv\u00e1n Zamorano, Javier Zanetti y Ronaldo. La sueca Asllani fue la m\u00e1xima referente al anotar ocho goles con los que se situ\u00f3 como m\u00e1xima realizadora del campeonato.<\/p>\n<div style=\"clear:both; text-align:center\"><iframe loading=\"lazy\" width=\"640\" height=\"360\" src=\"https:\/\/www.youtube.com\/embed\/ZtekzjvL9M4?rel=0&#038;fs=0&#038;disablekb=1\" frameborder=\"0\" allowfullscreen title=\"MCN URDU NEWS 3 MARCH\"><\/iframe><\/div>\n<p> Te mostramos qu\u00e9 colores lucir\u00e1 el combinado nacional durante toda la fase de grupos, qu\u00e9 dijo Ramos, Iniesta y Del Bosque en rueda de prensa y el ambiente que hay en la ciudad de Toulouse. As\u00ed es tambi\u00e9n como se designa al equipo nacional de f\u00fatbol franc\u00e9s en referencia al color de su camiseta. Especialmente desafortunado estuvo Xhaka, que tuvo que cambiarse dos veces su camiseta. Macron ha llegado al El\u00edseo sin un partido tradicional detr\u00e1s, aupado por un ej\u00e9rcito de voluntarios -260.000 personas- seducidos por un discurso que pretende romper los moldes de la vieja pol\u00edtica. En la semifinal, donde su selecci\u00f3n derrot\u00f3 2-1 a Alemania, fue elegido mejor jugador del partido. Tres d\u00edas despu\u00e9s empataron 1-1 con Alemania, en el que en el que a priori era el partido m\u00e1s complicado del grupo, gracias a un gol de Goikoetxea. En el gol inaugural fue Griezmann quien forz\u00f3 la pol\u00e9mica falta de Brozovic. A falta de unas horas para el inicio de la competici\u00f3n, todos los equipos de la Eurocopa 2016 han dado a conocer sus equipaciones. 7\u00aa prueba: 6 Horas de Fuji (Jap\u00f3n). 8\u00aa prueba: 6 Horas de Shangh\u00e1i (China).<\/p>\n<p> 9\u00aa y \u00faltima prueba: 6 Horas de Bar\u00e9in. 26. Automovilismo. F\u00f3rmula 1. 20\u00aa y \u00faltima prueba: GP de Abu Dabi. 5. Automovilismo. Mundial de Resistencia. Nada m\u00e1s conocerse el triunfo del candidato social liberal que encandila a la capital francesa, <a href=\"https:\/\/colormadrid.com\/\" >colormadrid<\/a> los bocinazos estallaron en el centro de Par\u00eds como si fuera la final de un mundial de f\u00fatbol. Ahora toca no fallar en el resto de partidos y pensar en un empate o una victoria en Par\u00eds para evitar la repesca. Aidy Boothroyd cit\u00f3 a Tammy el 16 de mayo de 2016, para jugar dos partidos amistosos contra la selecci\u00f3n mexicana, los \u00faltimos en la preparaci\u00f3n rumbo a la fase final del Campeonato Europeo Sub-19. Se trataba del central Adolfo Sacarello, una de las grandes figuras del equipo por esos a\u00f1os. El nuevo presidente dijo que \u201cesta noche Europa y el mundo nos miran, esperan que defendamos en todo momento el esp\u00edritu de las luces, amenazado en tantos lugares\u201d. El presidente del Manchester, Martin Edwards, hab\u00eda llamado a su contraparte del Leeds por Lee Chapman, <a href=\"https:\/\/colormadrid.com\/es_ES\/taxons\/francia-es-042\">equipacion francia 2021<\/a> quien ya ten\u00eda 33 a\u00f1os y por tanto parec\u00eda m\u00e1s f\u00e1cil de conseguir. 28-5 dic. Halterofilia. Campeonatos del Mundo, en Anaheim (California, EE.UU.).<\/p>\n<p> 23-30. Tiro. Finales de la Copa del Mundo, en Nueva Delhi. Es un premio que se le otorga a las j\u00f3venes promesas del \u2018Tour\u2019 desde 1975 hasta la edici\u00f3n actual. Las calles se llenaron de coches desde los que hac\u00edan ondear banderas francesas -sobre todo- y alguna de la Uni\u00f3n Europea. Sonaba el himno de Europa, la multitud enarbolaba banderas francesas y gritaba \u201cMacron, pr\u00e9sident\u201d. Berrich\u00f3n de Ch\u00e2teauroux se funda en 1883 como un club polideportivo que inclu\u00eda un club de gimnasia y un club de tiro. Snee tiene 31 a\u00f1os y, lejos de iniciar una cuenta regresiva a su carrera, este a\u00f1o dar\u00e1 un paso hacia delante puesto que competir\u00e1 en un club de la ITM (m\u00e1xima categor\u00eda del pa\u00eds de los All Blacks). Desde 1999, y durante gran parte de la d\u00e9cada del 2000, el Paris Saint-Germain tuvo \u00e9xitos moment\u00e1neos conquistando 2 t\u00edtulos en la Copa de Francia y 1 Copa Intertoto, teniendo como gran referente en el torneo al brasile\u00f1o Ronaldinho Gaucho.<\/p>\n<p>En el caso de que usted amado este art\u00edculo informativo junto con usted desea ser dado m\u00e1s informaci\u00f3n sobre <a href=\"https:\/\/colormadrid.com\/es_ES\/taxons\/francia-es-042\"  Rel=\"nofollow\">equipacion francia<\/a> <a href=\"https:\/\/colormadrid.com\/es_ES\/taxons\/francia-es-042\"  Rel=\"nofollow\">equipacion francia<\/a> le imploro que detenga por nuestra p\u00e1gina.<\/p>\n","protected":false},"excerpt":{"rendered":"<p>Como exjugador, era un gran conocedor del club y consigue asentar una filosof\u00eda que hace que el club vuelva a ser el dominador de Europa. Pese a todo, el museo del estadio Mineir\u00e3o, de Belo Horizonte, donde se jug\u00f3 aquel encuentro, luce orgulloso la remera que la selecci\u00f3n germana luci\u00f3 aquel d\u00eda. Ante 50.000 espectadores, [&hellip;]<\/p>\n","protected":false},"author":1,"featured_media":0,"comment_status":"open","ping_status":"open","sticky":false,"template":"","format":"standard","meta":{"footnotes":""},"categories":[1],"tags":[2052,2050,2051],"class_list":["post-3972","post","type-post","status-publish","format-standard","hentry","category-uncategorized","tag-camiseta-francia-rubgy-espana","tag-camiseta-francia-vs-islandia","tag-camiseta-tour-de-francia-dream-league-soccer-descargar"],"blocksy_meta":[],"yoast_head":"<!-- This site is optimized with the Yoast SEO plugin v25.8 - https:\/\/yoast.com\/wordpress\/plugins\/seo\/ -->\n<title>camiseta de francia 1998 mundial - Camiseta de f\u00fatbol Atletico de Madrid 2024 2025 - SuperVigo<\/title>\n<meta name=\"robots\" content=\"index, follow, max-snippet:-1, max-image-preview:large, max-video-preview:-1\" \/>\n<link rel=\"canonical\" href=\"https:\/\/fpsin.com\/index.php\/2021\/09\/15\/camiseta-de-francia-1998-mundial\/\" \/>\n<meta property=\"og:locale\" content=\"es_ES\" \/>\n<meta property=\"og:type\" content=\"article\" \/>\n<meta property=\"og:title\" content=\"camiseta de francia 1998 mundial - Camiseta de f\u00fatbol Atletico de Madrid 2024 2025 - SuperVigo\" \/>\n<meta property=\"og:description\" content=\"Como exjugador, era un gran conocedor del club y consigue asentar una filosof\u00eda que hace que el club vuelva a ser el dominador de Europa. Pese a todo, el museo del estadio Mineir\u00e3o, de Belo Horizonte, donde se jug\u00f3 aquel encuentro, luce orgulloso la remera que la selecci\u00f3n germana luci\u00f3 aquel d\u00eda. Ante 50.000 espectadores, [&hellip;]\" \/>\n<meta property=\"og:url\" content=\"https:\/\/fpsin.com\/index.php\/2021\/09\/15\/camiseta-de-francia-1998-mundial\/\" \/>\n<meta property=\"og:site_name\" content=\"Camiseta de f\u00fatbol Atletico de Madrid 2024 2025 - SuperVigo\" \/>\n<meta property=\"article:published_time\" content=\"2021-09-15T03:53:25+00:00\" \/>\n<meta name=\"author\" content=\"istern\" \/>\n<meta name=\"twitter:card\" content=\"summary_large_image\" \/>\n<meta name=\"twitter:label1\" content=\"Escrito por\" \/>\n\t<meta name=\"twitter:data1\" content=\"istern\" \/>\n\t<meta name=\"twitter:label2\" content=\"Tiempo de lectura\" \/>\n\t<meta name=\"twitter:data2\" content=\"4 minutos\" \/>\n<script type=\"application\/ld+json\" class=\"yoast-schema-graph\">{\"@context\":\"https:\/\/schema.org\",\"@graph\":[{\"@type\":\"WebPage\",\"@id\":\"https:\/\/fpsin.com\/index.php\/2021\/09\/15\/camiseta-de-francia-1998-mundial\/\",\"url\":\"https:\/\/fpsin.com\/index.php\/2021\/09\/15\/camiseta-de-francia-1998-mundial\/\",\"name\":\"camiseta de francia 1998 mundial - Camiseta de f\u00fatbol Atletico de Madrid 2024 2025 - SuperVigo\",\"isPartOf\":{\"@id\":\"https:\/\/fpsin.com\/#website\"},\"datePublished\":\"2021-09-15T03:53:25+00:00\",\"author\":{\"@id\":\"https:\/\/fpsin.com\/#\/schema\/person\/5ff6c0f8eeacd83e877f7ff3643206c1\"},\"breadcrumb\":{\"@id\":\"https:\/\/fpsin.com\/index.php\/2021\/09\/15\/camiseta-de-francia-1998-mundial\/#breadcrumb\"},\"inLanguage\":\"es\",\"potentialAction\":[{\"@type\":\"ReadAction\",\"target\":[\"https:\/\/fpsin.com\/index.php\/2021\/09\/15\/camiseta-de-francia-1998-mundial\/\"]}]},{\"@type\":\"BreadcrumbList\",\"@id\":\"https:\/\/fpsin.com\/index.php\/2021\/09\/15\/camiseta-de-francia-1998-mundial\/#breadcrumb\",\"itemListElement\":[{\"@type\":\"ListItem\",\"position\":1,\"name\":\"Portada\",\"item\":\"https:\/\/fpsin.com\/\"},{\"@type\":\"ListItem\",\"position\":2,\"name\":\"camiseta de francia 1998 mundial\"}]},{\"@type\":\"WebSite\",\"@id\":\"https:\/\/fpsin.com\/#website\",\"url\":\"https:\/\/fpsin.com\/\",\"name\":\"Camiseta de f\u00fatbol Atletico de Madrid 2024 2025 - SuperVigo\",\"description\":\"Camiseta de Atl\u00e9tico de Madrid - Ofrecemos camiseta del Atl\u00e9tico de Madrid 2024 2025 para adultos y ni\u00f1os. Env\u00edo gratis desde 69\u20ac y personalizar Gratis.\",\"potentialAction\":[{\"@type\":\"SearchAction\",\"target\":{\"@type\":\"EntryPoint\",\"urlTemplate\":\"https:\/\/fpsin.com\/?s={search_term_string}\"},\"query-input\":{\"@type\":\"PropertyValueSpecification\",\"valueRequired\":true,\"valueName\":\"search_term_string\"}}],\"inLanguage\":\"es\"},{\"@type\":\"Person\",\"@id\":\"https:\/\/fpsin.com\/#\/schema\/person\/5ff6c0f8eeacd83e877f7ff3643206c1\",\"name\":\"istern\",\"image\":{\"@type\":\"ImageObject\",\"inLanguage\":\"es\",\"@id\":\"https:\/\/fpsin.com\/#\/schema\/person\/image\/\",\"url\":\"https:\/\/secure.gravatar.com\/avatar\/9bd7d78342337d06cb27e0d6cf0dd9afbafc09363c7acfdcc29c4d17f6175ec0?s=96&d=mm&r=g\",\"contentUrl\":\"https:\/\/secure.gravatar.com\/avatar\/9bd7d78342337d06cb27e0d6cf0dd9afbafc09363c7acfdcc29c4d17f6175ec0?s=96&d=mm&r=g\",\"caption\":\"istern\"},\"sameAs\":[\"https:\/\/fpsin.com\"],\"url\":\"https:\/\/fpsin.com\/index.php\/author\/Quetzalxochitl\/\"}]}<\/script>\n<!-- \/ Yoast SEO plugin. -->","yoast_head_json":{"title":"camiseta de francia 1998 mundial - Camiseta de f\u00fatbol Atletico de Madrid 2024 2025 - SuperVigo","robots":{"index":"index","follow":"follow","max-snippet":"max-snippet:-1","max-image-preview":"max-image-preview:large","max-video-preview":"max-video-preview:-1"},"canonical":"https:\/\/fpsin.com\/index.php\/2021\/09\/15\/camiseta-de-francia-1998-mundial\/","og_locale":"es_ES","og_type":"article","og_title":"camiseta de francia 1998 mundial - Camiseta de f\u00fatbol Atletico de Madrid 2024 2025 - SuperVigo","og_description":"Como exjugador, era un gran conocedor del club y consigue asentar una filosof\u00eda que hace que el club vuelva a ser el dominador de Europa. Pese a todo, el museo del estadio Mineir\u00e3o, de Belo Horizonte, donde se jug\u00f3 aquel encuentro, luce orgulloso la remera que la selecci\u00f3n germana luci\u00f3 aquel d\u00eda. Ante 50.000 espectadores, [&hellip;]","og_url":"https:\/\/fpsin.com\/index.php\/2021\/09\/15\/camiseta-de-francia-1998-mundial\/","og_site_name":"Camiseta de f\u00fatbol Atletico de Madrid 2024 2025 - SuperVigo","article_published_time":"2021-09-15T03:53:25+00:00","author":"istern","twitter_card":"summary_large_image","twitter_misc":{"Escrito por":"istern","Tiempo de lectura":"4 minutos"},"schema":{"@context":"https:\/\/schema.org","@graph":[{"@type":"WebPage","@id":"https:\/\/fpsin.com\/index.php\/2021\/09\/15\/camiseta-de-francia-1998-mundial\/","url":"https:\/\/fpsin.com\/index.php\/2021\/09\/15\/camiseta-de-francia-1998-mundial\/","name":"camiseta de francia 1998 mundial - Camiseta de f\u00fatbol Atletico de Madrid 2024 2025 - SuperVigo","isPartOf":{"@id":"https:\/\/fpsin.com\/#website"},"datePublished":"2021-09-15T03:53:25+00:00","author":{"@id":"https:\/\/fpsin.com\/#\/schema\/person\/5ff6c0f8eeacd83e877f7ff3643206c1"},"breadcrumb":{"@id":"https:\/\/fpsin.com\/index.php\/2021\/09\/15\/camiseta-de-francia-1998-mundial\/#breadcrumb"},"inLanguage":"es","potentialAction":[{"@type":"ReadAction","target":["https:\/\/fpsin.com\/index.php\/2021\/09\/15\/camiseta-de-francia-1998-mundial\/"]}]},{"@type":"BreadcrumbList","@id":"https:\/\/fpsin.com\/index.php\/2021\/09\/15\/camiseta-de-francia-1998-mundial\/#breadcrumb","itemListElement":[{"@type":"ListItem","position":1,"name":"Portada","item":"https:\/\/fpsin.com\/"},{"@type":"ListItem","position":2,"name":"camiseta de francia 1998 mundial"}]},{"@type":"WebSite","@id":"https:\/\/fpsin.com\/#website","url":"https:\/\/fpsin.com\/","name":"Camiseta de f\u00fatbol Atletico de Madrid 2024 2025 - SuperVigo","description":"Camiseta de Atl\u00e9tico de Madrid - Ofrecemos camiseta del Atl\u00e9tico de Madrid 2024 2025 para adultos y ni\u00f1os. Env\u00edo gratis desde 69\u20ac y personalizar Gratis.","potentialAction":[{"@type":"SearchAction","target":{"@type":"EntryPoint","urlTemplate":"https:\/\/fpsin.com\/?s={search_term_string}"},"query-input":{"@type":"PropertyValueSpecification","valueRequired":true,"valueName":"search_term_string"}}],"inLanguage":"es"},{"@type":"Person","@id":"https:\/\/fpsin.com\/#\/schema\/person\/5ff6c0f8eeacd83e877f7ff3643206c1","name":"istern","image":{"@type":"ImageObject","inLanguage":"es","@id":"https:\/\/fpsin.com\/#\/schema\/person\/image\/","url":"https:\/\/secure.gravatar.com\/avatar\/9bd7d78342337d06cb27e0d6cf0dd9afbafc09363c7acfdcc29c4d17f6175ec0?s=96&d=mm&r=g","contentUrl":"https:\/\/secure.gravatar.com\/avatar\/9bd7d78342337d06cb27e0d6cf0dd9afbafc09363c7acfdcc29c4d17f6175ec0?s=96&d=mm&r=g","caption":"istern"},"sameAs":["https:\/\/fpsin.com"],"url":"https:\/\/fpsin.com\/index.php\/author\/Quetzalxochitl\/"}]}},"_links":{"self":[{"href":"https:\/\/fpsin.com\/index.php\/wp-json\/wp\/v2\/posts\/3972","targetHints":{"allow":["GET"]}}],"collection":[{"href":"https:\/\/fpsin.com\/index.php\/wp-json\/wp\/v2\/posts"}],"about":[{"href":"https:\/\/fpsin.com\/index.php\/wp-json\/wp\/v2\/types\/post"}],"author":[{"embeddable":true,"href":"https:\/\/fpsin.com\/index.php\/wp-json\/wp\/v2\/users\/1"}],"replies":[{"embeddable":true,"href":"https:\/\/fpsin.com\/index.php\/wp-json\/wp\/v2\/comments?post=3972"}],"version-history":[{"count":1,"href":"https:\/\/fpsin.com\/index.php\/wp-json\/wp\/v2\/posts\/3972\/revisions"}],"predecessor-version":[{"id":3973,"href":"https:\/\/fpsin.com\/index.php\/wp-json\/wp\/v2\/posts\/3972\/revisions\/3973"}],"wp:attachment":[{"href":"https:\/\/fpsin.com\/index.php\/wp-json\/wp\/v2\/media?parent=3972"}],"wp:term":[{"taxonomy":"category","embeddable":true,"href":"https:\/\/fpsin.com\/index.php\/wp-json\/wp\/v2\/categories?post=3972"},{"taxonomy":"post_tag","embeddable":true,"href":"https:\/\/fpsin.com\/index.php\/wp-json\/wp\/v2\/tags?post=3972"}],"curies":[{"name":"wp","href":"https:\/\/api.w.org\/{rel}","templated":true}]}}