{"id":3975,"date":"2021-09-15T04:53:37","date_gmt":"2021-09-15T03:53:37","guid":{"rendered":"http:\/\/fpsin.com\/?p=3975"},"modified":"2021-09-15T04:53:37","modified_gmt":"2021-09-15T03:53:37","slug":"camiseta-de-seleccion-francia","status":"publish","type":"post","link":"https:\/\/fpsin.com\/index.php\/2021\/09\/15\/camiseta-de-seleccion-francia\/","title":{"rendered":"camiseta de selecci\u00f3n francia"},"content":{"rendered":"<p> Puente de Serranos, siglo XVI. Hoy en d\u00eda forma un paseo de poco m\u00e1s de un kil\u00f3metro entre el puente del Real y el puente de Arag\u00f3n. El paseo de la Alameda era el antiguo acceso al Palacio del Real de Valencia desde el mar. En 1894 se fund\u00f3 el C\u00edrculo de Bellas Artes de Valencia. Con la llegada de la democracia, el antiguo reino de Valencia se instituy\u00f3 en comunidad aut\u00f3noma, la Comunidad Valenciana, y estableci\u00f3 en su Estatuto de Autonom\u00eda que la capital fuera Valencia. El pasado verano tras la salida de Diego Alves a m\u00e1s de uno le temblaron las piernas en la capital del Turia. El 6 de noviembre de 1936 Valencia se convirti\u00f3 en la capital de la Espa\u00f1a republicana a manos de Francisco Largo Caballero, presidente del gobierno. En categor\u00eda femenina, el torneo lo gan\u00f3 el Espanyol (por Espa\u00f1a) ante el Olympique de Lyon (que visti\u00f3 los colores de Francia). Desde que era chiquitito y quer\u00eda protestar, mi padre siempre me dec\u00eda : \u00abni\u00f1o, mutis por el foro\u00bb.<\/p>\n<div style=\"clear:both; text-align:center\"><iframe width='640' height='360' src='https:\/\/www.youtube.com\/embed\/wg2wxRlvsS0?rel=0&#038;modestbranding=1' frameborder='0' allowfullscreen title='2 weeks ago (c) by thetoniemcee'><\/iframe><\/div>\n<p> Puerto, la avenida del Cid, la avenida de las Cortes Valencianas, la de Ausias March, la avenida de Francia, Avenida de Burjasot y las calles San Vicente M\u00e1rtir, Nicasio Benlloch, Padre Ferris y Centelles. \u201cCuento a menudo estas cosas en Madrid\u201d, afirm\u00f3 el ex jugador blanco, que asisti\u00f3 al encuentro en el Estadio de Francia, <a href=\"https:\/\/colormadrid.com\/\">equipaciones futbol<\/a> en palabras recogidas por la web de la Federaci\u00f3n Francesa de F\u00fatbol (FFF). \u2191 a b c \u00abHacemos memoria: hoy 1905\u00bb. P\u00e1gina oficial de la Asociaci\u00f3n Rosarina de F\u00fatbol. \u2191 \u00abSouthamerican Championship 1923\u00bb (en ingl\u00e9s). The Mirror (en ingl\u00e9s) (Londres). \u2191 \u00abFA Youth Cup report: Chelsea 6 Huddersfield Town 1\u00bb (en ingl\u00e9s). D\u00eda se\u00f1alado para que los padres, orgullosos, les expliquen a sus hijos m\u00e1s peque\u00f1os que hace no mucho el Betis incluso estuvo peleando con el Chelsea y el Liverpool. Despu\u00e9s jugar la final de la FA Cup, donde el Chelsea se proclam\u00f3 campe\u00f3n al derrotar al Manchester United por 1-0, Lampard declar\u00f3 en una entrevista que quer\u00eda quedarse en el club \u00abpara siempre\u00bb. Durante el verano de 2004, se convocaron elecciones anticipadas, en las que Fernando Lamikiz fue elegido como nuevo presidente del club.<\/p>\n<p> Liga Argentina hab\u00eda decidido invitar al club a participar de la misma, a sabiendas de su situaci\u00f3n, <a href=\"https:\/\/colormadrid.com\/es_ES\/taxons\/francia-es-042\">francia camiseta mundial<\/a> propuesta que fue no fue aceptada por Nacional. Por los cuartos de final, Argentina deb\u00eda enfrentarse al anfitri\u00f3n, Alemania. Seguramente una gran cantidad de aficionados albicelestes se trasladar\u00e1n a Kaz\u00e1n para buscar el ansiado pase a los cuartos de final. Por lo que vimos al buscarla, abundan las casas semejantes por aquella regi\u00f3n: bien equipadas y por entre 350 y 500 euros la semana para una familia entera. Ese es el precedente m\u00e1s cercano referido a un Mundial, pero lo cierto es que la historia de la selecci\u00f3n durante las fases finales de los grandes torneos da para escribir un libro. Los once futbolistas de la selecci\u00f3n que tienen contrato con la firma alemana desfilaron con la nueva equipaci\u00f3n y con tres rayas pintadas en cada moflete simulando el esp\u00edtiru guerrero que reclama &#8216;La Roja&#8217;. Sur formada por la avenidas del 9 de Octubre, de las Tres Cruces y Antonio Ferrandis . Puente 9 de octubre, siglo XX.<\/p>\n<p> Puente del Real, siglo XVI. Adem\u00e1s, confeccion\u00f3 el equipo en torno a M\u00edchel, Butrague\u00f1o y Sanch\u00eds, que deb\u00edan ser la columna vertebral, ya que llegaban al Mundial en su plena madurez deportiva, con \u00abLa Quinta del Buitre\u00bb. La democracia propici\u00f3 la recuperaci\u00f3n de la lengua y la cultura valenciana, aunque no se pudo evitar cierta crispaci\u00f3n social en torno a los s\u00edmbolos (conocido como la Batalla de Valencia). Estos bombardeos dejaron 2 831 heridos y 847 muertos, aunque se calcula que la cifra de v\u00edctimas mortales fue mayor, ya que los datos anteriores son los reconocidos por el gobierno de Franco. El 17 de mayo de 1937 el gobierno pas\u00f3 a manos de Negr\u00edn, y el 31 de octubre de ese mismo a\u00f1o se traslad\u00f3 el gobierno a Barcelona. El 13 de enero de 1937 se produjo desde un buque de la marina italiana fascista el primer bombardeo oficial sobre la ciudad de Valencia. Gracias a estas obras, as\u00ed como a la progresiva rehabilitaci\u00f3n de la Ciutat Vella, cada d\u00eda la ciudad atrae m\u00e1s y m\u00e1s turismo. Las siete juntas son Ciutat Vella, Russafa, Abastos, Patraix, Tr\u00e0nsits, Exposici\u00f3 y Mar\u00edtim. Los barrios de la ciudad, a su vez, se agrupan en siete \u00f3rganos de gesti\u00f3n desconcentrada llamados juntas municipales de distrito.<\/p>\n<p> A ra\u00edz de la gran riada de Valencia de 1957 se construy\u00f3 un nuevo cauce para el r\u00edo, en el extrarradio de la ciudad, por lo que el antiguo cauce pudo reconvertirse en una zona l\u00fadica y ajardinada. En la d\u00e9cada de 1840 se introdujo la iluminaci\u00f3n de gas y poco despu\u00e9s comenz\u00f3 el empedrado de las calles, una labor que se alarg\u00f3 durante varios a\u00f1os por la falta de recursos del ayuntamiento. En estos a\u00f1os se consolid\u00f3 el crecimiento de la ciudad y se derribaron gran parte de las antiguas murallas. Nasri, de 27 a\u00f1os y uno de los futbolistas m\u00e1s talentosos de su pa\u00eds, en unas declaraciones publicadas la noche del s\u00e1bado por el portal del diario \u00abThe Guardian\u00bb. En la Liga Adelante el primer fichaje del d\u00eda llega de la mano del Lugo. La ampliaci\u00f3n del paseo, ya sin zona ajardinada tiene una longitud de 2,5 kil\u00f3metros, desde la Plaza de Zaragoza al cementerio del Grao.<\/p>\n<p>Si tiene alguna pregunta relacionada con exactamente d\u00f3nde y c\u00f3mo usar <a href=\"https:\/\/colormadrid.com\/es_ES\/taxons\/francia-es-042\">camiseta de francia<\/a> , puede hacerse con nosotros en nuestra propia p\u00e1gina web.<\/p>\n","protected":false},"excerpt":{"rendered":"<p>Puente de Serranos, siglo XVI. Hoy en d\u00eda forma un paseo de poco m\u00e1s de un kil\u00f3metro entre el puente del Real y el puente de Arag\u00f3n. El paseo de la Alameda era el antiguo acceso al Palacio del Real de Valencia desde el mar. En 1894 se fund\u00f3 el C\u00edrculo de Bellas Artes de [&hellip;]<\/p>\n","protected":false},"author":1,"featured_media":0,"comment_status":"open","ping_status":"open","sticky":false,"template":"","format":"standard","meta":{"footnotes":""},"categories":[1],"tags":[2053,2054,2033],"class_list":["post-3975","post","type-post","status-publish","format-standard","hentry","category-uncategorized","tag-camiseta-de-gea-eurocopa-francia","tag-camiseta-francia-brasil-2014","tag-camiseta-seleccion-de-francia-2017"],"blocksy_meta":[],"yoast_head":"<!-- This site is optimized with the Yoast SEO plugin v25.8 - https:\/\/yoast.com\/wordpress\/plugins\/seo\/ -->\n<title>camiseta de selecci\u00f3n francia - Camiseta de f\u00fatbol Atletico de Madrid 2024 2025 - SuperVigo<\/title>\n<meta name=\"robots\" content=\"index, follow, max-snippet:-1, max-image-preview:large, max-video-preview:-1\" \/>\n<link rel=\"canonical\" href=\"https:\/\/fpsin.com\/index.php\/2021\/09\/15\/camiseta-de-seleccion-francia\/\" \/>\n<meta property=\"og:locale\" content=\"es_ES\" \/>\n<meta property=\"og:type\" content=\"article\" \/>\n<meta property=\"og:title\" content=\"camiseta de selecci\u00f3n francia - Camiseta de f\u00fatbol Atletico de Madrid 2024 2025 - SuperVigo\" \/>\n<meta property=\"og:description\" content=\"Puente de Serranos, siglo XVI. Hoy en d\u00eda forma un paseo de poco m\u00e1s de un kil\u00f3metro entre el puente del Real y el puente de Arag\u00f3n. El paseo de la Alameda era el antiguo acceso al Palacio del Real de Valencia desde el mar. En 1894 se fund\u00f3 el C\u00edrculo de Bellas Artes de [&hellip;]\" \/>\n<meta property=\"og:url\" content=\"https:\/\/fpsin.com\/index.php\/2021\/09\/15\/camiseta-de-seleccion-francia\/\" \/>\n<meta property=\"og:site_name\" content=\"Camiseta de f\u00fatbol Atletico de Madrid 2024 2025 - SuperVigo\" \/>\n<meta property=\"article:published_time\" content=\"2021-09-15T03:53:37+00:00\" \/>\n<meta name=\"author\" content=\"istern\" \/>\n<meta name=\"twitter:card\" content=\"summary_large_image\" \/>\n<meta name=\"twitter:label1\" content=\"Escrito por\" \/>\n\t<meta name=\"twitter:data1\" content=\"istern\" \/>\n\t<meta name=\"twitter:label2\" content=\"Tiempo de lectura\" \/>\n\t<meta name=\"twitter:data2\" content=\"5 minutos\" \/>\n<script type=\"application\/ld+json\" class=\"yoast-schema-graph\">{\"@context\":\"https:\/\/schema.org\",\"@graph\":[{\"@type\":\"WebPage\",\"@id\":\"https:\/\/fpsin.com\/index.php\/2021\/09\/15\/camiseta-de-seleccion-francia\/\",\"url\":\"https:\/\/fpsin.com\/index.php\/2021\/09\/15\/camiseta-de-seleccion-francia\/\",\"name\":\"camiseta de selecci\u00f3n francia - Camiseta de f\u00fatbol Atletico de Madrid 2024 2025 - SuperVigo\",\"isPartOf\":{\"@id\":\"https:\/\/fpsin.com\/#website\"},\"datePublished\":\"2021-09-15T03:53:37+00:00\",\"author\":{\"@id\":\"https:\/\/fpsin.com\/#\/schema\/person\/5ff6c0f8eeacd83e877f7ff3643206c1\"},\"breadcrumb\":{\"@id\":\"https:\/\/fpsin.com\/index.php\/2021\/09\/15\/camiseta-de-seleccion-francia\/#breadcrumb\"},\"inLanguage\":\"es\",\"potentialAction\":[{\"@type\":\"ReadAction\",\"target\":[\"https:\/\/fpsin.com\/index.php\/2021\/09\/15\/camiseta-de-seleccion-francia\/\"]}]},{\"@type\":\"BreadcrumbList\",\"@id\":\"https:\/\/fpsin.com\/index.php\/2021\/09\/15\/camiseta-de-seleccion-francia\/#breadcrumb\",\"itemListElement\":[{\"@type\":\"ListItem\",\"position\":1,\"name\":\"Portada\",\"item\":\"https:\/\/fpsin.com\/\"},{\"@type\":\"ListItem\",\"position\":2,\"name\":\"camiseta de selecci\u00f3n francia\"}]},{\"@type\":\"WebSite\",\"@id\":\"https:\/\/fpsin.com\/#website\",\"url\":\"https:\/\/fpsin.com\/\",\"name\":\"Camiseta de f\u00fatbol Atletico de Madrid 2024 2025 - SuperVigo\",\"description\":\"Camiseta de Atl\u00e9tico de Madrid - Ofrecemos camiseta del Atl\u00e9tico de Madrid 2024 2025 para adultos y ni\u00f1os. Env\u00edo gratis desde 69\u20ac y personalizar Gratis.\",\"potentialAction\":[{\"@type\":\"SearchAction\",\"target\":{\"@type\":\"EntryPoint\",\"urlTemplate\":\"https:\/\/fpsin.com\/?s={search_term_string}\"},\"query-input\":{\"@type\":\"PropertyValueSpecification\",\"valueRequired\":true,\"valueName\":\"search_term_string\"}}],\"inLanguage\":\"es\"},{\"@type\":\"Person\",\"@id\":\"https:\/\/fpsin.com\/#\/schema\/person\/5ff6c0f8eeacd83e877f7ff3643206c1\",\"name\":\"istern\",\"image\":{\"@type\":\"ImageObject\",\"inLanguage\":\"es\",\"@id\":\"https:\/\/fpsin.com\/#\/schema\/person\/image\/\",\"url\":\"https:\/\/secure.gravatar.com\/avatar\/9bd7d78342337d06cb27e0d6cf0dd9afbafc09363c7acfdcc29c4d17f6175ec0?s=96&d=mm&r=g\",\"contentUrl\":\"https:\/\/secure.gravatar.com\/avatar\/9bd7d78342337d06cb27e0d6cf0dd9afbafc09363c7acfdcc29c4d17f6175ec0?s=96&d=mm&r=g\",\"caption\":\"istern\"},\"sameAs\":[\"https:\/\/fpsin.com\"],\"url\":\"https:\/\/fpsin.com\/index.php\/author\/Quetzalxochitl\/\"}]}<\/script>\n<!-- \/ Yoast SEO plugin. -->","yoast_head_json":{"title":"camiseta de selecci\u00f3n francia - Camiseta de f\u00fatbol Atletico de Madrid 2024 2025 - SuperVigo","robots":{"index":"index","follow":"follow","max-snippet":"max-snippet:-1","max-image-preview":"max-image-preview:large","max-video-preview":"max-video-preview:-1"},"canonical":"https:\/\/fpsin.com\/index.php\/2021\/09\/15\/camiseta-de-seleccion-francia\/","og_locale":"es_ES","og_type":"article","og_title":"camiseta de selecci\u00f3n francia - Camiseta de f\u00fatbol Atletico de Madrid 2024 2025 - SuperVigo","og_description":"Puente de Serranos, siglo XVI. Hoy en d\u00eda forma un paseo de poco m\u00e1s de un kil\u00f3metro entre el puente del Real y el puente de Arag\u00f3n. El paseo de la Alameda era el antiguo acceso al Palacio del Real de Valencia desde el mar. En 1894 se fund\u00f3 el C\u00edrculo de Bellas Artes de [&hellip;]","og_url":"https:\/\/fpsin.com\/index.php\/2021\/09\/15\/camiseta-de-seleccion-francia\/","og_site_name":"Camiseta de f\u00fatbol Atletico de Madrid 2024 2025 - SuperVigo","article_published_time":"2021-09-15T03:53:37+00:00","author":"istern","twitter_card":"summary_large_image","twitter_misc":{"Escrito por":"istern","Tiempo de lectura":"5 minutos"},"schema":{"@context":"https:\/\/schema.org","@graph":[{"@type":"WebPage","@id":"https:\/\/fpsin.com\/index.php\/2021\/09\/15\/camiseta-de-seleccion-francia\/","url":"https:\/\/fpsin.com\/index.php\/2021\/09\/15\/camiseta-de-seleccion-francia\/","name":"camiseta de selecci\u00f3n francia - Camiseta de f\u00fatbol Atletico de Madrid 2024 2025 - SuperVigo","isPartOf":{"@id":"https:\/\/fpsin.com\/#website"},"datePublished":"2021-09-15T03:53:37+00:00","author":{"@id":"https:\/\/fpsin.com\/#\/schema\/person\/5ff6c0f8eeacd83e877f7ff3643206c1"},"breadcrumb":{"@id":"https:\/\/fpsin.com\/index.php\/2021\/09\/15\/camiseta-de-seleccion-francia\/#breadcrumb"},"inLanguage":"es","potentialAction":[{"@type":"ReadAction","target":["https:\/\/fpsin.com\/index.php\/2021\/09\/15\/camiseta-de-seleccion-francia\/"]}]},{"@type":"BreadcrumbList","@id":"https:\/\/fpsin.com\/index.php\/2021\/09\/15\/camiseta-de-seleccion-francia\/#breadcrumb","itemListElement":[{"@type":"ListItem","position":1,"name":"Portada","item":"https:\/\/fpsin.com\/"},{"@type":"ListItem","position":2,"name":"camiseta de selecci\u00f3n francia"}]},{"@type":"WebSite","@id":"https:\/\/fpsin.com\/#website","url":"https:\/\/fpsin.com\/","name":"Camiseta de f\u00fatbol Atletico de Madrid 2024 2025 - SuperVigo","description":"Camiseta de Atl\u00e9tico de Madrid - Ofrecemos camiseta del Atl\u00e9tico de Madrid 2024 2025 para adultos y ni\u00f1os. Env\u00edo gratis desde 69\u20ac y personalizar Gratis.","potentialAction":[{"@type":"SearchAction","target":{"@type":"EntryPoint","urlTemplate":"https:\/\/fpsin.com\/?s={search_term_string}"},"query-input":{"@type":"PropertyValueSpecification","valueRequired":true,"valueName":"search_term_string"}}],"inLanguage":"es"},{"@type":"Person","@id":"https:\/\/fpsin.com\/#\/schema\/person\/5ff6c0f8eeacd83e877f7ff3643206c1","name":"istern","image":{"@type":"ImageObject","inLanguage":"es","@id":"https:\/\/fpsin.com\/#\/schema\/person\/image\/","url":"https:\/\/secure.gravatar.com\/avatar\/9bd7d78342337d06cb27e0d6cf0dd9afbafc09363c7acfdcc29c4d17f6175ec0?s=96&d=mm&r=g","contentUrl":"https:\/\/secure.gravatar.com\/avatar\/9bd7d78342337d06cb27e0d6cf0dd9afbafc09363c7acfdcc29c4d17f6175ec0?s=96&d=mm&r=g","caption":"istern"},"sameAs":["https:\/\/fpsin.com"],"url":"https:\/\/fpsin.com\/index.php\/author\/Quetzalxochitl\/"}]}},"_links":{"self":[{"href":"https:\/\/fpsin.com\/index.php\/wp-json\/wp\/v2\/posts\/3975","targetHints":{"allow":["GET"]}}],"collection":[{"href":"https:\/\/fpsin.com\/index.php\/wp-json\/wp\/v2\/posts"}],"about":[{"href":"https:\/\/fpsin.com\/index.php\/wp-json\/wp\/v2\/types\/post"}],"author":[{"embeddable":true,"href":"https:\/\/fpsin.com\/index.php\/wp-json\/wp\/v2\/users\/1"}],"replies":[{"embeddable":true,"href":"https:\/\/fpsin.com\/index.php\/wp-json\/wp\/v2\/comments?post=3975"}],"version-history":[{"count":1,"href":"https:\/\/fpsin.com\/index.php\/wp-json\/wp\/v2\/posts\/3975\/revisions"}],"predecessor-version":[{"id":3976,"href":"https:\/\/fpsin.com\/index.php\/wp-json\/wp\/v2\/posts\/3975\/revisions\/3976"}],"wp:attachment":[{"href":"https:\/\/fpsin.com\/index.php\/wp-json\/wp\/v2\/media?parent=3975"}],"wp:term":[{"taxonomy":"category","embeddable":true,"href":"https:\/\/fpsin.com\/index.php\/wp-json\/wp\/v2\/categories?post=3975"},{"taxonomy":"post_tag","embeddable":true,"href":"https:\/\/fpsin.com\/index.php\/wp-json\/wp\/v2\/tags?post=3975"}],"curies":[{"name":"wp","href":"https:\/\/api.w.org\/{rel}","templated":true}]}}