{"id":52,"date":"2021-06-08T07:07:35","date_gmt":"2021-06-08T07:07:35","guid":{"rendered":"http:\/\/fpsin.com\/?p=52"},"modified":"2021-09-15T09:22:16","modified_gmt":"2021-09-15T08:22:16","slug":"3-equipacion-atletico-de-madrid-2020-barata","status":"publish","type":"post","link":"https:\/\/fpsin.com\/index.php\/2021\/06\/08\/3-equipacion-atletico-de-madrid-2020-barata\/","title":{"rendered":"3 equipacion atletico de madrid 2020 barata"},"content":{"rendered":"<p>La delegada ha querido echar balones fuera. Ayer por la ma\u00f1ana, el presidente regional, Ignacio Gonz\u00e1lez, se rebrincaba y mostraba su \u00absorpresa\u00bb por la apelaci\u00f3n que le hab\u00eda hecho por carta la delegada del Gobierno. Y todo surgi\u00f3 de una final jugada por el Athletic frente al Real Madrid en el campo del Hip\u00f3dromo de la capital, el 8 de abril de 1903. Se jugaban el t\u00edtulo, el primero que se pon\u00eda en juego. Igual que si los dirigentes del Atl\u00e9tico de Madrid estuvieran a la altura de la historia del club de que son propietarios deber\u00edan renovar esta misma semana a Abel Resino, sin esperar al resultado de la \u00faltima jornada. No fue ni mucho menos un partido disputado aunque las cr\u00f3nicas cuenten que \u00ablos jugadores atl\u00e9ticos se vinieron abajo con el tercer gol\u00bb. Pocos, si alguno, de los jugadores del Atleti jugar\u00edan en el once azulgrana. Al final del <a href=\"https:\/\/micamiseta.futbol\/es_ES\/\">camisetas futbol baratas<\/a> campeonato, el equipo qued\u00f3 en la 15\u00b0 con una diferencia de casi el doble de puntos en comparaci\u00f3n con el campe\u00f3n Inter de Mil\u00e1n. Algo que se traduce en m\u00e1s goles a favor, <a href=\"https:\/\/supervigo.com\/\">camisetas de futbol replicas<\/a> menos en contra y m\u00e1s puntos. En la final de Copa, en lo que algunos consideran el verdadero inicio del equipo del Cholo Simeone que reci\u00e9n se ha proclamado campe\u00f3n de Liga.<\/p>\n<p style=\"text-align: center; clear: both;\"><iframe loading=\"lazy\" title=\"entradas atletico de madrid ofertas\" src=\"https:\/\/www.youtube.com\/embed\/S16rqzZaAsM?playsinline=1&amp;showinfo=0&amp;modestbranding=1\" width=\"640\" height=\"360\" frameborder=\"0\" allowfullscreen=\"allowfullscreen\"><\/iframe><\/p>\n<p>\u2191 Espa\u00f1a, Madrid,. \u00abHorarios de la jornada 26 de LaLiga 1l2l3 2018\/19\u00bb. Liga de F\u00fatbol Profesional. En un dif\u00edcil partido, el Real Madrid vence con un solitario gol de Higua\u00edn en los primeros minutos, lo que sirve para alzarse de nuevo con el primer puesto en Liga. Secundados por la Real Federaci\u00f3n Espa\u00f1ola, se cre\u00eda que dichos personajes conven\u00edan al crecimiento y prestigio del f\u00fatbol espa\u00f1ol. De aquel equipo, entrenado por los t\u00e9cnicos Manolo Fern\u00e1ndez y V\u00edctor Borrego, promocionaron muchos futbolistas que, a la postre, compiteron en las categor\u00edas profesionales del f\u00fatbol espa\u00f1ol: Jes\u00fas G\u00e1mez, Manolo Reina, Armando, Silva, Alberto, Rub\u00e9n P\u00e1rraga, Ferrerini, Perico o Ador. M\u00e1ximo goleador hist\u00f3rico del Real Madrid (323) y el jugador que m\u00e1s partidos ha jugado con la camiseta blanca (741), Ra\u00fal Gonz\u00e1lez Blanco naci\u00f3 al mundo del f\u00fatbol en un derbi madrile\u00f1o. Es la primera parte del despliegue que tiene pensado el Gobierno regional.<\/p>\n<p>Asuero, que estudiaba en Madrid, jug\u00f3 una final con el team Bizcaya, y como portero, form\u00f3 parte de la primera alineaci\u00f3n del Athletic que jug\u00f3 con la camiseta roja y blanca. Como me tem\u00eda vamos a pasar un par de a\u00f1os con dificultada para acceder al nuevo estadio, algo perfectamente evitable con una m\u00ednima previsi\u00f3n por parte de las autoridades competentes. El entrenador argentino ha creado 11 simeones peque\u00f1os, y un par m\u00e1s suplentes, por si acaso. 26 de noviembre: Benito Cerati, cantante argentino. Al descanso venc\u00edan los madrile\u00f1os por dos a cero, pero el capit\u00e1n del Athletic, Juan Astorqu\u00eda, areng\u00f3 a sus hombres en el descanso: \u00abHay que triunfar por encima de todo\u00bb, les dijo. El equipo de Zamora sali\u00f3 decidido a remontar el gol en contra y puso todo en el campo, pero la f\u00e9rrea defensa de la Real Sociedad no les dej\u00f3 anotar ni un solo tanto. Los goles de Di St\u00e9fano y Puskas hicieron in\u00fatil el tanto de Collar en La Romareda.<\/p>\n<p>Remontando el 1-0 inicial de Puskas ante el Real Madrid de las cinco Copas de Europa. El 22 de octubre Costa marc\u00f3 en su debut en la Champions League un doblete ante el Austria de Viena, en una victoria a domicilio por cero a tres. Se clasific\u00f3 para la UEFA Europa League sin necesidad de superar una eliminatoria previa. Enfrente, un Real Madrid con Miguel Mu\u00f1oz en su primera temporada a los mandos del conjunto blanco camino de la quinta Copa de Europa consecutiva, aunque antes debieron superar a los atl\u00e9tico. Por primera vez en Europa como subcamp\u00e9on de Liga, el conjunto rojiblanco alcanz\u00f3 las semifinales por primera vez en su historia. Casi tres lustros, aunque el conjunto rojiblanco eligi\u00f3 bien la fecha. Fueron 57 los a\u00f1os que tuvo que esperar el conjunto rojiblanco para alzar la primera de sus 10 Copas, aunque vali\u00f3 la pena a sus aficionados por vivir aquel 26 de junio de 1960 en el Santiago Bernab\u00e9u.<\/p>\n<p>Si usted acarici\u00f3 este art\u00edculo y usted quisiera obtener muchos m\u00e1s datos sobre <a href=\"https:\/\/supervigo.com\/\">camisetas futbol 2022<\/a> amablemente echa un vistazo a nuestro propio sitio web.<\/p>\n","protected":false},"excerpt":{"rendered":"<p>La delegada ha querido echar balones fuera. Ayer por la ma\u00f1ana, el presidente regional, Ignacio Gonz\u00e1lez, se rebrincaba y mostraba su \u00absorpresa\u00bb por la apelaci\u00f3n que le hab\u00eda hecho por carta la delegada del Gobierno. Y todo surgi\u00f3 de una final jugada por el Athletic frente al Real Madrid en el campo del Hip\u00f3dromo de [&hellip;]<\/p>\n","protected":false},"author":1,"featured_media":0,"comment_status":"open","ping_status":"open","sticky":false,"template":"","format":"standard","meta":{"footnotes":""},"categories":[1],"tags":[26,28,27],"class_list":["post-52","post","type-post","status-publish","format-standard","hentry","category-uncategorized","tag-atletico-de-madrid-valencia","tag-equipaciones-de-futbol-atletico-de-madrid","tag-horario-venta-de-entradas-atletico-de-madrid"],"blocksy_meta":[],"yoast_head":"<!-- This site is optimized with the Yoast SEO plugin v25.8 - https:\/\/yoast.com\/wordpress\/plugins\/seo\/ -->\n<title>3 equipacion atletico de madrid 2020 barata - Camiseta de f\u00fatbol Atletico de Madrid 2024 2025 - SuperVigo<\/title>\n<meta name=\"robots\" content=\"index, follow, max-snippet:-1, max-image-preview:large, max-video-preview:-1\" \/>\n<link rel=\"canonical\" href=\"https:\/\/fpsin.com\/index.php\/2021\/06\/08\/3-equipacion-atletico-de-madrid-2020-barata\/\" \/>\n<meta property=\"og:locale\" content=\"es_ES\" \/>\n<meta property=\"og:type\" content=\"article\" \/>\n<meta property=\"og:title\" content=\"3 equipacion atletico de madrid 2020 barata - Camiseta de f\u00fatbol Atletico de Madrid 2024 2025 - SuperVigo\" \/>\n<meta property=\"og:description\" content=\"La delegada ha querido echar balones fuera. Ayer por la ma\u00f1ana, el presidente regional, Ignacio Gonz\u00e1lez, se rebrincaba y mostraba su \u00absorpresa\u00bb por la apelaci\u00f3n que le hab\u00eda hecho por carta la delegada del Gobierno. Y todo surgi\u00f3 de una final jugada por el Athletic frente al Real Madrid en el campo del Hip\u00f3dromo de [&hellip;]\" \/>\n<meta property=\"og:url\" content=\"https:\/\/fpsin.com\/index.php\/2021\/06\/08\/3-equipacion-atletico-de-madrid-2020-barata\/\" \/>\n<meta property=\"og:site_name\" content=\"Camiseta de f\u00fatbol Atletico de Madrid 2024 2025 - SuperVigo\" \/>\n<meta property=\"article:published_time\" content=\"2021-06-08T07:07:35+00:00\" \/>\n<meta property=\"article:modified_time\" content=\"2021-09-15T08:22:16+00:00\" \/>\n<meta name=\"author\" content=\"istern\" \/>\n<meta name=\"twitter:card\" content=\"summary_large_image\" \/>\n<meta name=\"twitter:label1\" content=\"Escrito por\" \/>\n\t<meta name=\"twitter:data1\" content=\"istern\" \/>\n\t<meta name=\"twitter:label2\" content=\"Tiempo de lectura\" \/>\n\t<meta name=\"twitter:data2\" content=\"4 minutos\" \/>\n<script type=\"application\/ld+json\" class=\"yoast-schema-graph\">{\"@context\":\"https:\/\/schema.org\",\"@graph\":[{\"@type\":\"WebPage\",\"@id\":\"https:\/\/fpsin.com\/index.php\/2021\/06\/08\/3-equipacion-atletico-de-madrid-2020-barata\/\",\"url\":\"https:\/\/fpsin.com\/index.php\/2021\/06\/08\/3-equipacion-atletico-de-madrid-2020-barata\/\",\"name\":\"3 equipacion atletico de madrid 2020 barata - Camiseta de f\u00fatbol Atletico de Madrid 2024 2025 - SuperVigo\",\"isPartOf\":{\"@id\":\"https:\/\/fpsin.com\/#website\"},\"datePublished\":\"2021-06-08T07:07:35+00:00\",\"dateModified\":\"2021-09-15T08:22:16+00:00\",\"author\":{\"@id\":\"https:\/\/fpsin.com\/#\/schema\/person\/5ff6c0f8eeacd83e877f7ff3643206c1\"},\"breadcrumb\":{\"@id\":\"https:\/\/fpsin.com\/index.php\/2021\/06\/08\/3-equipacion-atletico-de-madrid-2020-barata\/#breadcrumb\"},\"inLanguage\":\"es\",\"potentialAction\":[{\"@type\":\"ReadAction\",\"target\":[\"https:\/\/fpsin.com\/index.php\/2021\/06\/08\/3-equipacion-atletico-de-madrid-2020-barata\/\"]}]},{\"@type\":\"BreadcrumbList\",\"@id\":\"https:\/\/fpsin.com\/index.php\/2021\/06\/08\/3-equipacion-atletico-de-madrid-2020-barata\/#breadcrumb\",\"itemListElement\":[{\"@type\":\"ListItem\",\"position\":1,\"name\":\"Portada\",\"item\":\"https:\/\/fpsin.com\/\"},{\"@type\":\"ListItem\",\"position\":2,\"name\":\"3 equipacion atletico de madrid 2020 barata\"}]},{\"@type\":\"WebSite\",\"@id\":\"https:\/\/fpsin.com\/#website\",\"url\":\"https:\/\/fpsin.com\/\",\"name\":\"Camiseta de f\u00fatbol Atletico de Madrid 2024 2025 - SuperVigo\",\"description\":\"Camiseta de Atl\u00e9tico de Madrid - Ofrecemos camiseta del Atl\u00e9tico de Madrid 2024 2025 para adultos y ni\u00f1os. Env\u00edo gratis desde 69\u20ac y personalizar Gratis.\",\"potentialAction\":[{\"@type\":\"SearchAction\",\"target\":{\"@type\":\"EntryPoint\",\"urlTemplate\":\"https:\/\/fpsin.com\/?s={search_term_string}\"},\"query-input\":{\"@type\":\"PropertyValueSpecification\",\"valueRequired\":true,\"valueName\":\"search_term_string\"}}],\"inLanguage\":\"es\"},{\"@type\":\"Person\",\"@id\":\"https:\/\/fpsin.com\/#\/schema\/person\/5ff6c0f8eeacd83e877f7ff3643206c1\",\"name\":\"istern\",\"image\":{\"@type\":\"ImageObject\",\"inLanguage\":\"es\",\"@id\":\"https:\/\/fpsin.com\/#\/schema\/person\/image\/\",\"url\":\"https:\/\/secure.gravatar.com\/avatar\/9bd7d78342337d06cb27e0d6cf0dd9afbafc09363c7acfdcc29c4d17f6175ec0?s=96&d=mm&r=g\",\"contentUrl\":\"https:\/\/secure.gravatar.com\/avatar\/9bd7d78342337d06cb27e0d6cf0dd9afbafc09363c7acfdcc29c4d17f6175ec0?s=96&d=mm&r=g\",\"caption\":\"istern\"},\"sameAs\":[\"https:\/\/fpsin.com\"],\"url\":\"https:\/\/fpsin.com\/index.php\/author\/Quetzalxochitl\/\"}]}<\/script>\n<!-- \/ Yoast SEO plugin. -->","yoast_head_json":{"title":"3 equipacion atletico de madrid 2020 barata - Camiseta de f\u00fatbol Atletico de Madrid 2024 2025 - SuperVigo","robots":{"index":"index","follow":"follow","max-snippet":"max-snippet:-1","max-image-preview":"max-image-preview:large","max-video-preview":"max-video-preview:-1"},"canonical":"https:\/\/fpsin.com\/index.php\/2021\/06\/08\/3-equipacion-atletico-de-madrid-2020-barata\/","og_locale":"es_ES","og_type":"article","og_title":"3 equipacion atletico de madrid 2020 barata - Camiseta de f\u00fatbol Atletico de Madrid 2024 2025 - SuperVigo","og_description":"La delegada ha querido echar balones fuera. Ayer por la ma\u00f1ana, el presidente regional, Ignacio Gonz\u00e1lez, se rebrincaba y mostraba su \u00absorpresa\u00bb por la apelaci\u00f3n que le hab\u00eda hecho por carta la delegada del Gobierno. Y todo surgi\u00f3 de una final jugada por el Athletic frente al Real Madrid en el campo del Hip\u00f3dromo de [&hellip;]","og_url":"https:\/\/fpsin.com\/index.php\/2021\/06\/08\/3-equipacion-atletico-de-madrid-2020-barata\/","og_site_name":"Camiseta de f\u00fatbol Atletico de Madrid 2024 2025 - SuperVigo","article_published_time":"2021-06-08T07:07:35+00:00","article_modified_time":"2021-09-15T08:22:16+00:00","author":"istern","twitter_card":"summary_large_image","twitter_misc":{"Escrito por":"istern","Tiempo de lectura":"4 minutos"},"schema":{"@context":"https:\/\/schema.org","@graph":[{"@type":"WebPage","@id":"https:\/\/fpsin.com\/index.php\/2021\/06\/08\/3-equipacion-atletico-de-madrid-2020-barata\/","url":"https:\/\/fpsin.com\/index.php\/2021\/06\/08\/3-equipacion-atletico-de-madrid-2020-barata\/","name":"3 equipacion atletico de madrid 2020 barata - Camiseta de f\u00fatbol Atletico de Madrid 2024 2025 - SuperVigo","isPartOf":{"@id":"https:\/\/fpsin.com\/#website"},"datePublished":"2021-06-08T07:07:35+00:00","dateModified":"2021-09-15T08:22:16+00:00","author":{"@id":"https:\/\/fpsin.com\/#\/schema\/person\/5ff6c0f8eeacd83e877f7ff3643206c1"},"breadcrumb":{"@id":"https:\/\/fpsin.com\/index.php\/2021\/06\/08\/3-equipacion-atletico-de-madrid-2020-barata\/#breadcrumb"},"inLanguage":"es","potentialAction":[{"@type":"ReadAction","target":["https:\/\/fpsin.com\/index.php\/2021\/06\/08\/3-equipacion-atletico-de-madrid-2020-barata\/"]}]},{"@type":"BreadcrumbList","@id":"https:\/\/fpsin.com\/index.php\/2021\/06\/08\/3-equipacion-atletico-de-madrid-2020-barata\/#breadcrumb","itemListElement":[{"@type":"ListItem","position":1,"name":"Portada","item":"https:\/\/fpsin.com\/"},{"@type":"ListItem","position":2,"name":"3 equipacion atletico de madrid 2020 barata"}]},{"@type":"WebSite","@id":"https:\/\/fpsin.com\/#website","url":"https:\/\/fpsin.com\/","name":"Camiseta de f\u00fatbol Atletico de Madrid 2024 2025 - SuperVigo","description":"Camiseta de Atl\u00e9tico de Madrid - Ofrecemos camiseta del Atl\u00e9tico de Madrid 2024 2025 para adultos y ni\u00f1os. Env\u00edo gratis desde 69\u20ac y personalizar Gratis.","potentialAction":[{"@type":"SearchAction","target":{"@type":"EntryPoint","urlTemplate":"https:\/\/fpsin.com\/?s={search_term_string}"},"query-input":{"@type":"PropertyValueSpecification","valueRequired":true,"valueName":"search_term_string"}}],"inLanguage":"es"},{"@type":"Person","@id":"https:\/\/fpsin.com\/#\/schema\/person\/5ff6c0f8eeacd83e877f7ff3643206c1","name":"istern","image":{"@type":"ImageObject","inLanguage":"es","@id":"https:\/\/fpsin.com\/#\/schema\/person\/image\/","url":"https:\/\/secure.gravatar.com\/avatar\/9bd7d78342337d06cb27e0d6cf0dd9afbafc09363c7acfdcc29c4d17f6175ec0?s=96&d=mm&r=g","contentUrl":"https:\/\/secure.gravatar.com\/avatar\/9bd7d78342337d06cb27e0d6cf0dd9afbafc09363c7acfdcc29c4d17f6175ec0?s=96&d=mm&r=g","caption":"istern"},"sameAs":["https:\/\/fpsin.com"],"url":"https:\/\/fpsin.com\/index.php\/author\/Quetzalxochitl\/"}]}},"_links":{"self":[{"href":"https:\/\/fpsin.com\/index.php\/wp-json\/wp\/v2\/posts\/52","targetHints":{"allow":["GET"]}}],"collection":[{"href":"https:\/\/fpsin.com\/index.php\/wp-json\/wp\/v2\/posts"}],"about":[{"href":"https:\/\/fpsin.com\/index.php\/wp-json\/wp\/v2\/types\/post"}],"author":[{"embeddable":true,"href":"https:\/\/fpsin.com\/index.php\/wp-json\/wp\/v2\/users\/1"}],"replies":[{"embeddable":true,"href":"https:\/\/fpsin.com\/index.php\/wp-json\/wp\/v2\/comments?post=52"}],"version-history":[{"count":3,"href":"https:\/\/fpsin.com\/index.php\/wp-json\/wp\/v2\/posts\/52\/revisions"}],"predecessor-version":[{"id":4071,"href":"https:\/\/fpsin.com\/index.php\/wp-json\/wp\/v2\/posts\/52\/revisions\/4071"}],"wp:attachment":[{"href":"https:\/\/fpsin.com\/index.php\/wp-json\/wp\/v2\/media?parent=52"}],"wp:term":[{"taxonomy":"category","embeddable":true,"href":"https:\/\/fpsin.com\/index.php\/wp-json\/wp\/v2\/categories?post=52"},{"taxonomy":"post_tag","embeddable":true,"href":"https:\/\/fpsin.com\/index.php\/wp-json\/wp\/v2\/tags?post=52"}],"curies":[{"name":"wp","href":"https:\/\/api.w.org\/{rel}","templated":true}]}}