{"id":57,"date":"2021-06-08T07:08:08","date_gmt":"2021-06-08T07:08:08","guid":{"rendered":"http:\/\/fpsin.com\/?p=57"},"modified":"2021-09-15T09:19:50","modified_gmt":"2021-09-15T08:19:50","slug":"camiseta-atletico-de-madrid-supercopa-europa","status":"publish","type":"post","link":"https:\/\/fpsin.com\/index.php\/2021\/06\/08\/camiseta-atletico-de-madrid-supercopa-europa\/","title":{"rendered":"camiseta atletico de madrid supercopa europa"},"content":{"rendered":"<p>Cabe resaltar, que tal suceso, caus\u00f3 que el colombiano firmara la mejor primera vuelta de un futbolista del Atl\u00e9tico desde el a\u00f1o 1999, con 14 goles en 19 partidos. Fue nominado, entre 10 candidatos, al premio al jugador del a\u00f1o seg\u00fan la revista World Soccer Magazine. Lo hicieron en todas las temporadas en el Manchester, en Madrid y en el primer a\u00f1o en Leverkusen. Esta inyecci\u00f3n econ\u00f3mica llegar\u00eda en un momento clave para las cuentas del club, con el impacto econ\u00f3mico del covid y la <a href=\"https:\/\/micamiseta.futbol\/es_ES\/\">camisetas de futbol<\/a> remodelaci\u00f3n del Estadio Santiago Bernab\u00e9u. El lunes 22 de agosto de 2011, Falcao fue presentado ante su nueva afici\u00f3n en el escenario futbol\u00edstico del club, el Vicente Calder\u00f3n, en donde fue recibido por alrededor de diez mil aficionados. Para la pr\u00f3xima temporada est\u00e1 previsto que el equipo rojiblanco selle su definitivo traslado a su nueva casa, el Wanda Metropolitano, aunque est\u00e1 por ver si est\u00e1 a punto para cuando d\u00e9 comienzo la temporada en el mes de agosto.<\/p>\n<p><img decoding=\"async\" style=\"clear: both; float: right; padding: 10px 0px 10px 10px; border: 0px; max-width: 335px;\" src=\"https:\/\/i.ytimg.com\/vi\/-i15rPnuxsE\/hqdefault.jpg\" alt=\"6 years ago\" \/> Falcao Garc\u00eda jug\u00f3 su primer derbi madrile\u00f1o, el d\u00eda 11 de abril, partido que su equipo perdi\u00f3 1-4 frente al Real Madrid. El 8 de marzo, tal encuentro versus Be\u015fikta\u015f, finaliz\u00f3 3-1 a favor del Atl\u00e9tico, <a href=\"https:\/\/supervigo.com\/es_ES\/taxons\/atletico-de-madrid-es-05\">camiseta atletico de madrid<\/a> con la ausencia de Falcao en el marcador. Quien ocupa el puesto de falso delantero, ante la ausencia de Borja Iglesias por lesi\u00f3n, parece ser Joaqu\u00edn, al menos de inicio, con Tello por la izquierda y Ruibal por la derecha. Espa\u00f1a fue subcampeona del mundo al perder en la final por 3 a 1 ante Jap\u00f3n. El 14 de diciembre World Soccer Magazine inform\u00f3 su lista de los mejores 10 jugadores del mundo, en la cual Falcao fue incluido como el quinto mejor jugador del mundo. \u2191 El Camp Nou, la gran pantalla del independentismo El Mundo. \u2191 Portal digital ReyesDeEuropa (ed.). \u2191 \u00abLa era Guardiola\u00bb (PDF). El destino y el Atl\u00e9tico los volvi\u00f3 a unir el verano de 2019. Llorente acept\u00f3 la propuesta rojiblanca en junio, tras convencerse de que lo mejor para su futuro, como as\u00ed est\u00e1 resultando, era dejar atr\u00e1s sus d\u00edas de blanco.<\/p>\n<p>En el minuto 15, de volea, Villa marc\u00f3 su primer gol en liga como jugador del Atl\u00e9tico. Por la liga espa\u00f1ola, jug\u00f3 el 11 de marzo frente a Granada CF, y particip\u00f3 activamente al marcar el segundo gol del encuentro que finaliz\u00f3 2-0 en el Vicente Calder\u00f3n. Tal tanto signific\u00f3 el 1-0 parcial, que luego termin\u00f3 en un 2-0 a favor del Atl\u00e9tico. El 3 de noviembre, Falcao de nuevo aport\u00f3 para el Atl\u00e9tico en la goleada 4-0 frente a Udinese de parte de la fase de grupos de la Liga Europea, poniendo el gol que cerr\u00f3 la cuenta. En el \u00faltimo encuentro de la fase de grupos de la Liga Europea frente al Stade Rennais en el Vicente Calder\u00f3n, que termin\u00f3 en una victoria por 3-1, Falcao marc\u00f3 el primer gol para su equipo de tiro penal. El 9 de julio de 2012, Radamel retom\u00f3 trabajos con el Atl\u00e9tico de Madrid, de cara a la pretemporada del equipo en Los \u00c1ngeles de San Rafael. Bilbao, salieron victoriosos con un 2-1 en Madrid, <a href=\"https:\/\/supervigo.com\/es_ES\/taxons\/atletico-de-madrid-es-05\">tercera equipacion atletico de madrid 2021<\/a> y tambi\u00e9n con doblete del colombiano. El Tigre marc\u00f3 el gol del descuento para el Atl\u00e9tico Madrid, que en su momento signific\u00f3 el empate para el equipo.<\/p>\n<p>Atl\u00e9tico le correspondi\u00f3 jugar la final de la UEFA Europa League 2011-12. De esta forma, el 9 de mayo de 2012, el equipo colchonero, se enfrent\u00f3 al Athletic Club en el Arena Na\u021bional\u0103 en Rumania. En la UEFA Europa League 2010-11 es figura del campeonato. La FIFA en sus documentos no menciona la Copa R\u00edo como un antecedente oficial del campeonato mundial de clubes y torneo cesionario del t\u00edtulo mundial. Tal partido signific\u00f3 el encuentro de vuelta de los dieciseisavos de final del torneo. El primer encuentro femenino bajo las reglas del f\u00fatbol asociaci\u00f3n del cual se tienen registros sucedi\u00f3 en 1892 en Glasgow, Escocia. En mayo de 2019, el empresario y dirigente del f\u00fatbol argentino Antonio Caselli adquiri\u00f3 el 90% de las acciones del Burgos Club de F\u00fatbol. El 21 de diciembre jug\u00f3 su primer y \u00fanico partido por la Copa del Rey 2011-12, en la derrota de su club frente al Albacete con un marcador de 0-1, en el Vicente Calder\u00f3n.<\/p>\n","protected":false},"excerpt":{"rendered":"<p>Cabe resaltar, que tal suceso, caus\u00f3 que el colombiano firmara la mejor primera vuelta de un futbolista del Atl\u00e9tico desde el a\u00f1o 1999, con 14 goles en 19 partidos. Fue nominado, entre 10 candidatos, al premio al jugador del a\u00f1o seg\u00fan la revista World Soccer Magazine. Lo hicieron en todas las temporadas en el Manchester, [&hellip;]<\/p>\n","protected":false},"author":1,"featured_media":0,"comment_status":"open","ping_status":"open","sticky":false,"template":"","format":"standard","meta":{"footnotes":""},"categories":[1],"tags":[30,31,29],"class_list":["post-57","post","type-post","status-publish","format-standard","hentry","category-uncategorized","tag-camiseta-doblete-atletico-de-madrid","tag-comprar-entradas-atletico-de-madrid-espanyol","tag-tienda-atletico-de-madrid-rebajas"],"blocksy_meta":[],"yoast_head":"<!-- This site is optimized with the Yoast SEO plugin v25.8 - https:\/\/yoast.com\/wordpress\/plugins\/seo\/ -->\n<title>camiseta atletico de madrid supercopa europa - Camiseta de f\u00fatbol Atletico de Madrid 2024 2025 - SuperVigo<\/title>\n<meta name=\"robots\" content=\"index, follow, max-snippet:-1, max-image-preview:large, max-video-preview:-1\" \/>\n<link rel=\"canonical\" href=\"https:\/\/fpsin.com\/index.php\/2021\/06\/08\/camiseta-atletico-de-madrid-supercopa-europa\/\" \/>\n<meta property=\"og:locale\" content=\"es_ES\" \/>\n<meta property=\"og:type\" content=\"article\" \/>\n<meta property=\"og:title\" content=\"camiseta atletico de madrid supercopa europa - Camiseta de f\u00fatbol Atletico de Madrid 2024 2025 - SuperVigo\" \/>\n<meta property=\"og:description\" content=\"Cabe resaltar, que tal suceso, caus\u00f3 que el colombiano firmara la mejor primera vuelta de un futbolista del Atl\u00e9tico desde el a\u00f1o 1999, con 14 goles en 19 partidos. Fue nominado, entre 10 candidatos, al premio al jugador del a\u00f1o seg\u00fan la revista World Soccer Magazine. Lo hicieron en todas las temporadas en el Manchester, [&hellip;]\" \/>\n<meta property=\"og:url\" content=\"https:\/\/fpsin.com\/index.php\/2021\/06\/08\/camiseta-atletico-de-madrid-supercopa-europa\/\" \/>\n<meta property=\"og:site_name\" content=\"Camiseta de f\u00fatbol Atletico de Madrid 2024 2025 - SuperVigo\" \/>\n<meta property=\"article:published_time\" content=\"2021-06-08T07:08:08+00:00\" \/>\n<meta property=\"article:modified_time\" content=\"2021-09-15T08:19:50+00:00\" \/>\n<meta property=\"og:image\" content=\"https:\/\/i.ytimg.com\/vi\/-i15rPnuxsE\/hqdefault.jpg\" \/>\n<meta name=\"author\" content=\"istern\" \/>\n<meta name=\"twitter:card\" content=\"summary_large_image\" \/>\n<meta name=\"twitter:label1\" content=\"Escrito por\" \/>\n\t<meta name=\"twitter:data1\" content=\"istern\" \/>\n\t<meta name=\"twitter:label2\" content=\"Tiempo de lectura\" \/>\n\t<meta name=\"twitter:data2\" content=\"4 minutos\" \/>\n<script type=\"application\/ld+json\" class=\"yoast-schema-graph\">{\"@context\":\"https:\/\/schema.org\",\"@graph\":[{\"@type\":\"WebPage\",\"@id\":\"https:\/\/fpsin.com\/index.php\/2021\/06\/08\/camiseta-atletico-de-madrid-supercopa-europa\/\",\"url\":\"https:\/\/fpsin.com\/index.php\/2021\/06\/08\/camiseta-atletico-de-madrid-supercopa-europa\/\",\"name\":\"camiseta atletico de madrid supercopa europa - Camiseta de f\u00fatbol Atletico de Madrid 2024 2025 - SuperVigo\",\"isPartOf\":{\"@id\":\"https:\/\/fpsin.com\/#website\"},\"primaryImageOfPage\":{\"@id\":\"https:\/\/fpsin.com\/index.php\/2021\/06\/08\/camiseta-atletico-de-madrid-supercopa-europa\/#primaryimage\"},\"image\":{\"@id\":\"https:\/\/fpsin.com\/index.php\/2021\/06\/08\/camiseta-atletico-de-madrid-supercopa-europa\/#primaryimage\"},\"thumbnailUrl\":\"https:\/\/i.ytimg.com\/vi\/-i15rPnuxsE\/hqdefault.jpg\",\"datePublished\":\"2021-06-08T07:08:08+00:00\",\"dateModified\":\"2021-09-15T08:19:50+00:00\",\"author\":{\"@id\":\"https:\/\/fpsin.com\/#\/schema\/person\/5ff6c0f8eeacd83e877f7ff3643206c1\"},\"breadcrumb\":{\"@id\":\"https:\/\/fpsin.com\/index.php\/2021\/06\/08\/camiseta-atletico-de-madrid-supercopa-europa\/#breadcrumb\"},\"inLanguage\":\"es\",\"potentialAction\":[{\"@type\":\"ReadAction\",\"target\":[\"https:\/\/fpsin.com\/index.php\/2021\/06\/08\/camiseta-atletico-de-madrid-supercopa-europa\/\"]}]},{\"@type\":\"ImageObject\",\"inLanguage\":\"es\",\"@id\":\"https:\/\/fpsin.com\/index.php\/2021\/06\/08\/camiseta-atletico-de-madrid-supercopa-europa\/#primaryimage\",\"url\":\"https:\/\/i.ytimg.com\/vi\/-i15rPnuxsE\/hqdefault.jpg\",\"contentUrl\":\"https:\/\/i.ytimg.com\/vi\/-i15rPnuxsE\/hqdefault.jpg\"},{\"@type\":\"BreadcrumbList\",\"@id\":\"https:\/\/fpsin.com\/index.php\/2021\/06\/08\/camiseta-atletico-de-madrid-supercopa-europa\/#breadcrumb\",\"itemListElement\":[{\"@type\":\"ListItem\",\"position\":1,\"name\":\"Portada\",\"item\":\"https:\/\/fpsin.com\/\"},{\"@type\":\"ListItem\",\"position\":2,\"name\":\"camiseta atletico de madrid supercopa europa\"}]},{\"@type\":\"WebSite\",\"@id\":\"https:\/\/fpsin.com\/#website\",\"url\":\"https:\/\/fpsin.com\/\",\"name\":\"Camiseta de f\u00fatbol Atletico de Madrid 2024 2025 - SuperVigo\",\"description\":\"Camiseta de Atl\u00e9tico de Madrid - Ofrecemos camiseta del Atl\u00e9tico de Madrid 2024 2025 para adultos y ni\u00f1os. Env\u00edo gratis desde 69\u20ac y personalizar Gratis.\",\"potentialAction\":[{\"@type\":\"SearchAction\",\"target\":{\"@type\":\"EntryPoint\",\"urlTemplate\":\"https:\/\/fpsin.com\/?s={search_term_string}\"},\"query-input\":{\"@type\":\"PropertyValueSpecification\",\"valueRequired\":true,\"valueName\":\"search_term_string\"}}],\"inLanguage\":\"es\"},{\"@type\":\"Person\",\"@id\":\"https:\/\/fpsin.com\/#\/schema\/person\/5ff6c0f8eeacd83e877f7ff3643206c1\",\"name\":\"istern\",\"image\":{\"@type\":\"ImageObject\",\"inLanguage\":\"es\",\"@id\":\"https:\/\/fpsin.com\/#\/schema\/person\/image\/\",\"url\":\"https:\/\/secure.gravatar.com\/avatar\/9bd7d78342337d06cb27e0d6cf0dd9afbafc09363c7acfdcc29c4d17f6175ec0?s=96&d=mm&r=g\",\"contentUrl\":\"https:\/\/secure.gravatar.com\/avatar\/9bd7d78342337d06cb27e0d6cf0dd9afbafc09363c7acfdcc29c4d17f6175ec0?s=96&d=mm&r=g\",\"caption\":\"istern\"},\"sameAs\":[\"https:\/\/fpsin.com\"],\"url\":\"https:\/\/fpsin.com\/index.php\/author\/Quetzalxochitl\/\"}]}<\/script>\n<!-- \/ Yoast SEO plugin. -->","yoast_head_json":{"title":"camiseta atletico de madrid supercopa europa - Camiseta de f\u00fatbol Atletico de Madrid 2024 2025 - SuperVigo","robots":{"index":"index","follow":"follow","max-snippet":"max-snippet:-1","max-image-preview":"max-image-preview:large","max-video-preview":"max-video-preview:-1"},"canonical":"https:\/\/fpsin.com\/index.php\/2021\/06\/08\/camiseta-atletico-de-madrid-supercopa-europa\/","og_locale":"es_ES","og_type":"article","og_title":"camiseta atletico de madrid supercopa europa - Camiseta de f\u00fatbol Atletico de Madrid 2024 2025 - SuperVigo","og_description":"Cabe resaltar, que tal suceso, caus\u00f3 que el colombiano firmara la mejor primera vuelta de un futbolista del Atl\u00e9tico desde el a\u00f1o 1999, con 14 goles en 19 partidos. Fue nominado, entre 10 candidatos, al premio al jugador del a\u00f1o seg\u00fan la revista World Soccer Magazine. Lo hicieron en todas las temporadas en el Manchester, [&hellip;]","og_url":"https:\/\/fpsin.com\/index.php\/2021\/06\/08\/camiseta-atletico-de-madrid-supercopa-europa\/","og_site_name":"Camiseta de f\u00fatbol Atletico de Madrid 2024 2025 - SuperVigo","article_published_time":"2021-06-08T07:08:08+00:00","article_modified_time":"2021-09-15T08:19:50+00:00","og_image":[{"url":"https:\/\/i.ytimg.com\/vi\/-i15rPnuxsE\/hqdefault.jpg","type":"","width":"","height":""}],"author":"istern","twitter_card":"summary_large_image","twitter_misc":{"Escrito por":"istern","Tiempo de lectura":"4 minutos"},"schema":{"@context":"https:\/\/schema.org","@graph":[{"@type":"WebPage","@id":"https:\/\/fpsin.com\/index.php\/2021\/06\/08\/camiseta-atletico-de-madrid-supercopa-europa\/","url":"https:\/\/fpsin.com\/index.php\/2021\/06\/08\/camiseta-atletico-de-madrid-supercopa-europa\/","name":"camiseta atletico de madrid supercopa europa - Camiseta de f\u00fatbol Atletico de Madrid 2024 2025 - SuperVigo","isPartOf":{"@id":"https:\/\/fpsin.com\/#website"},"primaryImageOfPage":{"@id":"https:\/\/fpsin.com\/index.php\/2021\/06\/08\/camiseta-atletico-de-madrid-supercopa-europa\/#primaryimage"},"image":{"@id":"https:\/\/fpsin.com\/index.php\/2021\/06\/08\/camiseta-atletico-de-madrid-supercopa-europa\/#primaryimage"},"thumbnailUrl":"https:\/\/i.ytimg.com\/vi\/-i15rPnuxsE\/hqdefault.jpg","datePublished":"2021-06-08T07:08:08+00:00","dateModified":"2021-09-15T08:19:50+00:00","author":{"@id":"https:\/\/fpsin.com\/#\/schema\/person\/5ff6c0f8eeacd83e877f7ff3643206c1"},"breadcrumb":{"@id":"https:\/\/fpsin.com\/index.php\/2021\/06\/08\/camiseta-atletico-de-madrid-supercopa-europa\/#breadcrumb"},"inLanguage":"es","potentialAction":[{"@type":"ReadAction","target":["https:\/\/fpsin.com\/index.php\/2021\/06\/08\/camiseta-atletico-de-madrid-supercopa-europa\/"]}]},{"@type":"ImageObject","inLanguage":"es","@id":"https:\/\/fpsin.com\/index.php\/2021\/06\/08\/camiseta-atletico-de-madrid-supercopa-europa\/#primaryimage","url":"https:\/\/i.ytimg.com\/vi\/-i15rPnuxsE\/hqdefault.jpg","contentUrl":"https:\/\/i.ytimg.com\/vi\/-i15rPnuxsE\/hqdefault.jpg"},{"@type":"BreadcrumbList","@id":"https:\/\/fpsin.com\/index.php\/2021\/06\/08\/camiseta-atletico-de-madrid-supercopa-europa\/#breadcrumb","itemListElement":[{"@type":"ListItem","position":1,"name":"Portada","item":"https:\/\/fpsin.com\/"},{"@type":"ListItem","position":2,"name":"camiseta atletico de madrid supercopa europa"}]},{"@type":"WebSite","@id":"https:\/\/fpsin.com\/#website","url":"https:\/\/fpsin.com\/","name":"Camiseta de f\u00fatbol Atletico de Madrid 2024 2025 - SuperVigo","description":"Camiseta de Atl\u00e9tico de Madrid - Ofrecemos camiseta del Atl\u00e9tico de Madrid 2024 2025 para adultos y ni\u00f1os. Env\u00edo gratis desde 69\u20ac y personalizar Gratis.","potentialAction":[{"@type":"SearchAction","target":{"@type":"EntryPoint","urlTemplate":"https:\/\/fpsin.com\/?s={search_term_string}"},"query-input":{"@type":"PropertyValueSpecification","valueRequired":true,"valueName":"search_term_string"}}],"inLanguage":"es"},{"@type":"Person","@id":"https:\/\/fpsin.com\/#\/schema\/person\/5ff6c0f8eeacd83e877f7ff3643206c1","name":"istern","image":{"@type":"ImageObject","inLanguage":"es","@id":"https:\/\/fpsin.com\/#\/schema\/person\/image\/","url":"https:\/\/secure.gravatar.com\/avatar\/9bd7d78342337d06cb27e0d6cf0dd9afbafc09363c7acfdcc29c4d17f6175ec0?s=96&d=mm&r=g","contentUrl":"https:\/\/secure.gravatar.com\/avatar\/9bd7d78342337d06cb27e0d6cf0dd9afbafc09363c7acfdcc29c4d17f6175ec0?s=96&d=mm&r=g","caption":"istern"},"sameAs":["https:\/\/fpsin.com"],"url":"https:\/\/fpsin.com\/index.php\/author\/Quetzalxochitl\/"}]}},"_links":{"self":[{"href":"https:\/\/fpsin.com\/index.php\/wp-json\/wp\/v2\/posts\/57","targetHints":{"allow":["GET"]}}],"collection":[{"href":"https:\/\/fpsin.com\/index.php\/wp-json\/wp\/v2\/posts"}],"about":[{"href":"https:\/\/fpsin.com\/index.php\/wp-json\/wp\/v2\/types\/post"}],"author":[{"embeddable":true,"href":"https:\/\/fpsin.com\/index.php\/wp-json\/wp\/v2\/users\/1"}],"replies":[{"embeddable":true,"href":"https:\/\/fpsin.com\/index.php\/wp-json\/wp\/v2\/comments?post=57"}],"version-history":[{"count":2,"href":"https:\/\/fpsin.com\/index.php\/wp-json\/wp\/v2\/posts\/57\/revisions"}],"predecessor-version":[{"id":4069,"href":"https:\/\/fpsin.com\/index.php\/wp-json\/wp\/v2\/posts\/57\/revisions\/4069"}],"wp:attachment":[{"href":"https:\/\/fpsin.com\/index.php\/wp-json\/wp\/v2\/media?parent=57"}],"wp:term":[{"taxonomy":"category","embeddable":true,"href":"https:\/\/fpsin.com\/index.php\/wp-json\/wp\/v2\/categories?post=57"},{"taxonomy":"post_tag","embeddable":true,"href":"https:\/\/fpsin.com\/index.php\/wp-json\/wp\/v2\/tags?post=57"}],"curies":[{"name":"wp","href":"https:\/\/api.w.org\/{rel}","templated":true}]}}