{"id":773,"date":"2021-06-09T07:43:15","date_gmt":"2021-06-09T06:43:15","guid":{"rendered":"http:\/\/fpsin.com\/?p=773"},"modified":"2021-06-09T07:43:15","modified_gmt":"2021-06-09T06:43:15","slug":"futbol-factory-camiseta-atletico-de-madrid","status":"publish","type":"post","link":"https:\/\/fpsin.com\/index.php\/2021\/06\/09\/futbol-factory-camiseta-atletico-de-madrid\/","title":{"rendered":"futbol factory camiseta atletico de madrid"},"content":{"rendered":"<p> El caso de Lucas Hern\u00e1ndez es m\u00e1s delicado, despu\u00e9s de que se conociera que el Bayern de M\u00fanich est\u00e1 interesado. 9.42 horas. El Bayern ya planea su ofensiva al Manchester City para hacerse con los servicios de Leroy San\u00e9. Luis Su\u00e1rez, acompa\u00f1ado de Lemar y de Correa, fue la principal referencia ofensiva de los rojiblancos. El choque cab\u00f3 con empate a uno tras los goles de Juan Bautista Ag\u00fcero, que acaba de llegar al club, y uruguayo Luis Cubilla, exfutbolista del Barcelona. En el anterior, FCC se encargaba de hacer la obra a cambio de desarrollar las viviendas en los terrenos del actual campo y en el enorme solar que ocupaba la hist\u00f3rica f\u00e1brica de Mahou. El Eibar no ha precisado cu\u00e1nto tiempo estar\u00e1 alejado de los terrenos de juego, aunque es seguro que Manu del Moral ser\u00e1 baja para el partido contra el Deportivo de La Coru\u00f1a del viernes en Riazor. A veces los comentarios del propietario eran incorrectos.<\/p>\n<p> Manu del Moral ha marcado 3 goles con el Eibar en los 14 partidos ligueros (10 de ellos como titular) que ha disputado en el debut de los azulgranas en Primera Divisi\u00f3n. La Hoya Lorca luci\u00f3 esta camiseta durante la temporada 2013\/14, por la cual se rebautiz\u00f3 al equipo como el &#8216;Br\u00f3coli mec\u00e1nico&#8217;. La firma lorquina tambi\u00e9n fue la encargada de dise\u00f1ar la popular camiseta con las jamones ib\u00e9ricos del Guijuelo, otro modelo que fue bien aceptado por los amantes de las camisetas. La camiseta a rayas con el degradado de azul a fucsia pasando por el morado es bastante original, y de lejos durante el juego debe ser bastante bonita. La pr\u00f3xima semana le colocar\u00e1n una m\u00e1scara protectora en la cara, con la que podr\u00e1 hacer vida normal y, en cuanto pueda, seguir\u00e1 ejercit\u00e1ndose para no perder la forma f\u00edsica durante el tiempo que necesite para recuperarse. Sus estiramientos durante el calentamiento, los partidos o detr\u00e1s del banquillo son un espect\u00e1culo.<\/p>\n<p> El nuevo deseo del t\u00e9cnico vasco es Rub\u00e9n Dias, <a href=\"https:\/\/supervigo.com\/\" >camisetas de futbol 2022<\/a> joven central del Benfica. El defensa central del Ajax lo tiene pr\u00e1cticamente hecho con la Juve seg\u00fan distintos medios italianos. El central colombiano volver\u00e1 a Italia tras su fallida aventura en el Barcelona. 11.30. horas.\u00a1Ojo al plan que prepara el Barcelona para fichar a Neymar! Claro que la dependencia en exclusiva de dos cazadores que marchan al monte sin armas para apresar algo para llevarse a la boca hace que sea casi imposible aumentar las provisiones. Escrito por An\u00f3nimo, a las s\u00e1b mar 31, 02:35:00 a. Nos encontramos con muchos clubes que han pasado las mismas situaciones. El mediapunta del Eibar se lesion\u00f3 tras recibir un cabezazo de Gim\u00e9nez en la pugna por un bal\u00f3n a\u00e9reo al final de la primera parte del partido Eibar-Atl\u00e9tico de Madrid disputado el pasado s\u00e1bado en el campo de Ipurua. Carrasco adelant\u00f3 a su equipo en los primeros minutos del partido.<\/p>\n<p style=\"text-align:center; clear:both;\"><iframe width='640' height='360' src='https:\/\/www.youtube.com\/embed\/XeRnok1M6iI' frameborder='0' allowfullscreen title='escuela de futbol atletico de madrid majadahonda'><\/iframe><\/p>\n<p> Adem\u00e1s, la directiva dio un toque de atenci\u00f3n a la plantilla y el propio presidente, Juan Touz\u00f3n, viaj\u00f3 con el equipo al siguiente partido. Adem\u00e1s, esta campa\u00f1a, Da\u00e9n Sport vestir\u00e1 a la Lorca Deportiva y el Atl\u00e9tico Pulpile\u00f1o. Est\u00e1n guays. Por cierto, la primera equipaci\u00f3n de la Lorca Deportiva es mejor que la de muchos equipos de Primera. Es un jugador experimentado en Primera Divisi\u00f3n, categor\u00eda en la que ha jugado con el Atl\u00e9tico de Madrid, Getafe, Sevilla, Elche y Eibar, que aporta calidad ofensiva, lo que agradece el conjunto azulgrana, un reci\u00e9n ascendido. El PSG le dedica un v\u00eddeo en Twitter con im\u00e1genes de su primera semana y su integraci\u00f3n en el gigante franc\u00e9s. Seg\u00fan Daily Mail, el Manchester United ha subido el precio por el centrocampista franc\u00e9s 30 millones de euros m\u00e1s hasta pedir 180 millones de libras. Seg\u00fan el diario BILD, los cul\u00e9s quieren hacer un trueque de 3 jugadores por el brasile\u00f1o y as\u00ed costear el traspaso. Diego Costa fue uno de los nombres propios de la Liga que el Atl\u00e9tico de Madrid conquist\u00f3 en la temporada 2013\/14, cuando lleg\u00f3 a sumar 27 goles en la competici\u00f3n dom\u00e9stica. La situaci\u00f3n del equipo era catastr\u00f3fica, siendo el segundo peor inicio de Liga de la historia para el Athletic.<\/p>\n<p> A la siguiente temporada se fue al MetroStars de Nueva York (los actuales Red Bull), donde se hizo amigo de juerga de Dennis Rodman, del rapero Puff Daddy y asisti\u00f3 a fiestas de Hugh Hefner. Manu del Moral, nacido en Ja\u00e9n hace 30 a\u00f1os, pertenece al Sevilla, club que lo ha cedido esta temporada al Eibar. 21 a\u00f1os despu\u00e9s contin\u00faa batiendo r\u00e9cords de longevidad y ha renovado su contrato para seguir en activo una temporada m\u00e1s. Se habla de 70 millones de euros y un contrato de 5 a\u00f1os. La prensa germana habla de hasta 165 millones de desembolso. En la de ayer, el todav\u00eda t\u00e9cnico rojiblanco insist\u00eda en continuar con un proyecto en el que dice mantener plena confianza y cuestion\u00f3 la \u00e9tica de la prensa y del club. Pero la aparici\u00f3n del Arsenal est\u00e1 tentando al portugu\u00e9s. Mientras tanto, el jugador azulgrana se qued\u00f3 tumbado en el suelo doli\u00e9ndose por el golpe, hasta que el \u00e1rbitro par\u00f3 el encuentro alertado por un jugador del Atl\u00e9tico.<\/p>\n<p>Si usted am\u00f3 este poste y usted ciertamente como para recibir detalles adicionales referente <a href=\"https:\/\/supervigo.com\/\">supervigo.com<\/a> amablemente visita el Web page.<\/p>\n","protected":false},"excerpt":{"rendered":"<p>El caso de Lucas Hern\u00e1ndez es m\u00e1s delicado, despu\u00e9s de que se conociera que el Bayern de M\u00fanich est\u00e1 interesado. 9.42 horas. El Bayern ya planea su ofensiva al Manchester City para hacerse con los servicios de Leroy San\u00e9. Luis Su\u00e1rez, acompa\u00f1ado de Lemar y de Correa, fue la principal referencia ofensiva de los rojiblancos. [&hellip;]<\/p>\n","protected":false},"author":1,"featured_media":0,"comment_status":"open","ping_status":"open","sticky":false,"template":"","format":"standard","meta":{"footnotes":""},"categories":[1],"tags":[485,483,484],"class_list":["post-773","post","type-post","status-publish","format-standard","hentry","category-uncategorized","tag-atletico-de-madrid-champions","tag-camiseta-futre-atletico-madrid","tag-tienda-atletico-de-madrid-gran-via-telefono"],"blocksy_meta":[],"yoast_head":"<!-- This site is optimized with the Yoast SEO plugin v25.8 - https:\/\/yoast.com\/wordpress\/plugins\/seo\/ -->\n<title>futbol factory camiseta atletico de madrid - Camiseta de f\u00fatbol Atletico de Madrid 2024 2025 - SuperVigo<\/title>\n<meta name=\"robots\" content=\"index, follow, max-snippet:-1, max-image-preview:large, max-video-preview:-1\" \/>\n<link rel=\"canonical\" href=\"https:\/\/fpsin.com\/index.php\/2021\/06\/09\/futbol-factory-camiseta-atletico-de-madrid\/\" \/>\n<meta property=\"og:locale\" content=\"es_ES\" \/>\n<meta property=\"og:type\" content=\"article\" \/>\n<meta property=\"og:title\" content=\"futbol factory camiseta atletico de madrid - Camiseta de f\u00fatbol Atletico de Madrid 2024 2025 - SuperVigo\" \/>\n<meta property=\"og:description\" content=\"El caso de Lucas Hern\u00e1ndez es m\u00e1s delicado, despu\u00e9s de que se conociera que el Bayern de M\u00fanich est\u00e1 interesado. 9.42 horas. El Bayern ya planea su ofensiva al Manchester City para hacerse con los servicios de Leroy San\u00e9. Luis Su\u00e1rez, acompa\u00f1ado de Lemar y de Correa, fue la principal referencia ofensiva de los rojiblancos. [&hellip;]\" \/>\n<meta property=\"og:url\" content=\"https:\/\/fpsin.com\/index.php\/2021\/06\/09\/futbol-factory-camiseta-atletico-de-madrid\/\" \/>\n<meta property=\"og:site_name\" content=\"Camiseta de f\u00fatbol Atletico de Madrid 2024 2025 - SuperVigo\" \/>\n<meta property=\"article:published_time\" content=\"2021-06-09T06:43:15+00:00\" \/>\n<meta name=\"author\" content=\"istern\" \/>\n<meta name=\"twitter:card\" content=\"summary_large_image\" \/>\n<meta name=\"twitter:label1\" content=\"Escrito por\" \/>\n\t<meta name=\"twitter:data1\" content=\"istern\" \/>\n\t<meta name=\"twitter:label2\" content=\"Tiempo de lectura\" \/>\n\t<meta name=\"twitter:data2\" content=\"5 minutos\" \/>\n<script type=\"application\/ld+json\" class=\"yoast-schema-graph\">{\"@context\":\"https:\/\/schema.org\",\"@graph\":[{\"@type\":\"WebPage\",\"@id\":\"https:\/\/fpsin.com\/index.php\/2021\/06\/09\/futbol-factory-camiseta-atletico-de-madrid\/\",\"url\":\"https:\/\/fpsin.com\/index.php\/2021\/06\/09\/futbol-factory-camiseta-atletico-de-madrid\/\",\"name\":\"futbol factory camiseta atletico de madrid - Camiseta de f\u00fatbol Atletico de Madrid 2024 2025 - SuperVigo\",\"isPartOf\":{\"@id\":\"https:\/\/fpsin.com\/#website\"},\"datePublished\":\"2021-06-09T06:43:15+00:00\",\"author\":{\"@id\":\"https:\/\/fpsin.com\/#\/schema\/person\/5ff6c0f8eeacd83e877f7ff3643206c1\"},\"breadcrumb\":{\"@id\":\"https:\/\/fpsin.com\/index.php\/2021\/06\/09\/futbol-factory-camiseta-atletico-de-madrid\/#breadcrumb\"},\"inLanguage\":\"es\",\"potentialAction\":[{\"@type\":\"ReadAction\",\"target\":[\"https:\/\/fpsin.com\/index.php\/2021\/06\/09\/futbol-factory-camiseta-atletico-de-madrid\/\"]}]},{\"@type\":\"BreadcrumbList\",\"@id\":\"https:\/\/fpsin.com\/index.php\/2021\/06\/09\/futbol-factory-camiseta-atletico-de-madrid\/#breadcrumb\",\"itemListElement\":[{\"@type\":\"ListItem\",\"position\":1,\"name\":\"Portada\",\"item\":\"https:\/\/fpsin.com\/\"},{\"@type\":\"ListItem\",\"position\":2,\"name\":\"futbol factory camiseta atletico de madrid\"}]},{\"@type\":\"WebSite\",\"@id\":\"https:\/\/fpsin.com\/#website\",\"url\":\"https:\/\/fpsin.com\/\",\"name\":\"Camiseta de f\u00fatbol Atletico de Madrid 2024 2025 - SuperVigo\",\"description\":\"Camiseta de Atl\u00e9tico de Madrid - Ofrecemos camiseta del Atl\u00e9tico de Madrid 2024 2025 para adultos y ni\u00f1os. Env\u00edo gratis desde 69\u20ac y personalizar Gratis.\",\"potentialAction\":[{\"@type\":\"SearchAction\",\"target\":{\"@type\":\"EntryPoint\",\"urlTemplate\":\"https:\/\/fpsin.com\/?s={search_term_string}\"},\"query-input\":{\"@type\":\"PropertyValueSpecification\",\"valueRequired\":true,\"valueName\":\"search_term_string\"}}],\"inLanguage\":\"es\"},{\"@type\":\"Person\",\"@id\":\"https:\/\/fpsin.com\/#\/schema\/person\/5ff6c0f8eeacd83e877f7ff3643206c1\",\"name\":\"istern\",\"image\":{\"@type\":\"ImageObject\",\"inLanguage\":\"es\",\"@id\":\"https:\/\/fpsin.com\/#\/schema\/person\/image\/\",\"url\":\"https:\/\/secure.gravatar.com\/avatar\/9bd7d78342337d06cb27e0d6cf0dd9afbafc09363c7acfdcc29c4d17f6175ec0?s=96&d=mm&r=g\",\"contentUrl\":\"https:\/\/secure.gravatar.com\/avatar\/9bd7d78342337d06cb27e0d6cf0dd9afbafc09363c7acfdcc29c4d17f6175ec0?s=96&d=mm&r=g\",\"caption\":\"istern\"},\"sameAs\":[\"https:\/\/fpsin.com\"],\"url\":\"https:\/\/fpsin.com\/index.php\/author\/Quetzalxochitl\/\"}]}<\/script>\n<!-- \/ Yoast SEO plugin. -->","yoast_head_json":{"title":"futbol factory camiseta atletico de madrid - Camiseta de f\u00fatbol Atletico de Madrid 2024 2025 - SuperVigo","robots":{"index":"index","follow":"follow","max-snippet":"max-snippet:-1","max-image-preview":"max-image-preview:large","max-video-preview":"max-video-preview:-1"},"canonical":"https:\/\/fpsin.com\/index.php\/2021\/06\/09\/futbol-factory-camiseta-atletico-de-madrid\/","og_locale":"es_ES","og_type":"article","og_title":"futbol factory camiseta atletico de madrid - Camiseta de f\u00fatbol Atletico de Madrid 2024 2025 - SuperVigo","og_description":"El caso de Lucas Hern\u00e1ndez es m\u00e1s delicado, despu\u00e9s de que se conociera que el Bayern de M\u00fanich est\u00e1 interesado. 9.42 horas. El Bayern ya planea su ofensiva al Manchester City para hacerse con los servicios de Leroy San\u00e9. Luis Su\u00e1rez, acompa\u00f1ado de Lemar y de Correa, fue la principal referencia ofensiva de los rojiblancos. [&hellip;]","og_url":"https:\/\/fpsin.com\/index.php\/2021\/06\/09\/futbol-factory-camiseta-atletico-de-madrid\/","og_site_name":"Camiseta de f\u00fatbol Atletico de Madrid 2024 2025 - SuperVigo","article_published_time":"2021-06-09T06:43:15+00:00","author":"istern","twitter_card":"summary_large_image","twitter_misc":{"Escrito por":"istern","Tiempo de lectura":"5 minutos"},"schema":{"@context":"https:\/\/schema.org","@graph":[{"@type":"WebPage","@id":"https:\/\/fpsin.com\/index.php\/2021\/06\/09\/futbol-factory-camiseta-atletico-de-madrid\/","url":"https:\/\/fpsin.com\/index.php\/2021\/06\/09\/futbol-factory-camiseta-atletico-de-madrid\/","name":"futbol factory camiseta atletico de madrid - Camiseta de f\u00fatbol Atletico de Madrid 2024 2025 - SuperVigo","isPartOf":{"@id":"https:\/\/fpsin.com\/#website"},"datePublished":"2021-06-09T06:43:15+00:00","author":{"@id":"https:\/\/fpsin.com\/#\/schema\/person\/5ff6c0f8eeacd83e877f7ff3643206c1"},"breadcrumb":{"@id":"https:\/\/fpsin.com\/index.php\/2021\/06\/09\/futbol-factory-camiseta-atletico-de-madrid\/#breadcrumb"},"inLanguage":"es","potentialAction":[{"@type":"ReadAction","target":["https:\/\/fpsin.com\/index.php\/2021\/06\/09\/futbol-factory-camiseta-atletico-de-madrid\/"]}]},{"@type":"BreadcrumbList","@id":"https:\/\/fpsin.com\/index.php\/2021\/06\/09\/futbol-factory-camiseta-atletico-de-madrid\/#breadcrumb","itemListElement":[{"@type":"ListItem","position":1,"name":"Portada","item":"https:\/\/fpsin.com\/"},{"@type":"ListItem","position":2,"name":"futbol factory camiseta atletico de madrid"}]},{"@type":"WebSite","@id":"https:\/\/fpsin.com\/#website","url":"https:\/\/fpsin.com\/","name":"Camiseta de f\u00fatbol Atletico de Madrid 2024 2025 - SuperVigo","description":"Camiseta de Atl\u00e9tico de Madrid - Ofrecemos camiseta del Atl\u00e9tico de Madrid 2024 2025 para adultos y ni\u00f1os. Env\u00edo gratis desde 69\u20ac y personalizar Gratis.","potentialAction":[{"@type":"SearchAction","target":{"@type":"EntryPoint","urlTemplate":"https:\/\/fpsin.com\/?s={search_term_string}"},"query-input":{"@type":"PropertyValueSpecification","valueRequired":true,"valueName":"search_term_string"}}],"inLanguage":"es"},{"@type":"Person","@id":"https:\/\/fpsin.com\/#\/schema\/person\/5ff6c0f8eeacd83e877f7ff3643206c1","name":"istern","image":{"@type":"ImageObject","inLanguage":"es","@id":"https:\/\/fpsin.com\/#\/schema\/person\/image\/","url":"https:\/\/secure.gravatar.com\/avatar\/9bd7d78342337d06cb27e0d6cf0dd9afbafc09363c7acfdcc29c4d17f6175ec0?s=96&d=mm&r=g","contentUrl":"https:\/\/secure.gravatar.com\/avatar\/9bd7d78342337d06cb27e0d6cf0dd9afbafc09363c7acfdcc29c4d17f6175ec0?s=96&d=mm&r=g","caption":"istern"},"sameAs":["https:\/\/fpsin.com"],"url":"https:\/\/fpsin.com\/index.php\/author\/Quetzalxochitl\/"}]}},"_links":{"self":[{"href":"https:\/\/fpsin.com\/index.php\/wp-json\/wp\/v2\/posts\/773","targetHints":{"allow":["GET"]}}],"collection":[{"href":"https:\/\/fpsin.com\/index.php\/wp-json\/wp\/v2\/posts"}],"about":[{"href":"https:\/\/fpsin.com\/index.php\/wp-json\/wp\/v2\/types\/post"}],"author":[{"embeddable":true,"href":"https:\/\/fpsin.com\/index.php\/wp-json\/wp\/v2\/users\/1"}],"replies":[{"embeddable":true,"href":"https:\/\/fpsin.com\/index.php\/wp-json\/wp\/v2\/comments?post=773"}],"version-history":[{"count":1,"href":"https:\/\/fpsin.com\/index.php\/wp-json\/wp\/v2\/posts\/773\/revisions"}],"predecessor-version":[{"id":774,"href":"https:\/\/fpsin.com\/index.php\/wp-json\/wp\/v2\/posts\/773\/revisions\/774"}],"wp:attachment":[{"href":"https:\/\/fpsin.com\/index.php\/wp-json\/wp\/v2\/media?parent=773"}],"wp:term":[{"taxonomy":"category","embeddable":true,"href":"https:\/\/fpsin.com\/index.php\/wp-json\/wp\/v2\/categories?post=773"},{"taxonomy":"post_tag","embeddable":true,"href":"https:\/\/fpsin.com\/index.php\/wp-json\/wp\/v2\/tags?post=773"}],"curies":[{"name":"wp","href":"https:\/\/api.w.org\/{rel}","templated":true}]}}