{"id":981,"date":"2021-06-09T08:11:00","date_gmt":"2021-06-09T07:11:00","guid":{"rendered":"http:\/\/fpsin.com\/?p=981"},"modified":"2021-06-09T08:11:00","modified_gmt":"2021-06-09T07:11:00","slug":"tienda-de-atletico-de-madrid-online","status":"publish","type":"post","link":"https:\/\/fpsin.com\/index.php\/2021\/06\/09\/tienda-de-atletico-de-madrid-online\/","title":{"rendered":"tienda de atletico de madrid online"},"content":{"rendered":"<p> Adidas ha creado para el Betis una equipaci\u00f3n de un verde algo m\u00e1s claro que otras veces, en la que destaca que por primera vez en muchos a\u00f1os, el blanco predomina m\u00e1s que el verde. As\u00ed se fij\u00f3 la reanudaci\u00f3n de la Liga de Campeones para el mes de agosto, con un formato a partir de cuartos de final a partido \u00fanico en una misma sede, Lisboa. Sin cambios \u2014pese a muchas especulaciones\u2014 se afront\u00f3 el resto de la temporada, tres a\u00f1os despu\u00e9s de Kiev, momento desde el cual se alarga el cambio generacional, y ya s\u00f3lo con Liga y Liga de Campeones como competiciones en liza. Para competici\u00f3n europea, porta en la manga derecha el logo de la Liga de Campeones de la UEFA y en la izquierda el emblema que le acredita como trece veces campe\u00f3n de Europa. El equipo continu\u00f3 con la aclimataci\u00f3n a la nueva competici\u00f3n y concentr\u00f3 trabajos en solidez y conjunto.<\/p>\n<p> Los altos gastos y la no clasificaci\u00f3n del equipo a competici\u00f3n europea por segunda vez en su historia desde que se instaurasen esos torneos provocaron la dimisi\u00f3n de la presidencia de Ram\u00f3n Mendoza. Consigui\u00f3 pese a ello vencer una Copa del Rey en la edici\u00f3n 1992-93, que fue la que inici\u00f3 una larga sequ\u00eda de t\u00edtulos en dos d\u00e9cadas en esta competici\u00f3n. Iv\u00e1n Zamorano, el equipo logr\u00f3 vencer el campeonato de liga 1994-95 y romper as\u00ed la hegemon\u00eda barcelonista en la competici\u00f3n. El 4 de octubre el equipo femenino disput\u00f3 el primer partido oficial de su historia, correspondiente al campeonato nacional de liga. \u00abFase nacional de la Copa Regiones 2014 (Madrid-Melilla)\u00bb. La siguiente temporada 1969\/70 trajo un doblete: Liga y Copa del General\u00edsimo. A\u00fan acoplando las \u00faltimas incorporaciones y fundamentos de base, encaj\u00f3 dos nuevas derrotas denotando la dificultad y trabajo que definir\u00e1 la temporada y el objetivo de la permanencia. En el plano baloncest\u00edstico mantuvo la l\u00ednea de buenos resultados y se alz\u00f3 con su octava Copa de Europa y con dos nuevas Recopas de Europa (1992 y 1997) para ser en ambas competiciones el equipo m\u00e1s laureado.<\/p>\n<div style=\"clear:both; text-align:center\"><iframe loading=\"lazy\" width=\"640\" height=\"360\" src=\"https:\/\/www.youtube.com\/embed\/wGhuY5tE0W8?modestbranding=1\" frameborder=\"0\" allowfullscreen title=\"Tertulia\"><\/iframe><\/div>\n<p> Los equipos que representan a pa\u00edses en competiciones internacionales suelen optar por los colores nacionales, al igual que otros equipos que representan a la misma naci\u00f3n en otros deportes. Entre 1939 y 1941 ech\u00f3 a andar tambi\u00e9n Nacional de Reaseguros y desde entonces afirma que \u00abno ha cambiado sus principios fundacionales\u00bb. \u00c9sta, la primera bajo el actual formato de Euroliga y tras disputar su tercera final consecutiva, complet\u00f3 la tercera triple corona de su palmar\u00e9s y su und\u00e9cimo doblete nacional. Le sustituy\u00f3 Javier Clemente, <a href=\"https:\/\/supervigo.com\/\">supervigo<\/a> quien se sentaba por tercera vez en el banquillo rojiblanco. Fue el a\u00f1o en el que finalmente y tras treinta y dos a\u00f1os de espera el Real Madrid C. F. volvi\u00f3 a proclamarse vencedor tras derrotar por 1-0 al Juventus F. C., quien acced\u00eda a su tercera final consecutiva. Al a\u00f1o siguiente conquist\u00f3 su segunda Recopa de Europa en lo que para muchos entendidos de este deporte fue el mejor partido de baloncesto visto hasta la fecha en el viejo continente.<\/p>\n<p> Sus altos registros goleadores le hicieron ascender r\u00e1pidamente por las categor\u00edas inferiores hasta ser el jugador m\u00e1s joven en debutar en liga con la camiseta blanca. Los medios se\u00f1alaron al belga Thibaut Courtois como uno de los jugadores clave, al ser el guardameta menos goleado del torneo, y junto a los capitanes Sergio Ramos y Karim Benzema como los m\u00e1s destacados del \u00e9xito del equipo. Como preparaci\u00f3n para la Liga, el Atl\u00e9tico Aviaci\u00f3n disput\u00f3 varios partidos amistosos. Los partidos entre Nacional y Pe\u00f1arol se encuentran entre los tres cl\u00e1sicos m\u00e1s atractivos del mundo, de acuerdo con la revista brit\u00e1nica FourFourTwo. Adem\u00e1s de las modificaciones se\u00f1aladas, <a href='https:\/\/supervigo.com\/'>supervigo.com<\/a> el uniforme titular de Nacional pr\u00e1cticamente no sufri\u00f3 variaciones a lo largo de la historia. El Real Madrid ha vestido siempre completamente de blanco con la excepci\u00f3n de alg\u00fan complemento del uniforme durante breves a\u00f1os. En el minuto 56, un tremendo zapatazo de Diego Ribas desde fuera del \u00e1rea se col\u00f3 por la escuadra de Pinto. Una tr\u00e1gica paradoja cruz\u00f3 nuevamente los caminos de dos de los m\u00e1s grandes baloncestistas de la historia del club: Dra\u017een Petrovi\u0107 falleci\u00f3 en Alemania en similares circunstancias a las de Fernando apenas un a\u00f1o despu\u00e9s.<\/p>\n<p>En el caso de que usted amado este art\u00edculo informativo junto con usted desea ser dado m\u00e1s informaci\u00f3n sobre <a href=\"https:\/\/supervigo.com\/es_ES\/taxons\/atletico-de-madrid-es-05\">tienda atletico de madrid<\/a> <a href=\"https:\/\/supervigo.com\/es_ES\/taxons\/atletico-de-madrid-es-05\">tienda atletico de madrid<\/a> le imploro que detenga por nuestra p\u00e1gina.<\/p>\n","protected":false},"excerpt":{"rendered":"<p>Adidas ha creado para el Betis una equipaci\u00f3n de un verde algo m\u00e1s claro que otras veces, en la que destaca que por primera vez en muchos a\u00f1os, el blanco predomina m\u00e1s que el verde. As\u00ed se fij\u00f3 la reanudaci\u00f3n de la Liga de Campeones para el mes de agosto, con un formato a partir [&hellip;]<\/p>\n","protected":false},"author":1,"featured_media":0,"comment_status":"open","ping_status":"open","sticky":false,"template":"","format":"standard","meta":{"footnotes":""},"categories":[1],"tags":[604,603,605],"class_list":["post-981","post","type-post","status-publish","format-standard","hentry","category-uncategorized","tag-comprar-equipacion-atletico-de-madrid-2019","tag-tienda-oficial-atletico-de-madrid-gran-via","tag-www-atletico-de-madrid"],"blocksy_meta":[],"yoast_head":"<!-- This site is optimized with the Yoast SEO plugin v25.8 - https:\/\/yoast.com\/wordpress\/plugins\/seo\/ -->\n<title>tienda de atletico de madrid online - Camiseta de f\u00fatbol Atletico de Madrid 2024 2025 - SuperVigo<\/title>\n<meta name=\"robots\" content=\"index, follow, max-snippet:-1, max-image-preview:large, max-video-preview:-1\" \/>\n<link rel=\"canonical\" href=\"https:\/\/fpsin.com\/index.php\/2021\/06\/09\/tienda-de-atletico-de-madrid-online\/\" \/>\n<meta property=\"og:locale\" content=\"es_ES\" \/>\n<meta property=\"og:type\" content=\"article\" \/>\n<meta property=\"og:title\" content=\"tienda de atletico de madrid online - Camiseta de f\u00fatbol Atletico de Madrid 2024 2025 - SuperVigo\" \/>\n<meta property=\"og:description\" content=\"Adidas ha creado para el Betis una equipaci\u00f3n de un verde algo m\u00e1s claro que otras veces, en la que destaca que por primera vez en muchos a\u00f1os, el blanco predomina m\u00e1s que el verde. As\u00ed se fij\u00f3 la reanudaci\u00f3n de la Liga de Campeones para el mes de agosto, con un formato a partir [&hellip;]\" \/>\n<meta property=\"og:url\" content=\"https:\/\/fpsin.com\/index.php\/2021\/06\/09\/tienda-de-atletico-de-madrid-online\/\" \/>\n<meta property=\"og:site_name\" content=\"Camiseta de f\u00fatbol Atletico de Madrid 2024 2025 - SuperVigo\" \/>\n<meta property=\"article:published_time\" content=\"2021-06-09T07:11:00+00:00\" \/>\n<meta name=\"author\" content=\"istern\" \/>\n<meta name=\"twitter:card\" content=\"summary_large_image\" \/>\n<meta name=\"twitter:label1\" content=\"Escrito por\" \/>\n\t<meta name=\"twitter:data1\" content=\"istern\" \/>\n\t<meta name=\"twitter:label2\" content=\"Tiempo de lectura\" \/>\n\t<meta name=\"twitter:data2\" content=\"4 minutos\" \/>\n<script type=\"application\/ld+json\" class=\"yoast-schema-graph\">{\"@context\":\"https:\/\/schema.org\",\"@graph\":[{\"@type\":\"WebPage\",\"@id\":\"https:\/\/fpsin.com\/index.php\/2021\/06\/09\/tienda-de-atletico-de-madrid-online\/\",\"url\":\"https:\/\/fpsin.com\/index.php\/2021\/06\/09\/tienda-de-atletico-de-madrid-online\/\",\"name\":\"tienda de atletico de madrid online - Camiseta de f\u00fatbol Atletico de Madrid 2024 2025 - SuperVigo\",\"isPartOf\":{\"@id\":\"https:\/\/fpsin.com\/#website\"},\"datePublished\":\"2021-06-09T07:11:00+00:00\",\"author\":{\"@id\":\"https:\/\/fpsin.com\/#\/schema\/person\/5ff6c0f8eeacd83e877f7ff3643206c1\"},\"breadcrumb\":{\"@id\":\"https:\/\/fpsin.com\/index.php\/2021\/06\/09\/tienda-de-atletico-de-madrid-online\/#breadcrumb\"},\"inLanguage\":\"es\",\"potentialAction\":[{\"@type\":\"ReadAction\",\"target\":[\"https:\/\/fpsin.com\/index.php\/2021\/06\/09\/tienda-de-atletico-de-madrid-online\/\"]}]},{\"@type\":\"BreadcrumbList\",\"@id\":\"https:\/\/fpsin.com\/index.php\/2021\/06\/09\/tienda-de-atletico-de-madrid-online\/#breadcrumb\",\"itemListElement\":[{\"@type\":\"ListItem\",\"position\":1,\"name\":\"Portada\",\"item\":\"https:\/\/fpsin.com\/\"},{\"@type\":\"ListItem\",\"position\":2,\"name\":\"tienda de atletico de madrid online\"}]},{\"@type\":\"WebSite\",\"@id\":\"https:\/\/fpsin.com\/#website\",\"url\":\"https:\/\/fpsin.com\/\",\"name\":\"Camiseta de f\u00fatbol Atletico de Madrid 2024 2025 - SuperVigo\",\"description\":\"Camiseta de Atl\u00e9tico de Madrid - Ofrecemos camiseta del Atl\u00e9tico de Madrid 2024 2025 para adultos y ni\u00f1os. Env\u00edo gratis desde 69\u20ac y personalizar Gratis.\",\"potentialAction\":[{\"@type\":\"SearchAction\",\"target\":{\"@type\":\"EntryPoint\",\"urlTemplate\":\"https:\/\/fpsin.com\/?s={search_term_string}\"},\"query-input\":{\"@type\":\"PropertyValueSpecification\",\"valueRequired\":true,\"valueName\":\"search_term_string\"}}],\"inLanguage\":\"es\"},{\"@type\":\"Person\",\"@id\":\"https:\/\/fpsin.com\/#\/schema\/person\/5ff6c0f8eeacd83e877f7ff3643206c1\",\"name\":\"istern\",\"image\":{\"@type\":\"ImageObject\",\"inLanguage\":\"es\",\"@id\":\"https:\/\/fpsin.com\/#\/schema\/person\/image\/\",\"url\":\"https:\/\/secure.gravatar.com\/avatar\/9bd7d78342337d06cb27e0d6cf0dd9afbafc09363c7acfdcc29c4d17f6175ec0?s=96&d=mm&r=g\",\"contentUrl\":\"https:\/\/secure.gravatar.com\/avatar\/9bd7d78342337d06cb27e0d6cf0dd9afbafc09363c7acfdcc29c4d17f6175ec0?s=96&d=mm&r=g\",\"caption\":\"istern\"},\"sameAs\":[\"https:\/\/fpsin.com\"],\"url\":\"https:\/\/fpsin.com\/index.php\/author\/Quetzalxochitl\/\"}]}<\/script>\n<!-- \/ Yoast SEO plugin. -->","yoast_head_json":{"title":"tienda de atletico de madrid online - Camiseta de f\u00fatbol Atletico de Madrid 2024 2025 - SuperVigo","robots":{"index":"index","follow":"follow","max-snippet":"max-snippet:-1","max-image-preview":"max-image-preview:large","max-video-preview":"max-video-preview:-1"},"canonical":"https:\/\/fpsin.com\/index.php\/2021\/06\/09\/tienda-de-atletico-de-madrid-online\/","og_locale":"es_ES","og_type":"article","og_title":"tienda de atletico de madrid online - Camiseta de f\u00fatbol Atletico de Madrid 2024 2025 - SuperVigo","og_description":"Adidas ha creado para el Betis una equipaci\u00f3n de un verde algo m\u00e1s claro que otras veces, en la que destaca que por primera vez en muchos a\u00f1os, el blanco predomina m\u00e1s que el verde. As\u00ed se fij\u00f3 la reanudaci\u00f3n de la Liga de Campeones para el mes de agosto, con un formato a partir [&hellip;]","og_url":"https:\/\/fpsin.com\/index.php\/2021\/06\/09\/tienda-de-atletico-de-madrid-online\/","og_site_name":"Camiseta de f\u00fatbol Atletico de Madrid 2024 2025 - SuperVigo","article_published_time":"2021-06-09T07:11:00+00:00","author":"istern","twitter_card":"summary_large_image","twitter_misc":{"Escrito por":"istern","Tiempo de lectura":"4 minutos"},"schema":{"@context":"https:\/\/schema.org","@graph":[{"@type":"WebPage","@id":"https:\/\/fpsin.com\/index.php\/2021\/06\/09\/tienda-de-atletico-de-madrid-online\/","url":"https:\/\/fpsin.com\/index.php\/2021\/06\/09\/tienda-de-atletico-de-madrid-online\/","name":"tienda de atletico de madrid online - Camiseta de f\u00fatbol Atletico de Madrid 2024 2025 - SuperVigo","isPartOf":{"@id":"https:\/\/fpsin.com\/#website"},"datePublished":"2021-06-09T07:11:00+00:00","author":{"@id":"https:\/\/fpsin.com\/#\/schema\/person\/5ff6c0f8eeacd83e877f7ff3643206c1"},"breadcrumb":{"@id":"https:\/\/fpsin.com\/index.php\/2021\/06\/09\/tienda-de-atletico-de-madrid-online\/#breadcrumb"},"inLanguage":"es","potentialAction":[{"@type":"ReadAction","target":["https:\/\/fpsin.com\/index.php\/2021\/06\/09\/tienda-de-atletico-de-madrid-online\/"]}]},{"@type":"BreadcrumbList","@id":"https:\/\/fpsin.com\/index.php\/2021\/06\/09\/tienda-de-atletico-de-madrid-online\/#breadcrumb","itemListElement":[{"@type":"ListItem","position":1,"name":"Portada","item":"https:\/\/fpsin.com\/"},{"@type":"ListItem","position":2,"name":"tienda de atletico de madrid online"}]},{"@type":"WebSite","@id":"https:\/\/fpsin.com\/#website","url":"https:\/\/fpsin.com\/","name":"Camiseta de f\u00fatbol Atletico de Madrid 2024 2025 - SuperVigo","description":"Camiseta de Atl\u00e9tico de Madrid - Ofrecemos camiseta del Atl\u00e9tico de Madrid 2024 2025 para adultos y ni\u00f1os. Env\u00edo gratis desde 69\u20ac y personalizar Gratis.","potentialAction":[{"@type":"SearchAction","target":{"@type":"EntryPoint","urlTemplate":"https:\/\/fpsin.com\/?s={search_term_string}"},"query-input":{"@type":"PropertyValueSpecification","valueRequired":true,"valueName":"search_term_string"}}],"inLanguage":"es"},{"@type":"Person","@id":"https:\/\/fpsin.com\/#\/schema\/person\/5ff6c0f8eeacd83e877f7ff3643206c1","name":"istern","image":{"@type":"ImageObject","inLanguage":"es","@id":"https:\/\/fpsin.com\/#\/schema\/person\/image\/","url":"https:\/\/secure.gravatar.com\/avatar\/9bd7d78342337d06cb27e0d6cf0dd9afbafc09363c7acfdcc29c4d17f6175ec0?s=96&d=mm&r=g","contentUrl":"https:\/\/secure.gravatar.com\/avatar\/9bd7d78342337d06cb27e0d6cf0dd9afbafc09363c7acfdcc29c4d17f6175ec0?s=96&d=mm&r=g","caption":"istern"},"sameAs":["https:\/\/fpsin.com"],"url":"https:\/\/fpsin.com\/index.php\/author\/Quetzalxochitl\/"}]}},"_links":{"self":[{"href":"https:\/\/fpsin.com\/index.php\/wp-json\/wp\/v2\/posts\/981","targetHints":{"allow":["GET"]}}],"collection":[{"href":"https:\/\/fpsin.com\/index.php\/wp-json\/wp\/v2\/posts"}],"about":[{"href":"https:\/\/fpsin.com\/index.php\/wp-json\/wp\/v2\/types\/post"}],"author":[{"embeddable":true,"href":"https:\/\/fpsin.com\/index.php\/wp-json\/wp\/v2\/users\/1"}],"replies":[{"embeddable":true,"href":"https:\/\/fpsin.com\/index.php\/wp-json\/wp\/v2\/comments?post=981"}],"version-history":[{"count":1,"href":"https:\/\/fpsin.com\/index.php\/wp-json\/wp\/v2\/posts\/981\/revisions"}],"predecessor-version":[{"id":982,"href":"https:\/\/fpsin.com\/index.php\/wp-json\/wp\/v2\/posts\/981\/revisions\/982"}],"wp:attachment":[{"href":"https:\/\/fpsin.com\/index.php\/wp-json\/wp\/v2\/media?parent=981"}],"wp:term":[{"taxonomy":"category","embeddable":true,"href":"https:\/\/fpsin.com\/index.php\/wp-json\/wp\/v2\/categories?post=981"},{"taxonomy":"post_tag","embeddable":true,"href":"https:\/\/fpsin.com\/index.php\/wp-json\/wp\/v2\/tags?post=981"}],"curies":[{"name":"wp","href":"https:\/\/api.w.org\/{rel}","templated":true}]}}